{"id":29973,"date":"2017-10-05T09:02:23","date_gmt":"2017-10-05T12:02:23","guid":{"rendered":"http:\/\/caririemacao.com\/1\/?p=29973"},"modified":"2017-10-05T09:02:23","modified_gmt":"2017-10-05T12:02:23","slug":"senadores-e-deputados-se-reunem-em-jp-para-defender-dnocs","status":"publish","type":"post","link":"https:\/\/www.caririemacao.com\/1\/2017\/10\/05\/senadores-e-deputados-se-reunem-em-jp-para-defender-dnocs\/","title":{"rendered":"Senadores e deputados se re\u00fanem em JP para defender DNOCS"},"content":{"rendered":"<p>A bancada paraibana de senadores e deputados ir\u00e1 se reunir em Jo\u00e3o Pessoa no encontro de coordenadores nacionais do DNOCS (Departamento Nacional de Obras contra\u00a0 a Seca), que ser\u00e1 realizado nesta quinta-feira (05), e sexta-feira (06) no Hotel Verde Green. Foram confirmadas as presen\u00e7as dos senadores Jos\u00e9 Maranh\u00e3o (PMDB), Raimundo Lira (PMDB) e dos deputados da bancada federal e estadual. Na pauta mais verba para o \u00f3rg\u00e3o e o seu fortalecimento pol\u00edtico.<\/p>\n<p>Os parlamentares devem comparecer ao evento na sexta. Nesta quinta se re\u00fanem os coordenadores nacionais do DNOCS nos nove estados que comp\u00f5em o semi\u00e1rido brasileiro.<\/p>\n<p>O senador Jos\u00e9 Maranh\u00e3o (PMDB) ir\u00e1 defender o fortalecimento do DNOCS. Parlamentares de v\u00e1rios estados do Nordeste devem comparecer a Para\u00edba nos pr\u00f3ximos dias 5 e 6 de outubro para participar do I Encontro de Coordenadores Estaduais do DNOCS. Al\u00e9m dos deputados e senadores e dos coordenadores estaduais, o encontro conta ainda com a participa\u00e7\u00e3o do diretor geral do DNOCS, Angelo Jos\u00e9 de Negreiros Guerra.<\/p>\n<p>A inten\u00e7\u00e3o do grupo \u00e9 dar nova visibilidade ao DNOCS, que anda esvaziado na sua estrutura e evitar qualquer \u201cmexida\u201d que traga mais dificuldades para o \u00f3rg\u00e3o. \u201cNo Nordeste qualquer mexida que for dada (no DNOCS) ter\u00e1 que ser no sentido de fortalecer, de restabelecer, o papel do DNOCS que historicamente sempre foi o papel de lideran\u00e7a e condu\u00e7\u00e3o dos processos das pol\u00edticas de recursos h\u00eddricos e de prepara\u00e7\u00e3o da regi\u00e3o para enfrentar o fen\u00f4meno da seca\u201d, argumenta Maranh\u00e3o.<\/p>\n<p>Maranh\u00e3o ressalta que falta empenho para lidar com a seca. \u201cO que tem faltado no Brasil \u00e9 compet\u00eancia e uma pol\u00edtica permanente de prepara\u00e7\u00e3o da regi\u00e3o para enfrentar os fen\u00f4menos clim\u00e1ticos\u201d.<\/p>\n<p>O senador lembra que antes o \u00f3rg\u00e3o teve poderes, recursos e tecnologia para cumprir o papel de constru\u00e7\u00e3o de uma estrutura capaz de resistir aos fen\u00f4menos da seca. \u201cJ\u00e1 que a gente n\u00e3o pode evitar que a seca ocorra, evitam-se os efeitos, fortalece-se a estrutura para que esses efeitos n\u00e3o sejam t\u00e3o danosos, sobretudo na vida das pessoas\u201d, frisa. Vale ressaltar que o DNOCS foi respons\u00e1vel pela constru\u00e7\u00e3o dos maiores a\u00e7udes da regi\u00e3o e at\u00e9 hoje os gerencia.<\/p>\n<p>\u201cMas depois com a cria\u00e7\u00e3o da SUDENE, o DNOCS foi completamente esvaziado, ent\u00e3o por isso, se houver alguma mexida, tem que ser no sentido de restabelecer as fun\u00e7\u00f5es e atribui\u00e7\u00f5es que o DNOCS sempre teve historicamente no papel de preparar a regi\u00e3o para o enfrentamento dos problemas clim\u00e1ticos. Se isso for feito, evidentemente, que ningu\u00e9m tem mais experi\u00eancia e mais expertise do que o DNOCS. Toda obra de a\u00e7udagem, de irriga\u00e7\u00e3o, que conhecemos no nordeste foi elaborada, foi trabalhada pelos t\u00e9cnicos e pelos recursos mat\u00e9rias que \u00e0 \u00e9poca o DNOCS tinha, mas hoje n\u00e3o tem mais\u201d, garante.<\/p>\n<p><strong>Carta de Jo\u00e3o Pessoa<\/strong><\/p>\n<p>Ao final do encontro ser\u00e1 lan\u00e7ada a Carta de Jo\u00e3o Pessoa que deve reivindicar maior or\u00e7amento e for\u00e7a ao \u00f3rg\u00e3o. No entender de Maranh\u00e3o, o encontro \u00e9 fundamental no momento em que o estado est\u00e1 vivendo numa crise \u00a0de seca que j\u00e1 dura seis anos. A seca atinge principalmente o semi\u00e1rido. \u201cOs reservat\u00f3rios ou est\u00e3o secos, vazios, ou est\u00e3o com pouqu\u00edssimas \u00e1guas e n\u00e3o \u00e9 suficiente para atravessar o per\u00edodo do ver\u00e3o. Ent\u00e3o \u00e9 importante que toda essa problem\u00e1tica dos recursos h\u00eddricos seja discutido com a sociedade e especialmente em n\u00edvel dos t\u00e9cnicos que s\u00e3o os respons\u00e1veis pelo abastecimento de \u00e1gua pelo nosso estado e do nordeste\u201d, finalizou o senador.<\/p>\n<p><strong>CARIRI EM A\u00c7\u00c3O<\/strong><\/p>\n<p><em>Com MaisPB \/Foto:Google\u00a0\u00a0 <\/em><\/p>\n<p><strong>Leia mais not\u00edcias em\u00a0<\/strong><a href=\"http:\/\/www.caririemacao.com\/\"><strong>caririemacao.com<\/strong><\/a><strong>, siga nossa p\u00e1gina no\u00a0<\/strong><a href=\"https:\/\/www.facebook.com\/CaririEmAcao\/?ref=aymt_homepage_panel\"><strong>Facebook<\/strong><\/a>,<strong>\u00a0<\/strong><a href=\"https:\/\/www.instagram.com\/cariri_em_acao\/?hl=pt-br\"><strong>Instagram<\/strong><\/a><strong>\u00a0e <\/strong><a href=\"https:\/\/www.youtube.com\/channel\/UCAptA0jQuYQy8vMhLt2m4qg\"><strong>Youtube<\/strong><\/a><strong>\u00a0e veja nossas mat\u00e9rias, v\u00eddeos e fotos. Voc\u00ea tamb\u00e9m pode enviar informa\u00e7\u00f5es \u00e0 Reda\u00e7\u00e3o do Portal Cariri em A\u00e7\u00e3o pelo WhatsApp (83) 9 9634.5791, (83) 9 9601-1162.<\/strong><\/p>\n","protected":false},"excerpt":{"rendered":"<p>A bancada paraibana de senadores e deputados ir\u00e1 se reunir em Jo\u00e3o Pessoa no encontro de coordenadores nacionais do DNOCS (Departamento Nacional de Obras contra\u00a0&hellip; <\/p>\n","protected":false},"author":2,"featured_media":29975,"comment_status":"closed","ping_status":"closed","sticky":false,"template":"","format":"standard","meta":{"sfsi_plus_gutenberg_text_before_share":"","sfsi_plus_gutenberg_show_text_before_share":"","sfsi_plus_gutenberg_icon_type":"","sfsi_plus_gutenberg_icon_alignemt":"","sfsi_plus_gutenburg_max_per_row":"","footnotes":""},"categories":[11],"tags":[],"class_list":["post-29973","post","type-post","status-publish","format-standard","has-post-thumbnail","hentry","category-politica"],"_links":{"self":[{"href":"https:\/\/www.caririemacao.com\/1\/wp-json\/wp\/v2\/posts\/29973","targetHints":{"allow":["GET"]}}],"collection":[{"href":"https:\/\/www.caririemacao.com\/1\/wp-json\/wp\/v2\/posts"}],"about":[{"href":"https:\/\/www.caririemacao.com\/1\/wp-json\/wp\/v2\/types\/post"}],"author":[{"embeddable":true,"href":"https:\/\/www.caririemacao.com\/1\/wp-json\/wp\/v2\/users\/2"}],"replies":[{"embeddable":true,"href":"https:\/\/www.caririemacao.com\/1\/wp-json\/wp\/v2\/comments?post=29973"}],"version-history":[{"count":0,"href":"https:\/\/www.caririemacao.com\/1\/wp-json\/wp\/v2\/posts\/29973\/revisions"}],"wp:featuredmedia":[{"embeddable":true,"href":"https:\/\/www.caririemacao.com\/1\/wp-json\/wp\/v2\/media\/29975"}],"wp:attachment":[{"href":"https:\/\/www.caririemacao.com\/1\/wp-json\/wp\/v2\/media?parent=29973"}],"wp:term":[{"taxonomy":"category","embeddable":true,"href":"https:\/\/www.caririemacao.com\/1\/wp-json\/wp\/v2\/categories?post=29973"},{"taxonomy":"post_tag","embeddable":true,"href":"https:\/\/www.caririemacao.com\/1\/wp-json\/wp\/v2\/tags?post=29973"}],"curies":[{"name":"wp","href":"https:\/\/api.w.org\/{rel}","templated":true}]}}