{"id":29974,"date":"2017-10-05T09:02:32","date_gmt":"2017-10-05T12:02:32","guid":{"rendered":"http:\/\/caririemacao.com\/1\/?p=29974"},"modified":"2017-10-05T09:02:32","modified_gmt":"2017-10-05T12:02:32","slug":"stf-nega-liminar-que-pedia-retorno-de-presos-para-estados-de-origem","status":"publish","type":"post","link":"https:\/\/www.caririemacao.com\/1\/2017\/10\/05\/stf-nega-liminar-que-pedia-retorno-de-presos-para-estados-de-origem\/","title":{"rendered":"STF nega liminar que pedia retorno de presos para estados de origem"},"content":{"rendered":"<p>O ministro do Supremo Tribunal Federal (STF) Alexandre de Moraes negou nesta quarta-feira (4) o pedido de liminar feito pela Defensoria P\u00fablica da Uni\u00e3o (DPU), que pretendia retirar do regime de isolamento carcer\u00e1rio de detentos que est\u00e3o h\u00e1 mais de dois anos em pres\u00eddios federais, obrigando o retorno deles a seus estados de origem.<\/p>\n<p>No pedido de habeas corpus coletivo que chegou ao STF na semana passada, a defensoria argumentou que acordos internacionais e a Lei 11.671, de 2008, limitam o isolamento de 22 horas por dia a um prazo de um ano, prorrog\u00e1vel por mais 365 dias.<\/p>\n<p>O ministro, no entanto, n\u00e3o acatou o argumento. &#8220;Os fatos apontados pela Defensoria P\u00fablica da Uni\u00e3o, em uma primeira an\u00e1lise, n\u00e3o apresentam nenhuma ilegalidade, pois a pr\u00f3pria lei n\u00e3o fixa prazo fatal [vencimento do prazo], mas sim autoriza sucessivas renova\u00e7\u00f5es da manuten\u00e7\u00e3o dos detentos no recolhimento em estabelecimentos penais federais de seguran\u00e7a m\u00e1xima&#8221;, pontuou o Alexandre Moraes.<\/p>\n<p>&#8220;A sociedade brasileira est\u00e1 farta do aumento da inseguran\u00e7a p\u00fablica e da falta de integra\u00e7\u00e3o entre Uni\u00e3o, Estados e Munic\u00edpios, com in\u00fameras discuss\u00f5es est\u00e9reis e pouqu\u00edssimas inova\u00e7\u00f5es pr\u00e1ticas eficientes, sendo necess\u00e1ria a soma inteligente de esfor\u00e7os institucionais, sempre com a absoluta observ\u00e2ncia da dignidade da pessoa humana e das normas constitucionais, para combater as organiza\u00e7\u00f5es criminosas&#8221;, ressaltou.<\/p>\n<p>Um parecer contr\u00e1rio havia sido enviado pela procuradora-geral da Rep\u00fablica, Raquel Dodge, nesta \u00a0quarta-feira (4) \u00a0entendendo que a devolu\u00e7\u00e3o de todos os presos h\u00e1 mais de dois anos em pres\u00eddios federais, como pleiteado pela DPU, poderia comprometer a seguran\u00e7a p\u00fablica no pa\u00eds. Ela defendeu que cada situa\u00e7\u00e3o seja analisada individualmente, e n\u00e3o por meio de habeas corpus coletivo.<\/p>\n<p>Para o defensor nacional de Direitos Humanos e autor do pedido da DPU, Anginaldo Oliveira Vieira, a manuten\u00e7\u00e3o de presos isolados em estabelecimento penal federal por mais de dois anos fere a Constitui\u00e7\u00e3o e, portanto, \u00e9 um risco para o Estado Democr\u00e1tico.<\/p>\n<p>Atualmente, est\u00e3o em funcionamento quatro penitenci\u00e1rias federais &#8211; Catanduvas\/PR, Campo Grande\/MS, Mossor\u00f3\/RN e Porto Velho\/RO \u2013, onde se encontram 570 presos, 121 dos quais h\u00e1 mais de dois anos.<\/p>\n<p><strong>Pol\u00eamica<\/strong><\/p>\n<p>O pedido da DPU provocou pol\u00eamica porque, caso fosse acatado, presos como os traficantes Luiz Fernando da Costa, o Fernandinho Beira-Mar, e Ant\u00f4nio Bonfim Lopes, o Nem da Rocinha, retornariam para pres\u00eddios de S\u00e3o Paulo e do Rio de Janeiro, o que poderia facilitar o comando exercido por eles sobre grandes organiza\u00e7\u00f5es criminosas.<\/p>\n<p>Por meio da Procuradoria-Geral do Estado, o governo do Rio de Janeiro se manifestou contra o pedido, argumentando severo risco \u00e0 seguran\u00e7a p\u00fablica e enviando ao STF centenas de informa\u00e7\u00f5es de intelig\u00eancia para embasar sua posi\u00e7\u00e3o.<\/p>\n<p><strong>CARIRI EM A\u00c7\u00c3O<\/strong><\/p>\n<p><em>Com \u00a0Ag\u00eancia Brasil\/Foto:Google\u00a0\u00a0 <\/em><\/p>\n<p><strong>Leia mais not\u00edcias em\u00a0<\/strong><a href=\"http:\/\/www.caririemacao.com\/\"><strong>caririemacao.com<\/strong><\/a><strong>, siga nossa p\u00e1gina no\u00a0<\/strong><a href=\"https:\/\/www.facebook.com\/CaririEmAcao\/?ref=aymt_homepage_panel\"><strong>Facebook<\/strong><\/a>,<strong>\u00a0<\/strong><a href=\"https:\/\/www.instagram.com\/cariri_em_acao\/?hl=pt-br\"><strong>Instagram<\/strong><\/a><strong>\u00a0e <\/strong><a href=\"https:\/\/www.youtube.com\/channel\/UCAptA0jQuYQy8vMhLt2m4qg\"><strong>Youtube<\/strong><\/a><strong>\u00a0e veja nossas mat\u00e9rias, v\u00eddeos e fotos. Voc\u00ea tamb\u00e9m pode enviar informa\u00e7\u00f5es \u00e0 Reda\u00e7\u00e3o do Portal Cariri em A\u00e7\u00e3o pelo WhatsApp (83) 9 9634.5791, (83) 9 9601-1162.<\/strong><\/p>\n","protected":false},"excerpt":{"rendered":"<p>O ministro do Supremo Tribunal Federal (STF) Alexandre de Moraes negou nesta quarta-feira (4) o pedido de liminar feito pela Defensoria P\u00fablica da Uni\u00e3o (DPU),&hellip; <\/p>\n","protected":false},"author":2,"featured_media":12195,"comment_status":"closed","ping_status":"closed","sticky":false,"template":"","format":"standard","meta":{"sfsi_plus_gutenberg_text_before_share":"","sfsi_plus_gutenberg_show_text_before_share":"","sfsi_plus_gutenberg_icon_type":"","sfsi_plus_gutenberg_icon_alignemt":"","sfsi_plus_gutenburg_max_per_row":"","footnotes":""},"categories":[2],"tags":[],"class_list":["post-29974","post","type-post","status-publish","format-standard","has-post-thumbnail","hentry","category-geral"],"_links":{"self":[{"href":"https:\/\/www.caririemacao.com\/1\/wp-json\/wp\/v2\/posts\/29974","targetHints":{"allow":["GET"]}}],"collection":[{"href":"https:\/\/www.caririemacao.com\/1\/wp-json\/wp\/v2\/posts"}],"about":[{"href":"https:\/\/www.caririemacao.com\/1\/wp-json\/wp\/v2\/types\/post"}],"author":[{"embeddable":true,"href":"https:\/\/www.caririemacao.com\/1\/wp-json\/wp\/v2\/users\/2"}],"replies":[{"embeddable":true,"href":"https:\/\/www.caririemacao.com\/1\/wp-json\/wp\/v2\/comments?post=29974"}],"version-history":[{"count":0,"href":"https:\/\/www.caririemacao.com\/1\/wp-json\/wp\/v2\/posts\/29974\/revisions"}],"wp:featuredmedia":[{"embeddable":true,"href":"https:\/\/www.caririemacao.com\/1\/wp-json\/wp\/v2\/media\/12195"}],"wp:attachment":[{"href":"https:\/\/www.caririemacao.com\/1\/wp-json\/wp\/v2\/media?parent=29974"}],"wp:term":[{"taxonomy":"category","embeddable":true,"href":"https:\/\/www.caririemacao.com\/1\/wp-json\/wp\/v2\/categories?post=29974"},{"taxonomy":"post_tag","embeddable":true,"href":"https:\/\/www.caririemacao.com\/1\/wp-json\/wp\/v2\/tags?post=29974"}],"curies":[{"name":"wp","href":"https:\/\/api.w.org\/{rel}","templated":true}]}}