{"id":29978,"date":"2017-10-05T09:11:08","date_gmt":"2017-10-05T12:11:08","guid":{"rendered":"http:\/\/caririemacao.com\/1\/?p=29978"},"modified":"2017-10-05T09:11:08","modified_gmt":"2017-10-05T12:11:08","slug":"tres-prefeitos-do-cariri-se-desfiliam-da-cnm","status":"publish","type":"post","link":"https:\/\/www.caririemacao.com\/1\/2017\/10\/05\/tres-prefeitos-do-cariri-se-desfiliam-da-cnm\/","title":{"rendered":"Tr\u00eas prefeitos do Cariri se desfiliam da CNM"},"content":{"rendered":"<p>A reuni\u00e3o dos prefeitos na Confedera\u00e7\u00e3o dos Municipios Nordestinos, ontem, em Bras\u00edlia, ignorando a pauta de interesse dos prefeitos do Nordeste, resultou na decis\u00e3o de l\u00edderes nordestinos anunciando rompimento, definitivamente, com a CMN.<\/p>\n<p>Eles passam a articula\u00e7\u00e3o para cria\u00e7\u00e3o de Confedera\u00e7\u00e3o exclusiva, visando defender os interesses das 1724 prefeituras. Dentre eles, 38 munic\u00edpios paraibanos se desfiliaram da Confedera\u00e7\u00e3o Nacional. Os munic\u00edpios de S\u00e3o Sebasti\u00e3o do Umbuzeiro, Cabaceiras e Barra de S\u00e3o Miguel, ambos do Cariri paraibano, integram a lista.<\/p>\n<p><strong>Veja a lista dos munic\u00edpios:<\/strong><\/p>\n<p>1- Alagoa Nova<br \/>\n2 \u2013 Puxinan\u00e3<br \/>\n3 \u2013 Sobrado<br \/>\n4 \u2013 Passagem<br \/>\n5 \u2013 Desterro<br \/>\n6 \u2013 Bom Jesus<br \/>\n7 \u2013 Borborema<br \/>\n8 \u2013 Cachoeira dos \u00cdndios<br \/>\n<strong>9 \u2013 S\u00e3o Sebasti\u00e3o do Umbuzeiro<\/strong><br \/>\n10 \u2013 S\u00e3o Jos\u00e9 de Princesa<br \/>\n<strong>11- Cabaceiras<\/strong><br \/>\n12 \u2013 Alagoinha<br \/>\n13 \u2013 Matinhas<br \/>\n14 \u2013 Uira\u00fana<br \/>\n15 \u2013 S\u00e3o Jos\u00e9 de Caiana<br \/>\n16 \u2013 Aparecida<br \/>\n17 \u2013 Cacimbas<br \/>\n18 \u2013 Frei Martinho<br \/>\n19 \u2013 Pedra Branca<br \/>\n20 \u2013 Santana dos Garrotes<br \/>\n21 \u2013 S\u00e3o Jos\u00e9 da Lagoa Tapada<br \/>\n22 \u2013 Lagoa de Dentro<br \/>\n23 \u2013 Carrapateira<br \/>\n24 \u2013 Pedra Lavrada<br \/>\n25 \u2013 Bel\u00e9m<br \/>\n26 \u2013 Capim<br \/>\n27 \u2013 Areia<br \/>\n28 \u2013 Riach\u00e3o<br \/>\n29 \u2013 Ara\u00e7agi<br \/>\n30 \u2013 Po\u00e7o Dantas<br \/>\n31 \u2013 Bernardino Batista<br \/>\n33 \u2013 Teixeira<br \/>\n34 \u2013 Matureia<br \/>\n35 \u2013 Po\u00e7o de Jos\u00e9 de Moura<br \/>\n36 \u2013 Junco do Serid\u00f3<br \/>\n<strong>37 \u2013 Barra de S\u00e3o Miguel<\/strong><br \/>\n38 \u2013 Santa Helena<\/p>\n<p><strong>CARIRI EM A\u00c7\u00c3O<\/strong><\/p>\n<p><em>Com WSCOM \/Foto: Google\u00a0\u00a0 <\/em><\/p>\n<p><strong>Leia mais not\u00edcias em\u00a0<\/strong><a href=\"http:\/\/www.caririemacao.com\/\"><strong>caririemacao.com<\/strong><\/a><strong>, siga nossa p\u00e1gina no\u00a0<\/strong><a href=\"https:\/\/www.facebook.com\/CaririEmAcao\/?ref=aymt_homepage_panel\"><strong>Facebook<\/strong><\/a>,<strong>\u00a0<\/strong><a href=\"https:\/\/www.instagram.com\/cariri_em_acao\/?hl=pt-br\"><strong>Instagram<\/strong><\/a><strong>\u00a0e <\/strong><a href=\"https:\/\/www.youtube.com\/channel\/UCAptA0jQuYQy8vMhLt2m4qg\"><strong>Youtube<\/strong><\/a><strong>\u00a0e veja nossas mat\u00e9rias, v\u00eddeos e fotos. Voc\u00ea tamb\u00e9m pode enviar informa\u00e7\u00f5es \u00e0 Reda\u00e7\u00e3o do Portal Cariri em A\u00e7\u00e3o pelo WhatsApp (83) 9 9634.5791, (83) 9 9601-1162.<\/strong><\/p>\n","protected":false},"excerpt":{"rendered":"<p>A reuni\u00e3o dos prefeitos na Confedera\u00e7\u00e3o dos Municipios Nordestinos, ontem, em Bras\u00edlia, ignorando a pauta de interesse dos prefeitos do Nordeste, resultou na decis\u00e3o de&hellip; <\/p>\n","protected":false},"author":2,"featured_media":29980,"comment_status":"closed","ping_status":"closed","sticky":false,"template":"","format":"standard","meta":{"sfsi_plus_gutenberg_text_before_share":"","sfsi_plus_gutenberg_show_text_before_share":"","sfsi_plus_gutenberg_icon_type":"","sfsi_plus_gutenberg_icon_alignemt":"","sfsi_plus_gutenburg_max_per_row":"","footnotes":""},"categories":[11],"tags":[],"class_list":["post-29978","post","type-post","status-publish","format-standard","has-post-thumbnail","hentry","category-politica"],"_links":{"self":[{"href":"https:\/\/www.caririemacao.com\/1\/wp-json\/wp\/v2\/posts\/29978","targetHints":{"allow":["GET"]}}],"collection":[{"href":"https:\/\/www.caririemacao.com\/1\/wp-json\/wp\/v2\/posts"}],"about":[{"href":"https:\/\/www.caririemacao.com\/1\/wp-json\/wp\/v2\/types\/post"}],"author":[{"embeddable":true,"href":"https:\/\/www.caririemacao.com\/1\/wp-json\/wp\/v2\/users\/2"}],"replies":[{"embeddable":true,"href":"https:\/\/www.caririemacao.com\/1\/wp-json\/wp\/v2\/comments?post=29978"}],"version-history":[{"count":0,"href":"https:\/\/www.caririemacao.com\/1\/wp-json\/wp\/v2\/posts\/29978\/revisions"}],"wp:featuredmedia":[{"embeddable":true,"href":"https:\/\/www.caririemacao.com\/1\/wp-json\/wp\/v2\/media\/29980"}],"wp:attachment":[{"href":"https:\/\/www.caririemacao.com\/1\/wp-json\/wp\/v2\/media?parent=29978"}],"wp:term":[{"taxonomy":"category","embeddable":true,"href":"https:\/\/www.caririemacao.com\/1\/wp-json\/wp\/v2\/categories?post=29978"},{"taxonomy":"post_tag","embeddable":true,"href":"https:\/\/www.caririemacao.com\/1\/wp-json\/wp\/v2\/tags?post=29978"}],"curies":[{"name":"wp","href":"https:\/\/api.w.org\/{rel}","templated":true}]}}