{"id":29979,"date":"2017-10-05T09:12:16","date_gmt":"2017-10-05T12:12:16","guid":{"rendered":"http:\/\/caririemacao.com\/1\/?p=29979"},"modified":"2017-10-05T09:12:16","modified_gmt":"2017-10-05T12:12:16","slug":"petrobras-anuncia-reducao-de-23-nos-precos-de-gasolina-e-diesel","status":"publish","type":"post","link":"https:\/\/www.caririemacao.com\/1\/2017\/10\/05\/petrobras-anuncia-reducao-de-23-nos-precos-de-gasolina-e-diesel\/","title":{"rendered":"Petrobras anuncia redu\u00e7\u00e3o de 2,3% nos pre\u00e7os de gasolina e diesel"},"content":{"rendered":"<p>A Petrobras decidiu, nessa ter\u00e7a-feira (3), autorizar reajustes de -2,3% na gasolina e -3,6% para o diesel. A diminui\u00e7\u00e3o dos pre\u00e7os entrou em vigor nesta quarta-feira (4).<\/p>\n<p>A decis\u00e3o foi causada por decl\u00ednio de pre\u00e7os no mercado mundial de combust\u00edveis. A queda se deu ap\u00f3s a grande alta nos pre\u00e7os dos derivados a partir dos impactos do furac\u00e3o Harvey no Golfo do M\u00e9xico, que levou ao aumento de pre\u00e7os em setembro.<\/p>\n<p>A avalia\u00e7\u00e3o dos representantes do Grupo Executivo de Mercado e Pre\u00e7os (GEMP) \u00e9 que a pol\u00edtica de pre\u00e7os definida pela Petrobras tem sido capaz de garantir a ader\u00eancia dos pre\u00e7os praticados pela companhia \u00e0s volatilidades dos mercados de derivados e ao c\u00e2mbio.<\/p>\n<p>Com os ajustes definidos hoje, a \u00e1rea de marketing e comercializa\u00e7\u00e3o da Petrobras volta a contar com uma faixa de -7% a + 7% para operar os movimentos de pre\u00e7os necess\u00e1rios ao longo do m\u00eas. Caso este limite seja novamente ultrapassado, o GEMP realizar\u00e1 novas reuni\u00f5es ao longo do per\u00edodo.<\/p>\n<p>As reuni\u00f5es de avalia\u00e7\u00e3o do GEMP s\u00e3o realizadas, no m\u00ednimo, uma vez por m\u00eas.<\/p>\n<p><strong>CARIRI EM A\u00c7\u00c3O<\/strong><\/p>\n<p><em>Com pbagora\/Foto: Google\u00a0\u00a0 <\/em><\/p>\n<p><strong>Leia mais not\u00edcias em\u00a0<\/strong><a href=\"http:\/\/www.caririemacao.com\/\"><strong>caririemacao.com<\/strong><\/a><strong>, siga nossa p\u00e1gina no\u00a0<\/strong><a href=\"https:\/\/www.facebook.com\/CaririEmAcao\/?ref=aymt_homepage_panel\"><strong>Facebook<\/strong><\/a>,<strong>\u00a0<\/strong><a href=\"https:\/\/www.instagram.com\/cariri_em_acao\/?hl=pt-br\"><strong>Instagram<\/strong><\/a><strong>\u00a0e <\/strong><a href=\"https:\/\/www.youtube.com\/channel\/UCAptA0jQuYQy8vMhLt2m4qg\"><strong>Youtube<\/strong><\/a><strong>\u00a0e veja nossas mat\u00e9rias, v\u00eddeos e fotos. Voc\u00ea tamb\u00e9m pode enviar informa\u00e7\u00f5es \u00e0 Reda\u00e7\u00e3o do Portal Cariri em A\u00e7\u00e3o pelo WhatsApp (83) 9 9634.5791, (83) 9 9601-1162.<\/strong><\/p>\n","protected":false},"excerpt":{"rendered":"<p>A Petrobras decidiu, nessa ter\u00e7a-feira (3), autorizar reajustes de -2,3% na gasolina e -3,6% para o diesel. A diminui\u00e7\u00e3o dos pre\u00e7os entrou em vigor nesta&hellip; <\/p>\n","protected":false},"author":2,"featured_media":28205,"comment_status":"closed","ping_status":"closed","sticky":false,"template":"","format":"standard","meta":{"sfsi_plus_gutenberg_text_before_share":"","sfsi_plus_gutenberg_show_text_before_share":"","sfsi_plus_gutenberg_icon_type":"","sfsi_plus_gutenberg_icon_alignemt":"","sfsi_plus_gutenburg_max_per_row":"","footnotes":""},"categories":[2],"tags":[],"class_list":["post-29979","post","type-post","status-publish","format-standard","has-post-thumbnail","hentry","category-geral"],"_links":{"self":[{"href":"https:\/\/www.caririemacao.com\/1\/wp-json\/wp\/v2\/posts\/29979","targetHints":{"allow":["GET"]}}],"collection":[{"href":"https:\/\/www.caririemacao.com\/1\/wp-json\/wp\/v2\/posts"}],"about":[{"href":"https:\/\/www.caririemacao.com\/1\/wp-json\/wp\/v2\/types\/post"}],"author":[{"embeddable":true,"href":"https:\/\/www.caririemacao.com\/1\/wp-json\/wp\/v2\/users\/2"}],"replies":[{"embeddable":true,"href":"https:\/\/www.caririemacao.com\/1\/wp-json\/wp\/v2\/comments?post=29979"}],"version-history":[{"count":0,"href":"https:\/\/www.caririemacao.com\/1\/wp-json\/wp\/v2\/posts\/29979\/revisions"}],"wp:featuredmedia":[{"embeddable":true,"href":"https:\/\/www.caririemacao.com\/1\/wp-json\/wp\/v2\/media\/28205"}],"wp:attachment":[{"href":"https:\/\/www.caririemacao.com\/1\/wp-json\/wp\/v2\/media?parent=29979"}],"wp:term":[{"taxonomy":"category","embeddable":true,"href":"https:\/\/www.caririemacao.com\/1\/wp-json\/wp\/v2\/categories?post=29979"},{"taxonomy":"post_tag","embeddable":true,"href":"https:\/\/www.caririemacao.com\/1\/wp-json\/wp\/v2\/tags?post=29979"}],"curies":[{"name":"wp","href":"https:\/\/api.w.org\/{rel}","templated":true}]}}