{"id":29990,"date":"2017-10-05T09:46:59","date_gmt":"2017-10-05T12:46:59","guid":{"rendered":"http:\/\/caririemacao.com\/1\/?p=29990"},"modified":"2017-10-05T09:46:59","modified_gmt":"2017-10-05T12:46:59","slug":"prefeitura-de-caraubas-recupera-estadio-de-futebol","status":"publish","type":"post","link":"https:\/\/www.caririemacao.com\/1\/2017\/10\/05\/prefeitura-de-caraubas-recupera-estadio-de-futebol\/","title":{"rendered":"Prefeitura de Cara\u00fabas recupera est\u00e1dio de futebol"},"content":{"rendered":"<p>A Prefeitura Municipal de Cara\u00fabas realizou, atrav\u00e9s da Secretaria de Cultura e desporto do munic\u00edpio, a recupera\u00e7\u00e3o no Est\u00e1dio Municipal de Futebol Jos\u00e9 Valderi Neves.<\/p>\n<p>A gest\u00e3o do prefeito Silvano Dudu recuperou a pintura, vesti\u00e1rios, port\u00f5es constru\u00eddos com material reciclado, al\u00e9m da instala\u00e7\u00e3o e barreira e traves para treinamento. A medida vai proporcionar um conforto maior aos atletas.<\/p>\n<p><img fetchpriority=\"high\" decoding=\"async\" class=\"wp-image-29992 size-full aligncenter\" src=\"http:\/\/caririemacao.com\/1\/wp-content\/uploads\/2017\/10\/page-Cara\u00fabas.jpg\" alt=\"\" width=\"500\" height=\"400\" srcset=\"https:\/\/www.caririemacao.com\/1\/wp-content\/uploads\/2017\/10\/page-Cara\u00fabas.jpg 500w, https:\/\/www.caririemacao.com\/1\/wp-content\/uploads\/2017\/10\/page-Cara\u00fabas-300x240.jpg 300w\" sizes=\"(max-width: 500px) 100vw, 500px\" \/><\/p>\n<p>Em conversa com o secret\u00e1rio de esporte do munic\u00edpio de Cara\u00fabas, Valzinho, ele destacou a a\u00e7\u00e3o do prefeito Silvano Dudu que incentiva os desportistas caraubenses.<\/p>\n<p>\u201cInvestir no esporte \u00e9 mais do que investir em equipamentos materiais, investir no esporte \u00e9 acreditar na mudan\u00e7a social, na transforma\u00e7\u00e3o que ele pode causar na vida das pessoas. Silvano sai na frente pela decis\u00e3o acertada de apoiar os desportistas,\u201d finalizou.<\/p>\n<p><strong>CARIRI EM A\u00c7\u00c3O<\/strong><\/p>\n<p><strong>Leia mais not\u00edcias em\u00a0<\/strong><a href=\"http:\/\/www.caririemacao.com\/\"><strong>caririemacao.com<\/strong><\/a><strong>, siga nossa p\u00e1gina no\u00a0<\/strong><a href=\"https:\/\/www.facebook.com\/CaririEmAcao\/?ref=aymt_homepage_panel\"><strong>Facebook<\/strong><\/a>,<strong>\u00a0<a href=\"https:\/\/www.instagram.com\/cariri_em_acao\/?hl=pt-br\">Instagram<\/a>\u00a0e <\/strong><a href=\"https:\/\/www.youtube.com\/channel\/UCAptA0jQuYQy8vMhLt2m4qg\"><strong>Youtube<\/strong><\/a><strong>\u00a0e veja nossas mat\u00e9rias, v\u00eddeos e fotos. Voc\u00ea tamb\u00e9m pode enviar informa\u00e7\u00f5es \u00e0 Reda\u00e7\u00e3o do Portal Cariri em A\u00e7\u00e3o pelo WhatsApp (83) 9 9634.5791, (83) 9 9601-1162.<\/strong><\/p>\n","protected":false},"excerpt":{"rendered":"<p>A Prefeitura Municipal de Cara\u00fabas realizou, atrav\u00e9s da Secretaria de Cultura e desporto do munic\u00edpio, a recupera\u00e7\u00e3o no Est\u00e1dio Municipal de Futebol Jos\u00e9 Valderi Neves.&hellip; <\/p>\n","protected":false},"author":2,"featured_media":29991,"comment_status":"closed","ping_status":"closed","sticky":false,"template":"","format":"standard","meta":{"sfsi_plus_gutenberg_text_before_share":"","sfsi_plus_gutenberg_show_text_before_share":"","sfsi_plus_gutenberg_icon_type":"","sfsi_plus_gutenberg_icon_alignemt":"","sfsi_plus_gutenburg_max_per_row":"","footnotes":""},"categories":[13],"tags":[],"class_list":["post-29990","post","type-post","status-publish","format-standard","has-post-thumbnail","hentry","category-esportes"],"_links":{"self":[{"href":"https:\/\/www.caririemacao.com\/1\/wp-json\/wp\/v2\/posts\/29990","targetHints":{"allow":["GET"]}}],"collection":[{"href":"https:\/\/www.caririemacao.com\/1\/wp-json\/wp\/v2\/posts"}],"about":[{"href":"https:\/\/www.caririemacao.com\/1\/wp-json\/wp\/v2\/types\/post"}],"author":[{"embeddable":true,"href":"https:\/\/www.caririemacao.com\/1\/wp-json\/wp\/v2\/users\/2"}],"replies":[{"embeddable":true,"href":"https:\/\/www.caririemacao.com\/1\/wp-json\/wp\/v2\/comments?post=29990"}],"version-history":[{"count":0,"href":"https:\/\/www.caririemacao.com\/1\/wp-json\/wp\/v2\/posts\/29990\/revisions"}],"wp:featuredmedia":[{"embeddable":true,"href":"https:\/\/www.caririemacao.com\/1\/wp-json\/wp\/v2\/media\/29991"}],"wp:attachment":[{"href":"https:\/\/www.caririemacao.com\/1\/wp-json\/wp\/v2\/media?parent=29990"}],"wp:term":[{"taxonomy":"category","embeddable":true,"href":"https:\/\/www.caririemacao.com\/1\/wp-json\/wp\/v2\/categories?post=29990"},{"taxonomy":"post_tag","embeddable":true,"href":"https:\/\/www.caririemacao.com\/1\/wp-json\/wp\/v2\/tags?post=29990"}],"curies":[{"name":"wp","href":"https:\/\/api.w.org\/{rel}","templated":true}]}}