{"id":30001,"date":"2017-10-05T09:59:25","date_gmt":"2017-10-05T12:59:25","guid":{"rendered":"http:\/\/caririemacao.com\/1\/?p=30001"},"modified":"2017-10-05T09:59:25","modified_gmt":"2017-10-05T12:59:25","slug":"prefeitura-de-santo-andre-abre-quinta-05-a-campanha-outubro-rosa","status":"publish","type":"post","link":"https:\/\/www.caririemacao.com\/1\/2017\/10\/05\/prefeitura-de-santo-andre-abre-quinta-05-a-campanha-outubro-rosa\/","title":{"rendered":"Prefeitura de Santo Andr\u00e9 abre quinta (05) a campanha Outubro Rosa"},"content":{"rendered":"<div>A Prefeitura de Santo Andr\u00e9 abre nesta quinta-feira (05), a campanha alusiva a Preven\u00e7\u00e3o do C\u00e2ncer de Mama\u00a0<b>Outubro Rosa<\/b>.<\/div>\n<div><\/div>\n<div>O convite para o evento est\u00e1 assinado pela Prefeita Silvana Marinho, que participar\u00e1 com sua equipe de governo.<\/div>\n<div><\/div>\n<div>O Secret\u00e1rio de Sa\u00fade, Rosenildo Alves, destacou quem em 2017 contar\u00e1 com o apoio do Senar-PB com o projeto\u00a0<b>\u00datero \u00e9 Vida.<\/b><\/div>\n<div><\/div>\n<div>Nesta quinta, o evento acontece na UBSF da Malhada Vermelha as 09h da manh\u00e3.<\/div>\n<div>\n<p><strong>CARIRI EM A\u00c7\u00c3O<\/strong><\/p>\n<p><em>Com Ascom\/Foto: Google\u00a0\u00a0 <\/em><\/p>\n<p><strong>Leia mais not\u00edcias em\u00a0<\/strong><a href=\"http:\/\/www.caririemacao.com\/\"><strong>caririemacao.com<\/strong><\/a><strong>, siga nossa p\u00e1gina no\u00a0<\/strong><a href=\"https:\/\/www.facebook.com\/CaririEmAcao\/?ref=aymt_homepage_panel\"><strong>Facebook<\/strong><\/a>,<strong>\u00a0<\/strong><a href=\"https:\/\/www.instagram.com\/cariri_em_acao\/?hl=pt-br\"><strong>Instagram<\/strong><\/a><strong>\u00a0e <\/strong><a href=\"https:\/\/www.youtube.com\/channel\/UCAptA0jQuYQy8vMhLt2m4qg\"><strong>Youtube<\/strong><\/a><strong>\u00a0e veja nossas mat\u00e9rias, v\u00eddeos e fotos. Voc\u00ea tamb\u00e9m pode enviar informa\u00e7\u00f5es \u00e0 Reda\u00e7\u00e3o do Portal Cariri em A\u00e7\u00e3o pelo WhatsApp (83) 9 9634.5791, (83) 9 9601-1162.<\/strong><\/p>\n<\/div>\n","protected":false},"excerpt":{"rendered":"<p>A Prefeitura de Santo Andr\u00e9 abre nesta quinta-feira (05), a campanha alusiva a Preven\u00e7\u00e3o do C\u00e2ncer de Mama\u00a0Outubro Rosa. O convite para o evento est\u00e1&hellip; <\/p>\n","protected":false},"author":2,"featured_media":30003,"comment_status":"closed","ping_status":"closed","sticky":false,"template":"","format":"standard","meta":{"sfsi_plus_gutenberg_text_before_share":"","sfsi_plus_gutenberg_show_text_before_share":"","sfsi_plus_gutenberg_icon_type":"","sfsi_plus_gutenberg_icon_alignemt":"","sfsi_plus_gutenburg_max_per_row":"","footnotes":""},"categories":[16],"tags":[],"class_list":["post-30001","post","type-post","status-publish","format-standard","has-post-thumbnail","hentry","category-saude"],"_links":{"self":[{"href":"https:\/\/www.caririemacao.com\/1\/wp-json\/wp\/v2\/posts\/30001","targetHints":{"allow":["GET"]}}],"collection":[{"href":"https:\/\/www.caririemacao.com\/1\/wp-json\/wp\/v2\/posts"}],"about":[{"href":"https:\/\/www.caririemacao.com\/1\/wp-json\/wp\/v2\/types\/post"}],"author":[{"embeddable":true,"href":"https:\/\/www.caririemacao.com\/1\/wp-json\/wp\/v2\/users\/2"}],"replies":[{"embeddable":true,"href":"https:\/\/www.caririemacao.com\/1\/wp-json\/wp\/v2\/comments?post=30001"}],"version-history":[{"count":0,"href":"https:\/\/www.caririemacao.com\/1\/wp-json\/wp\/v2\/posts\/30001\/revisions"}],"wp:featuredmedia":[{"embeddable":true,"href":"https:\/\/www.caririemacao.com\/1\/wp-json\/wp\/v2\/media\/30003"}],"wp:attachment":[{"href":"https:\/\/www.caririemacao.com\/1\/wp-json\/wp\/v2\/media?parent=30001"}],"wp:term":[{"taxonomy":"category","embeddable":true,"href":"https:\/\/www.caririemacao.com\/1\/wp-json\/wp\/v2\/categories?post=30001"},{"taxonomy":"post_tag","embeddable":true,"href":"https:\/\/www.caririemacao.com\/1\/wp-json\/wp\/v2\/tags?post=30001"}],"curies":[{"name":"wp","href":"https:\/\/api.w.org\/{rel}","templated":true}]}}