{"id":30005,"date":"2017-10-05T07:01:52","date_gmt":"2017-10-05T10:01:52","guid":{"rendered":"http:\/\/caririemacao.com\/1\/?p=30005"},"modified":"2017-10-05T10:22:00","modified_gmt":"2017-10-05T13:22:00","slug":"30005","status":"publish","type":"post","link":"https:\/\/www.caririemacao.com\/1\/2017\/10\/05\/30005\/","title":{"rendered":"PSDB promove o III Encontro Regional do PSDB Mulher \u2013 \u201cMULHERES NO PODER\u201d"},"content":{"rendered":"<p>O PSDB realiza no pr\u00f3ximo s\u00e1bado, 07, o III Encontro Regional do PSDB Mulher, com o tema \u201cMulheres no poder\u201d o evento tem como objetivo fortalecer e incentivar a participa\u00e7\u00e3o da mulher fazendo com que os Diret\u00f3rios Municipais criem o Secretariado da Mulher nos munic\u00edpios como ressalta a presidente Estadual do PSDB-Mulher, Ira\u00ea Lucena:<\/p>\n<p>\u201cAcreditamos que para o PSDB-Mulher alcan\u00e7ar a sua plenitude \u00e9 necess\u00e1rio a cria\u00e7\u00e3o\u00a0dos Secret\u00e1riados Municipais de Mulheres em todo o estado da Para\u00edba para que possamos atuar na vida pol\u00edtica estadual, em conformidade com<\/p>\n<p>as diretrizes estatut\u00e1rias do PSDB.\u201d, disse Ira\u00ea.<\/p>\n<p>O encontro traz uma diversificada programa\u00e7\u00e3o, entre ela a convidada Eliana Piola, 1\u00aa. Secret\u00e1ria do PSDB-Mulher Nacional, Vice-Presidente Estadual do PSDB-Mulher de MG e Presidente municipal do PSDB-Mulher de Divin\u00f3polis\/MG, Eliana vem palestrar e lan\u00e7ar o novo Regimento Interno.<\/p>\n<p>O evento contar\u00e1 ainda com a presen\u00e7a de C\u00e1ssio Cunha Lima \u2013 Senador da Rep\u00fablica, Ruy Carneiro &#8211; Presidente do Diret\u00f3rio Estadual, Gl\u00f3ria Cunha Lima &#8211; Presidente de Honra do PSDB-Mulher, Mariana Carvalho \u2013 Deputada Federal, Pedro Cunha Lima \u2013 Deputado Federal, Ira\u00ea Lucena \u2013 Presidente do PSDB-Mulher da Para\u00edba e membro da Executiva Nacional do PSDB-Mulher, Camila Toscano \u2013 Deputada Estadual e 1a. Vice-Presidente do PSDB-Mulher da Para\u00edba e Eliza Virg\u00ednia \u2013 Deputada Estadual e Presidente do PSDB-Mulher de Jo\u00e3o Pessoa.<\/p>\n<p>&nbsp;<\/p>\n<p>A Executiva do Secretariado Estadual do PSDB-Mulher, dentre outras a\u00e7\u00f5es, defende:<\/p>\n<p>&#8211; Mais Mulheres na Pol\u00edtica;<\/p>\n<p>&#8211; Maior presen\u00e7a da mulher na vida pol\u00edtico-partid\u00e1ria, econ\u00f4mica e<\/p>\n<p>social do Estado da Para\u00edba;<\/p>\n<p>&#8211; Ampliar o n\u00famero de candidaturas femininas na Para\u00edba (deputadas<\/p>\n<p>federais e estaduais, prefeitas, vice-prefeitas e vereadoras;<\/p>\n<p>&#8211; Compromisso de uma linha de a\u00e7\u00e3o com as candidaturas femininas;<\/p>\n<p>&#8211; Investir em datas comemorativas com alinhamento de a\u00e7\u00f5es.<\/p>\n<p>O evento tamb\u00e9m vai chamar a aten\u00e7\u00e3o ao \u201cOutubro Rosa\u201d, campanha mundial que\u00a0alerta diretamente, para a realidade atual do c\u00e2ncer de mama e a import\u00e2ncia do diagn\u00f3stico precoce. Durante o encontro ser\u00e3o distribu\u00eddos la\u00e7os rosas para as participantes.<\/p>\n<p>&nbsp;<\/p>\n<p>&nbsp;<\/p>\n<p><strong>PROGRAMA\u00c7\u00c3O<\/strong><\/p>\n<p>07 DE OUTUBRO<\/p>\n<p>13:00 \u2013 Recep\u00e7\u00e3o \u2013 Credenciamento<\/p>\n<p>14:00 \u2013 Abertura<\/p>\n<p>C\u00e1ssio Cunha Lima \u2013 Senador da Rep\u00fablica<\/p>\n<p>Ruy Carneiro &#8211; Presidente do Diret\u00f3rio Estadual<\/p>\n<p>Gl\u00f3ria Cunha Lima &#8211; Presidente de Honra do PSDB-Mulher<\/p>\n<p>Eliana Piola \u2013 1\u00aa. Secret\u00e1ria do PSDB-Mulher Nacional, Vice-Presidente Estadual do PSDB-Mulher de MG e Presidente municipal do PSDB-Mulher de Divin\u00f3polis\/MG<\/p>\n<p>Mariana Carvalho \u2013 Deputada Federal (\u00e0 confirmar)<\/p>\n<p>Pedro Cunha Lima \u2013 Deputado Federal<\/p>\n<p>Laurem\u00edlia Lucena &#8211; Presidente do Diret\u00f3rio Municipal de Jo\u00e3o Pessoa<\/p>\n<p>Ira\u00ea Lucena \u2013 Presidente do PSDB-Mulher da Para\u00edba e membro da Executiva Nacional do PSDB-Mulher<\/p>\n<p>Camila Toscano \u2013 Deputada Estadual e 1a. Vice-Presidente do PSDB-Mulher da Para\u00edba<\/p>\n<p>Eliza Virg\u00ednia \u2013 Deputada Estadual e Presidente do PSDB-Mulher de Jo\u00e3o Pessoa<\/p>\n<p>&nbsp;<\/p>\n<p>14:30 \u2013 An\u00e1lise da conjuntura atual<\/p>\n<ul>\n<li>Pedro Cunha Lima \u2013 Deputado Federal<\/li>\n<\/ul>\n<p>15:00 \u2013 Mulheres e Pol\u00edtica<\/p>\n<ul>\n<li>Mariana Carvalho \u2013 Deputada Federal<\/li>\n<li>Eliana Piola \u2013 1\u00aa. Secret\u00e1ria do PSDB-Mulher Nacional, Vice-Presidente Estadual do PSDB-Mulher de MG e Presidente municipal do PSDB-Mulher de Divin\u00f3polis\/MG<\/li>\n<\/ul>\n<p>15:30 &#8211; Coffee-Break<\/p>\n<p>16:00 &#8211; Mesa Redonda: A import\u00e2ncia da cria\u00e7\u00e3o do PSDB-Mulher nos munic\u00edpios<\/p>\n<ul>\n<li>Ira\u00ea Lucena \u2013 Presidente do PSDB-Mulher Estadual<\/li>\n<li>Laurem\u00edlia Lucena \u2013 Presidente do Diret\u00f3rio Municipal de Jo\u00e3o Pessoa<\/li>\n<li>Moderadora: Camila Toscano \u2013 Deputada Estadual e 1a. Vice-Presidente do PSDB-Mulher<\/li>\n<li>Isa Arrouxelas \u2013 Vice-Presidente do PSDB-Mulher de Jo\u00e3o Pessoa<\/li>\n<li>Eliza Virg\u00ednia \u2013Deputada Estadual e Presidente do PSDB-Mulher de Jo\u00e3o Pessoa<\/li>\n<\/ul>\n<p>16:30- Instala\u00e7\u00e3o e Posse do PSDB Mulher de Jo\u00e3o Pessoa\/Cabedelo\/Bayeux Conde\/Caapor\u00e3\/Pedras de Fogo\/Alagoinha e Capim<\/p>\n<p>17:00 &#8211; Lan\u00e7amento do novo Regimento Interno do PSDB-Mulher<\/p>\n<ul>\n<li>Breves considera\u00e7\u00f5es, por Eliana Piola \u2013 1\u00aa Secret\u00e1ria do PSDB-Mulher Nacional, Vice-Presidente Estadual do PSDB-Mulher de MG e Presidente municipal do PSDB-Mulher de Divin\u00f3polis\/MG<\/li>\n<\/ul>\n<p>&nbsp;<\/p>\n<p><strong>CARIRI EM A\u00c7\u00c3O<\/strong><\/p>\n<p><em>Com Ascom\/Foto:Divulga\u00e7\u00e3o<\/em><\/p>\n<p><strong>Leia mais not\u00edcias em\u00a0<\/strong><a href=\"http:\/\/www.caririemacao.com\/\"><strong>caririemacao.com<\/strong><\/a><strong>, siga nossa p\u00e1gina no\u00a0<\/strong><a href=\"https:\/\/www.facebook.com\/CaririEmAcao\/?ref=aymt_homepage_panel\"><strong>Facebook<\/strong><\/a>,<strong>\u00a0<\/strong><a href=\"https:\/\/www.instagram.com\/cariri_em_acao\/?hl=pt-br\"><strong>Instagram<\/strong><\/a><strong>\u00a0e <\/strong><a href=\"https:\/\/www.youtube.com\/channel\/UCAptA0jQuYQy8vMhLt2m4qg\"><strong>Youtube<\/strong><\/a><strong>\u00a0e veja nossas mat\u00e9rias, v\u00eddeos e fotos. Voc\u00ea tamb\u00e9m pode enviar informa\u00e7\u00f5es \u00e0 Reda\u00e7\u00e3o do Portal Cariri em A\u00e7\u00e3o pelo WhatsApp (83) 9 9634.5791, (83) 9 9601-1162.<\/strong><\/p>\n","protected":false},"excerpt":{"rendered":"<p>O PSDB realiza no pr\u00f3ximo s\u00e1bado, 07, o III Encontro Regional do PSDB Mulher, com o tema \u201cMulheres no poder\u201d o evento tem como objetivo&hellip; <\/p>\n","protected":false},"author":2,"featured_media":30006,"comment_status":"closed","ping_status":"closed","sticky":false,"template":"","format":"standard","meta":{"sfsi_plus_gutenberg_text_before_share":"","sfsi_plus_gutenberg_show_text_before_share":"","sfsi_plus_gutenberg_icon_type":"","sfsi_plus_gutenberg_icon_alignemt":"","sfsi_plus_gutenburg_max_per_row":"","footnotes":""},"categories":[11],"tags":[],"class_list":["post-30005","post","type-post","status-publish","format-standard","has-post-thumbnail","hentry","category-politica"],"_links":{"self":[{"href":"https:\/\/www.caririemacao.com\/1\/wp-json\/wp\/v2\/posts\/30005","targetHints":{"allow":["GET"]}}],"collection":[{"href":"https:\/\/www.caririemacao.com\/1\/wp-json\/wp\/v2\/posts"}],"about":[{"href":"https:\/\/www.caririemacao.com\/1\/wp-json\/wp\/v2\/types\/post"}],"author":[{"embeddable":true,"href":"https:\/\/www.caririemacao.com\/1\/wp-json\/wp\/v2\/users\/2"}],"replies":[{"embeddable":true,"href":"https:\/\/www.caririemacao.com\/1\/wp-json\/wp\/v2\/comments?post=30005"}],"version-history":[{"count":0,"href":"https:\/\/www.caririemacao.com\/1\/wp-json\/wp\/v2\/posts\/30005\/revisions"}],"wp:featuredmedia":[{"embeddable":true,"href":"https:\/\/www.caririemacao.com\/1\/wp-json\/wp\/v2\/media\/30006"}],"wp:attachment":[{"href":"https:\/\/www.caririemacao.com\/1\/wp-json\/wp\/v2\/media?parent=30005"}],"wp:term":[{"taxonomy":"category","embeddable":true,"href":"https:\/\/www.caririemacao.com\/1\/wp-json\/wp\/v2\/categories?post=30005"},{"taxonomy":"post_tag","embeddable":true,"href":"https:\/\/www.caririemacao.com\/1\/wp-json\/wp\/v2\/tags?post=30005"}],"curies":[{"name":"wp","href":"https:\/\/api.w.org\/{rel}","templated":true}]}}