{"id":300223,"date":"2025-06-07T07:38:19","date_gmt":"2025-06-07T10:38:19","guid":{"rendered":"https:\/\/www.caririemacao.com\/1\/?p=300223"},"modified":"2025-06-07T07:38:19","modified_gmt":"2025-06-07T10:38:19","slug":"bolsonaro-convoca-apoiadores-para-assistir-a-interrogatorio-feito-por-moraes-nao-vou-lacrar","status":"publish","type":"post","link":"https:\/\/www.caririemacao.com\/1\/2025\/06\/07\/bolsonaro-convoca-apoiadores-para-assistir-a-interrogatorio-feito-por-moraes-nao-vou-lacrar\/","title":{"rendered":"Bolsonaro convoca apoiadores para assistir a interrogat\u00f3rio feito por Moraes: \u2018N\u00e3o vou lacrar\u2019"},"content":{"rendered":"<div class=\"subtitulo mb-3\"><em><strong>Ex-presidente deu declara\u00e7\u00e3o durante evento do PL Mulher nesta sexta-feira; Bolsonaro presta depoimento na pr\u00f3xima semana.<\/strong><\/em><\/div>\n<div><\/div>\n<div>\n<p>O ex-presidente Jair Bolsonaro\u00a0(PL) convocou os apoiadores a assistirem o depoimento que ele vai prestar ao ministro do\u00a0STF\u00a0(Supremo Tribunal Federal) Alexandre de Moraes na pr\u00f3xima semana. Ele afirmou que \u201cvaler\u00e1 a pena\u201d assistir e que \u201cn\u00e3o vai lacrar\u201d diante do ministro.<\/p>\n<p>A declara\u00e7\u00e3o foi dada ontem sexta-feira (6) na abertura do Encontro Nacional de Mandat\u00e1rias do PL Mulher, setorial feminino do Partido Liberal presidido pela ex-primeira-dama Michelle Bolsonaro. Ele deixou o evento ap\u00f3s o discurso e se dirigiu ao aeroporto de Bras\u00edlia para viajar a S\u00e3o Paulo, onde dever\u00e1 se encontrar com os advogados para discutir a estrat\u00e9gia de defesa.<\/p>\n<p>\u201cO que aconteceu em 2022, com toda a certeza, ser\u00e1 falado por mim quando estiver ao vivo no Supremo, os cinco ministros na minha frente, e cobrando. Vale a pena assistir. Conto com a audi\u00eancia de voc\u00eas. N\u00e3o vou l\u00e1 para lacrar, para desafiar quem quer que seja\u201d, discursou Bolsonaro.<\/p>\n<p>Moraes agendou para segunda-feira (9) o in\u00edcio do interrogat\u00f3rio dos r\u00e9us do \u201cprimeiro n\u00facleo\u201d, grupo composto por oito pessoas acusadas pela Procuradoria-Geral da Rep\u00fablica (PGR) por tentativa de golpe de Estado. Uma delas \u00e9 o Bolsonaro. As audi\u00eancias com os r\u00e9us est\u00e3o previstas para durar at\u00e9 o dia 13.<\/p>\n<p>Moraes disse nesta semana que o interrogat\u00f3rio poder\u00e1 ser feito em outros dias da pr\u00f3xima semana, caso seja insuficiente ouvir todos na segunda-feira. Bolsonaro, por exemplo, disse esperar que seja interrogado na ter\u00e7a ou na quarta. Ele \u00e9 o sexto a ser interrogado, e deve ficar at\u00e9 s\u00e1bado em S\u00e3o Paulo, preparando o que deve relatar ao ministro.<\/p>\n<p>\u201cEu parto agora para S\u00e3o Paulo, encontrar os advogados para que n\u00f3s possamos melhor nos preparar para enfrentar desafios. Ningu\u00e9m nos acuar\u00e1. \u00c9 hora da verdade. E ela se far\u00e1 presente, no meu entender, para o bem desta na\u00e7\u00e3o\u201d, encerrou seu discurso Bolsonaro nesta sexta-feira.<\/p>\n<p>Al\u00e9m de Bolsonaro, fazem parte desse grupo o general e ex-ministro Walter Braga Netto, o ex-chefe do Gabinete de Seguran\u00e7a Institucional (GSI) Augusto Heleno, o deputado federal Alexandre Ramagem(PL-RJ), o ex-chefe da Marinha Almir Garnier Santos, o ex-ministro da Justi\u00e7a Anderson Torres, o ex-ajudante de ordens de Bolsonaro Mauro Cid e o ex-ministro da Defesa Paulo S\u00e9rgio Nogueira de Oliveira.<\/p>\n<p>FONTE: Portal Correio<\/p>\n<\/div>\n","protected":false},"excerpt":{"rendered":"<p>Ex-presidente deu declara\u00e7\u00e3o durante evento do PL Mulher nesta sexta-feira; Bolsonaro presta depoimento na pr\u00f3xima semana. O ex-presidente Jair Bolsonaro\u00a0(PL) convocou os apoiadores a assistirem&hellip; <\/p>\n","protected":false},"author":6,"featured_media":300224,"comment_status":"closed","ping_status":"closed","sticky":false,"template":"","format":"standard","meta":{"sfsi_plus_gutenberg_text_before_share":"","sfsi_plus_gutenberg_show_text_before_share":"","sfsi_plus_gutenberg_icon_type":"","sfsi_plus_gutenberg_icon_alignemt":"","sfsi_plus_gutenburg_max_per_row":"","footnotes":""},"categories":[50],"tags":[],"class_list":["post-300223","post","type-post","status-publish","format-standard","has-post-thumbnail","hentry","category-destaque"],"_links":{"self":[{"href":"https:\/\/www.caririemacao.com\/1\/wp-json\/wp\/v2\/posts\/300223","targetHints":{"allow":["GET"]}}],"collection":[{"href":"https:\/\/www.caririemacao.com\/1\/wp-json\/wp\/v2\/posts"}],"about":[{"href":"https:\/\/www.caririemacao.com\/1\/wp-json\/wp\/v2\/types\/post"}],"author":[{"embeddable":true,"href":"https:\/\/www.caririemacao.com\/1\/wp-json\/wp\/v2\/users\/6"}],"replies":[{"embeddable":true,"href":"https:\/\/www.caririemacao.com\/1\/wp-json\/wp\/v2\/comments?post=300223"}],"version-history":[{"count":1,"href":"https:\/\/www.caririemacao.com\/1\/wp-json\/wp\/v2\/posts\/300223\/revisions"}],"predecessor-version":[{"id":300225,"href":"https:\/\/www.caririemacao.com\/1\/wp-json\/wp\/v2\/posts\/300223\/revisions\/300225"}],"wp:featuredmedia":[{"embeddable":true,"href":"https:\/\/www.caririemacao.com\/1\/wp-json\/wp\/v2\/media\/300224"}],"wp:attachment":[{"href":"https:\/\/www.caririemacao.com\/1\/wp-json\/wp\/v2\/media?parent=300223"}],"wp:term":[{"taxonomy":"category","embeddable":true,"href":"https:\/\/www.caririemacao.com\/1\/wp-json\/wp\/v2\/categories?post=300223"},{"taxonomy":"post_tag","embeddable":true,"href":"https:\/\/www.caririemacao.com\/1\/wp-json\/wp\/v2\/tags?post=300223"}],"curies":[{"name":"wp","href":"https:\/\/api.w.org\/{rel}","templated":true}]}}