{"id":300229,"date":"2025-06-07T07:44:11","date_gmt":"2025-06-07T10:44:11","guid":{"rendered":"https:\/\/www.caririemacao.com\/1\/?p=300229"},"modified":"2025-06-07T07:44:11","modified_gmt":"2025-06-07T10:44:11","slug":"anvisa-proibe-venda-e-consumo-de-tres-marcas-de-azeite","status":"publish","type":"post","link":"https:\/\/www.caririemacao.com\/1\/2025\/06\/07\/anvisa-proibe-venda-e-consumo-de-tres-marcas-de-azeite\/","title":{"rendered":"Anvisa pro\u00edbe venda e consumo de tr\u00eas marcas de azeite"},"content":{"rendered":"<div class=\"header-noticia full-width\">\n<div class=\"linha-fina-noticia\" style=\"text-align: center;\"><em><strong>Produtos devem ser apreendidos e retirados de comercializa\u00e7\u00e3o<\/strong><\/em><\/div>\n<\/div>\n<div class=\"container-autoria\" style=\"text-align: left;\"><\/div>\n<div>\n<p>A\u00a0Ag\u00eancia Nacional de Vigil\u00e2ncia Sanit\u00e1ria (Anvisa) proibiu ontem sexta-feira (6) a venda de tr\u00eas marcas de azeites. De acordo com a ag\u00eancia reguladora,\u00a0todos os lotes das marcas devem ser apreendidos e retirados do com\u00e9rcio.\u00a0<img decoding=\"async\" data-src=\"https:\/\/agenciabrasil.ebc.com.br\/ebc.png?id=1645870&amp;o=node\" src=\"data:image\/svg+xml;base64,PHN2ZyB3aWR0aD0iMSIgaGVpZ2h0PSIxIiB4bWxucz0iaHR0cDovL3d3dy53My5vcmcvMjAwMC9zdmciPjwvc3ZnPg==\" class=\"lazyload\" \/><img decoding=\"async\" data-src=\"https:\/\/agenciabrasil.ebc.com.br\/ebc.gif?id=1645870&amp;o=node\" src=\"data:image\/svg+xml;base64,PHN2ZyB3aWR0aD0iMSIgaGVpZ2h0PSIxIiB4bWxucz0iaHR0cDovL3d3dy53My5vcmcvMjAwMC9zdmciPjwvc3ZnPg==\" class=\"lazyload\" \/><\/p>\n<h2>Veja abaixo as marcas proibidas:<\/h2>\n<ul>\n<li>Azeite de oliva da marca\u00a0SERRANO, que traga em sua rotulagem como importadora a empresa\u00a0INTRALOG\u00cdSTICA DISTRIBUIDORA CONCEPT LTDA.\u00a0&#8211;\u00a0CNPJ: 72.726.474\/0002-07.<\/li>\n<li>Azeite de oliva extravirgem da marca\u00a0M\u00c1LAGA, que traga em sua rotulagem como importadora a empresa\u00a0CUNHA IMPORTA\u00c7\u00c3O E EXPORTA\u00c7\u00c3O LTDA.\u00a0&#8211; CNPJ: 34.365.877\/0001-06.<\/li>\n<li>Azeite da oliva extravirgem da marca\u00a0CAMPO OURIQUE, que traga em sua rotulagem como importadora a empresa\u00a0JJ &#8211; COMERCIAL DE ALIMENTOS LIMITADA\u00a0&#8211; CNPJ: 37.815.395\/0001-90.<\/li>\n<\/ul>\n<p>Os\u00a0<strong>produtos apreendidos tinham CNPJ encerrado, inexistente ou com falhas cadastrais, tiveram resultados insatisfat\u00f3rios em laudos de laborat\u00f3rios e origem desconhecida ou ignorada<\/strong>.<\/p>\n<p>Com a proibi\u00e7\u00e3o, as\u00a0<strong>marcas n\u00e3o podem ser vendidas, distribu\u00eddas, fabricadas, importadas ou divulgadas<\/strong>.<\/p>\n<blockquote><p>&#8220;Os consumidores n\u00e3o devem utilizar esses produtos. Como se trata de alimentos com origem desconhecida, n\u00e3o \u00e9 poss\u00edvel ter nenhuma garantia da qualidade e da pr\u00f3pria composi\u00e7\u00e3o dos produtos&#8221;, diz nota da Anvisa.<\/p><\/blockquote>\n<p>A Anvisa informa\u00a0<a href=\"http:\/\/%20https\/\/www.gov.br\/anvisa\/pt-br\/assuntos\/noticias-anvisa\/2025\/novos-lotes-de-azeites-clandestinos-estao-proibidos-e-devem-ser-recolhidos\" target=\"_blank\" rel=\"noopener\">ainda a lista dos azeites que est\u00e3o proibidos no pa\u00eds<\/a>.<\/p>\n<p>O Minist\u00e9rio da Agricultura e Pecu\u00e1ria (Mapa) divulgou, nesta sexta-feira (6), um\u00a0alerta para o risco que a ingest\u00e3o de\u00a0oito marcas de azeite de oliva j\u00e1 desclassificadas por fraude\u00a0representa para a sa\u00fade dos consumidores.<\/p>\n<p>As autoridades sanit\u00e1rias determinaram o recolhimento dos lotes considerados impr\u00f3prios para o consumo humano depois que t\u00e9cnicos do Laborat\u00f3rio Federal de Defesa Agropecu\u00e1ria identificaram a presen\u00e7a de outros \u00f3leos vegetais misturados ao azeite.<\/p>\n<p><strong>Caso algum consumidor tenha adquirido um dos produtos desclassificados<\/strong>, a orienta\u00e7\u00e3o \u00e9 que<strong>\u00a0n\u00e3o o utilize e procure o estabelecimento onde o adquiriu a fim de pedir sua substitui\u00e7\u00e3o<\/strong>, conforme prev\u00ea o C\u00f3digo de Defesa do Consumidor.<\/p>\n<p>FONTE: Ag\u00eancia Brasil<\/p>\n<\/div>\n","protected":false},"excerpt":{"rendered":"<p>Produtos devem ser apreendidos e retirados de comercializa\u00e7\u00e3o A\u00a0Ag\u00eancia Nacional de Vigil\u00e2ncia Sanit\u00e1ria (Anvisa) proibiu ontem sexta-feira (6) a venda de tr\u00eas marcas de azeites.&hellip; <\/p>\n","protected":false},"author":6,"featured_media":300230,"comment_status":"closed","ping_status":"closed","sticky":false,"template":"","format":"standard","meta":{"sfsi_plus_gutenberg_text_before_share":"","sfsi_plus_gutenberg_show_text_before_share":"","sfsi_plus_gutenberg_icon_type":"","sfsi_plus_gutenberg_icon_alignemt":"","sfsi_plus_gutenburg_max_per_row":"","footnotes":""},"categories":[50],"tags":[],"class_list":["post-300229","post","type-post","status-publish","format-standard","has-post-thumbnail","hentry","category-destaque"],"_links":{"self":[{"href":"https:\/\/www.caririemacao.com\/1\/wp-json\/wp\/v2\/posts\/300229","targetHints":{"allow":["GET"]}}],"collection":[{"href":"https:\/\/www.caririemacao.com\/1\/wp-json\/wp\/v2\/posts"}],"about":[{"href":"https:\/\/www.caririemacao.com\/1\/wp-json\/wp\/v2\/types\/post"}],"author":[{"embeddable":true,"href":"https:\/\/www.caririemacao.com\/1\/wp-json\/wp\/v2\/users\/6"}],"replies":[{"embeddable":true,"href":"https:\/\/www.caririemacao.com\/1\/wp-json\/wp\/v2\/comments?post=300229"}],"version-history":[{"count":1,"href":"https:\/\/www.caririemacao.com\/1\/wp-json\/wp\/v2\/posts\/300229\/revisions"}],"predecessor-version":[{"id":300231,"href":"https:\/\/www.caririemacao.com\/1\/wp-json\/wp\/v2\/posts\/300229\/revisions\/300231"}],"wp:featuredmedia":[{"embeddable":true,"href":"https:\/\/www.caririemacao.com\/1\/wp-json\/wp\/v2\/media\/300230"}],"wp:attachment":[{"href":"https:\/\/www.caririemacao.com\/1\/wp-json\/wp\/v2\/media?parent=300229"}],"wp:term":[{"taxonomy":"category","embeddable":true,"href":"https:\/\/www.caririemacao.com\/1\/wp-json\/wp\/v2\/categories?post=300229"},{"taxonomy":"post_tag","embeddable":true,"href":"https:\/\/www.caririemacao.com\/1\/wp-json\/wp\/v2\/tags?post=300229"}],"curies":[{"name":"wp","href":"https:\/\/api.w.org\/{rel}","templated":true}]}}