{"id":300233,"date":"2025-06-07T10:14:39","date_gmt":"2025-06-07T13:14:39","guid":{"rendered":"https:\/\/www.caririemacao.com\/1\/?p=300233"},"modified":"2025-06-07T10:14:39","modified_gmt":"2025-06-07T13:14:39","slug":"vereadores-de-sume-participam-de-audiencia-do-orcamento-democratico-em-serra-branca-presidente-jefferson-lidera-comitiva","status":"publish","type":"post","link":"https:\/\/www.caririemacao.com\/1\/2025\/06\/07\/vereadores-de-sume-participam-de-audiencia-do-orcamento-democratico-em-serra-branca-presidente-jefferson-lidera-comitiva\/","title":{"rendered":"Vereadores de Sum\u00e9 participam de audi\u00eancia do Or\u00e7amento Democr\u00e1tico em Serra Branca; presidente Jefferson lidera comitiva"},"content":{"rendered":"<p data-start=\"229\" data-end=\"629\">Os vereadores sumeenses Jefferson, Dida e Bruno marcaram presen\u00e7a na audi\u00eancia p\u00fablica do Or\u00e7amento Democr\u00e1tico Estadual (ODE), realizada nesta sexta-feira (06), no munic\u00edpio de Serra Branca. A comitiva foi liderada pelo presidente da C\u00e2mara Municipal de Sum\u00e9, Jefferson, que destacou a import\u00e2ncia da participa\u00e7\u00e3o ativa do Legislativo no processo de escuta popular promovido pelo Governo da Para\u00edba.<\/p>\n<p data-start=\"631\" data-end=\"1009\">O evento reuniu cerca de 3.860 pessoas no gin\u00e1sio Wamberto Torre\u00e3o (Odonz\u00e3o) e contou com a presen\u00e7a do governador Jo\u00e3o Azev\u00eado, que anunciou investimentos superiores a R$ 14 milh\u00f5es para a regi\u00e3o, incluindo entregas de cisternas, passagens molhadas, escrituras p\u00fablicas, dessalinizadores, contratos do Empreender PB, reformas de escolas e equipamentos para a seguran\u00e7a p\u00fablica.<\/p>\n<p data-start=\"1011\" data-end=\"1503\">Durante a plen\u00e1ria, o vereador e presidente Jefferson ressaltou o papel do munic\u00edpio na constru\u00e7\u00e3o de uma Para\u00edba mais participativa.<\/p>\n<p data-start=\"1011\" data-end=\"1503\">\u201cSum\u00e9 n\u00e3o poderia ficar de fora desse importante momento de escuta e defini\u00e7\u00e3o de prioridades para o nosso povo. Viemos reafirmar o nosso compromisso com a popula\u00e7\u00e3o, apresentando demandas reais e defendendo investimentos que fa\u00e7am a diferen\u00e7a na vida das pessoas. A presen\u00e7a do Legislativo \u00e9 essencial para dar voz aos anseios da nossa comunidade\u201d, afirmou.<\/p>\n<p data-start=\"1505\" data-end=\"1765\">A comitiva de Sum\u00e9 tamb\u00e9m acompanhou as reivindica\u00e7\u00f5es apresentadas por lideran\u00e7as comunit\u00e1rias, como a pavimenta\u00e7\u00e3o da PB-248 e a constru\u00e7\u00e3o de uma escola de ensino m\u00e9dio em munic\u00edpios vizinhos, refor\u00e7ando a uni\u00e3o regional por melhorias estruturais e sociais.<\/p>\n<p data-start=\"1767\" data-end=\"1983\">Os vereadores voltam ao munic\u00edpio com o sentimento de dever cumprido e com a expectativa de que as demandas apresentadas sejam acolhidas pelo Governo da Para\u00edba na constru\u00e7\u00e3o do Projeto de Lei Or\u00e7ament\u00e1ria para 2026.<\/p>\n<p data-start=\"1767\" data-end=\"1983\">\n<p data-start=\"1767\" data-end=\"1983\"><strong>CARIRI EM A\u00c7\u00c3O<\/strong><\/p>\n","protected":false},"excerpt":{"rendered":"<p>Os vereadores sumeenses Jefferson, Dida e Bruno marcaram presen\u00e7a na audi\u00eancia p\u00fablica do Or\u00e7amento Democr\u00e1tico Estadual (ODE), realizada nesta sexta-feira (06), no munic\u00edpio de Serra&hellip; <\/p>\n","protected":false},"author":6,"featured_media":300234,"comment_status":"closed","ping_status":"closed","sticky":false,"template":"","format":"standard","meta":{"sfsi_plus_gutenberg_text_before_share":"","sfsi_plus_gutenberg_show_text_before_share":"","sfsi_plus_gutenberg_icon_type":"","sfsi_plus_gutenberg_icon_alignemt":"","sfsi_plus_gutenburg_max_per_row":"","footnotes":""},"categories":[50,2,95],"tags":[],"class_list":["post-300233","post","type-post","status-publish","format-standard","has-post-thumbnail","hentry","category-destaque","category-geral","category-sume"],"_links":{"self":[{"href":"https:\/\/www.caririemacao.com\/1\/wp-json\/wp\/v2\/posts\/300233","targetHints":{"allow":["GET"]}}],"collection":[{"href":"https:\/\/www.caririemacao.com\/1\/wp-json\/wp\/v2\/posts"}],"about":[{"href":"https:\/\/www.caririemacao.com\/1\/wp-json\/wp\/v2\/types\/post"}],"author":[{"embeddable":true,"href":"https:\/\/www.caririemacao.com\/1\/wp-json\/wp\/v2\/users\/6"}],"replies":[{"embeddable":true,"href":"https:\/\/www.caririemacao.com\/1\/wp-json\/wp\/v2\/comments?post=300233"}],"version-history":[{"count":1,"href":"https:\/\/www.caririemacao.com\/1\/wp-json\/wp\/v2\/posts\/300233\/revisions"}],"predecessor-version":[{"id":300235,"href":"https:\/\/www.caririemacao.com\/1\/wp-json\/wp\/v2\/posts\/300233\/revisions\/300235"}],"wp:featuredmedia":[{"embeddable":true,"href":"https:\/\/www.caririemacao.com\/1\/wp-json\/wp\/v2\/media\/300234"}],"wp:attachment":[{"href":"https:\/\/www.caririemacao.com\/1\/wp-json\/wp\/v2\/media?parent=300233"}],"wp:term":[{"taxonomy":"category","embeddable":true,"href":"https:\/\/www.caririemacao.com\/1\/wp-json\/wp\/v2\/categories?post=300233"},{"taxonomy":"post_tag","embeddable":true,"href":"https:\/\/www.caririemacao.com\/1\/wp-json\/wp\/v2\/tags?post=300233"}],"curies":[{"name":"wp","href":"https:\/\/api.w.org\/{rel}","templated":true}]}}