{"id":300236,"date":"2025-06-07T10:18:10","date_gmt":"2025-06-07T13:18:10","guid":{"rendered":"https:\/\/www.caririemacao.com\/1\/?p=300236"},"modified":"2025-06-07T10:18:10","modified_gmt":"2025-06-07T13:18:10","slug":"prefeito-marcio-leite-e-vereadores-de-sao-joao-do-tigre-participam-do-orcamento-democratico-ao-lado-do-governador-joao-azevedo","status":"publish","type":"post","link":"https:\/\/www.caririemacao.com\/1\/2025\/06\/07\/prefeito-marcio-leite-e-vereadores-de-sao-joao-do-tigre-participam-do-orcamento-democratico-ao-lado-do-governador-joao-azevedo\/","title":{"rendered":"Prefeito M\u00e1rcio Leite e vereadores de S\u00e3o Jo\u00e3o do Tigre participam do Or\u00e7amento Democr\u00e1tico ao lado do governador Jo\u00e3o Azev\u00eado"},"content":{"rendered":"<p data-start=\"303\" data-end=\"707\">O munic\u00edpio de S\u00e3o Jo\u00e3o do Tigre esteve representado na audi\u00eancia do Or\u00e7amento Democr\u00e1tico Estadual (ODE), realizada nesta sexta-feira (06), em Serra Branca, por uma comitiva composta pelo prefeito M\u00e1rcio Leite, pelo presidente da C\u00e2mara Municipal, Arn\u00f3bio Pereira, e pelos vereadores da base, que marcaram presen\u00e7a no evento ao lado do governador Jo\u00e3o Azev\u00eado e demais autoridades estaduais.<\/p>\n<p data-start=\"709\" data-end=\"953\">A plen\u00e1ria, que aconteceu no gin\u00e1sio Wamberto Torre\u00e3o (Odonz\u00e3o), reuniu cerca de 3.860 pessoas e foi marcada pela entrega de benef\u00edcios, an\u00fancios de novos investimentos e di\u00e1logo direto com a popula\u00e7\u00e3o da 5\u00aa Regi\u00e3o Geoadministrativa da Para\u00edba.<\/p>\n<p data-start=\"955\" data-end=\"1521\">Durante o evento, o prefeito M\u00e1rcio Leite destacou a import\u00e2ncia da participa\u00e7\u00e3o ativa dos munic\u00edpios nas decis\u00f5es que constroem o futuro da regi\u00e3o.<\/p>\n<p data-start=\"955\" data-end=\"1521\">\u201cO Or\u00e7amento Democr\u00e1tico \u00e9 uma ferramenta essencial para que a popula\u00e7\u00e3o tenha voz e para que os gestores estejam atentos \u00e0s reais necessidades dos munic\u00edpios. S\u00e3o Jo\u00e3o do Tigre est\u00e1 presente, com responsabilidade e compromisso, reivindicando obras, a\u00e7\u00f5es e melhorias para nosso povo. Agradecemos ao governador Jo\u00e3o Azev\u00eado pela escuta e pelos investimentos j\u00e1 realizados na nossa cidade\u201d, afirmou o gestor.<\/p>\n<p data-start=\"1523\" data-end=\"1983\">O presidente da C\u00e2mara, Arn\u00f3bio Pereira, tamb\u00e9m refor\u00e7ou a uni\u00e3o entre os Poderes em prol da popula\u00e7\u00e3o tigrense.<\/p>\n<p data-start=\"1523\" data-end=\"1983\">\u201cViemos juntos, Executivo e Legislativo, mostrar que S\u00e3o Jo\u00e3o do Tigre est\u00e1 alinhado com as demandas da sua gente. Esse \u00e9 um momento de ouvir, propor e lutar por mais qualidade de vida. Nosso papel como vereadores \u00e9 justamente esse: representar bem o povo e contribuir para que os recursos cheguem a quem mais precisa\u201d, declarou Arn\u00f3bio.<\/p>\n<p data-start=\"1985\" data-end=\"2235\">A comitiva tigrense acompanhou os an\u00fancios de mais de R$ 14 milh\u00f5es em investimentos para a regi\u00e3o, incluindo passagens molhadas, cisternas, ordens de servi\u00e7o para reformas de escolas, equipamentos para seguran\u00e7a p\u00fablica e contratos do Empreender PB.<\/p>\n<p data-start=\"1985\" data-end=\"2235\">\n<p data-start=\"1985\" data-end=\"2235\"><strong>CARIRI EM A\u00c7\u00c3O<\/strong><\/p>\n","protected":false},"excerpt":{"rendered":"<p>O munic\u00edpio de S\u00e3o Jo\u00e3o do Tigre esteve representado na audi\u00eancia do Or\u00e7amento Democr\u00e1tico Estadual (ODE), realizada nesta sexta-feira (06), em Serra Branca, por uma&hellip; <\/p>\n","protected":false},"author":6,"featured_media":300237,"comment_status":"closed","ping_status":"closed","sticky":false,"template":"","format":"standard","meta":{"sfsi_plus_gutenberg_text_before_share":"","sfsi_plus_gutenberg_show_text_before_share":"","sfsi_plus_gutenberg_icon_type":"","sfsi_plus_gutenberg_icon_alignemt":"","sfsi_plus_gutenburg_max_per_row":"","footnotes":""},"categories":[50,2,89],"tags":[],"class_list":["post-300236","post","type-post","status-publish","format-standard","has-post-thumbnail","hentry","category-destaque","category-geral","category-sao-joao-do-tigre"],"_links":{"self":[{"href":"https:\/\/www.caririemacao.com\/1\/wp-json\/wp\/v2\/posts\/300236","targetHints":{"allow":["GET"]}}],"collection":[{"href":"https:\/\/www.caririemacao.com\/1\/wp-json\/wp\/v2\/posts"}],"about":[{"href":"https:\/\/www.caririemacao.com\/1\/wp-json\/wp\/v2\/types\/post"}],"author":[{"embeddable":true,"href":"https:\/\/www.caririemacao.com\/1\/wp-json\/wp\/v2\/users\/6"}],"replies":[{"embeddable":true,"href":"https:\/\/www.caririemacao.com\/1\/wp-json\/wp\/v2\/comments?post=300236"}],"version-history":[{"count":1,"href":"https:\/\/www.caririemacao.com\/1\/wp-json\/wp\/v2\/posts\/300236\/revisions"}],"predecessor-version":[{"id":300238,"href":"https:\/\/www.caririemacao.com\/1\/wp-json\/wp\/v2\/posts\/300236\/revisions\/300238"}],"wp:featuredmedia":[{"embeddable":true,"href":"https:\/\/www.caririemacao.com\/1\/wp-json\/wp\/v2\/media\/300237"}],"wp:attachment":[{"href":"https:\/\/www.caririemacao.com\/1\/wp-json\/wp\/v2\/media?parent=300236"}],"wp:term":[{"taxonomy":"category","embeddable":true,"href":"https:\/\/www.caririemacao.com\/1\/wp-json\/wp\/v2\/categories?post=300236"},{"taxonomy":"post_tag","embeddable":true,"href":"https:\/\/www.caririemacao.com\/1\/wp-json\/wp\/v2\/tags?post=300236"}],"curies":[{"name":"wp","href":"https:\/\/api.w.org\/{rel}","templated":true}]}}