{"id":30082,"date":"2017-10-06T05:17:06","date_gmt":"2017-10-06T08:17:06","guid":{"rendered":"http:\/\/caririemacao.com\/1\/?p=30082"},"modified":"2017-10-06T05:17:06","modified_gmt":"2017-10-06T08:17:06","slug":"sai-edital-de-concurso-dos-correios","status":"publish","type":"post","link":"https:\/\/www.caririemacao.com\/1\/2017\/10\/06\/sai-edital-de-concurso-dos-correios\/","title":{"rendered":"Sai edital de concurso dos Correios"},"content":{"rendered":"<p>Os Correios divulgaram nesta quinta-feira (5), o edital de concurso p\u00fablico, em \u00e2mbito nacional, para o preenchimento de vagas nas \u00e1reas de Seguran\u00e7a e Medicina do Trabalho.<\/p>\n<p>Organizado pelo IADES, o certame abrange o preenchimento de vagas e forma\u00e7\u00e3o de cadastro reserva para todas as unidades da federa\u00e7\u00e3o, com exce\u00e7\u00e3o do Mato Grosso.<\/p>\n<p>As vagas s\u00e3o para os cargos de Auxiliar de Enfermagem do Trabalho, T\u00e9cnico de Seguran\u00e7a do Trabalho, Enfermeiro do Trabalho, Engenheiro de Seguran\u00e7a do Trabalho e M\u00e9dico do Trabalho.<\/p>\n<p>As inscri\u00e7\u00f5es dever\u00e3o ser realizadas apenas pela internet, no site da organizadora do concurso, no per\u00edodo de 9 a 20 de outubro. O valor da inscri\u00e7\u00e3o \u00e9 de R$ 50,00 (cinquenta reais), para os cargos de Auxiliar de Enfermagem do Trabalho e T\u00e9cnico em Seguran\u00e7a do Trabalho, e R$ 70,00 (setenta reais), para os cargos de Enfermeiro do Trabalho, Engenheiro de Seguran\u00e7a do Trabalho e M\u00e9dico do Trabalho.<\/p>\n<p>As provas objetivas para todos os cargos, constitu\u00eddas de 50 (cinquenta) quest\u00f5es de m\u00faltipla escolha, ocorrer\u00e3o na data prov\u00e1vel de 26 de novembro, no turno da tarde, com dura\u00e7\u00e3o de 4 horas.<\/p>\n<p>A sele\u00e7\u00e3o objetiva repor o quadro de profissionais t\u00e9cnico-especializados cumprindo \u00e0s exig\u00eancias do Minist\u00e9rio do Trabalho. Entre outros crit\u00e9rios, existe a exig\u00eancia legal m\u00ednima de um quantitativo de cargos para compor o SESMT (Servi\u00e7o Especializado em Seguran\u00e7a e Medicina do Trabalho) da empresa.<\/p>\n<p>Os candidatos aprovados ser\u00e3o chamados para assinar contrato individual de trabalho com os Correios, de acordo com a classifica\u00e7\u00e3o obtida, a localidade selecionada e as necessidades da empresa.<\/p>\n<p>O contrato de trabalho ser\u00e1 regido pela Consolida\u00e7\u00e3o da Leis do Trabalho \u2013 CLT, inclusive no que diz respeito ao per\u00edodo de experi\u00eancia e \u00e0 rescis\u00e3o, sujeitando-se \u00e0s normas do Regulamento Interno de Pessoal e do Plano de Carreiras, Cargos e Sal\u00e1rios da empresa.<\/p>\n<p>Outras informa\u00e7\u00f5es poder\u00e3o ser obtidas no\u00a0<a href=\"http:\/\/www.iades.com.br\/inscricao\" data-saferedirecturl=\"https:\/\/www.google.com\/url?hl=pt-BR&amp;q=http:\/\/www.iades.com.br\/inscricao&amp;source=gmail&amp;ust=1507308417709000&amp;usg=AFQjCNGO36MkHpv4WuTGIJ1TXM09ZHYuzw\">site da organizadora do concurso<\/a>\u00a0e no\u00a0<a href=\"http:\/\/www2.correios.com.br\/institucional\/concursos\/correios\/lst_concurso.cfm?con_nu=1091\" data-saferedirecturl=\"https:\/\/www.google.com\/url?hl=pt-BR&amp;q=http:\/\/www2.correios.com.br\/institucional\/concursos\/correios\/lst_concurso.cfm?con_nu%3D1091&amp;source=gmail&amp;ust=1507308417709000&amp;usg=AFQjCNH2y6ElW6QNpT30SJDPRh-h5esbrA\">site dos Correios<\/a>.<\/p>\n<p><strong>CARIRI EM A\u00c7\u00c3O<\/strong><\/p>\n<p><em>Com G1 \/Foto: Google\u00a0\u00a0 <\/em><\/p>\n<p><strong>Leia mais not\u00edcias em\u00a0<\/strong><a href=\"http:\/\/www.caririemacao.com\/\"><strong>caririemacao.com<\/strong><\/a><strong>, siga nossa p\u00e1gina no\u00a0<\/strong><a href=\"https:\/\/www.facebook.com\/CaririEmAcao\/?ref=aymt_homepage_panel\"><strong>Facebook<\/strong><\/a>,<strong>\u00a0<\/strong><a href=\"https:\/\/www.instagram.com\/cariri_em_acao\/?hl=pt-br\"><strong>Instagram<\/strong><\/a><strong>\u00a0e <\/strong><a href=\"https:\/\/www.youtube.com\/channel\/UCAptA0jQuYQy8vMhLt2m4qg\"><strong>Youtube<\/strong><\/a><strong>\u00a0e veja nossas mat\u00e9rias, v\u00eddeos e fotos. Voc\u00ea tamb\u00e9m pode enviar informa\u00e7\u00f5es \u00e0 Reda\u00e7\u00e3o do Portal Cariri em A\u00e7\u00e3o pelo WhatsApp (83) 9 9634.5791, (83) 9 9601-1162.<\/strong><\/p>\n<div class=\"td-a-rec td-a-rec-id-content_bottom \">\n<div class=\"td-all-devices\"><\/div>\n<\/div>\n","protected":false},"excerpt":{"rendered":"<p>Os Correios divulgaram nesta quinta-feira (5), o edital de concurso p\u00fablico, em \u00e2mbito nacional, para o preenchimento de vagas nas \u00e1reas de Seguran\u00e7a e Medicina&hellip; <\/p>\n","protected":false},"author":2,"featured_media":3385,"comment_status":"closed","ping_status":"closed","sticky":false,"template":"","format":"standard","meta":{"sfsi_plus_gutenberg_text_before_share":"","sfsi_plus_gutenberg_show_text_before_share":"","sfsi_plus_gutenberg_icon_type":"","sfsi_plus_gutenberg_icon_alignemt":"","sfsi_plus_gutenburg_max_per_row":"","footnotes":""},"categories":[2],"tags":[],"class_list":["post-30082","post","type-post","status-publish","format-standard","has-post-thumbnail","hentry","category-geral"],"_links":{"self":[{"href":"https:\/\/www.caririemacao.com\/1\/wp-json\/wp\/v2\/posts\/30082","targetHints":{"allow":["GET"]}}],"collection":[{"href":"https:\/\/www.caririemacao.com\/1\/wp-json\/wp\/v2\/posts"}],"about":[{"href":"https:\/\/www.caririemacao.com\/1\/wp-json\/wp\/v2\/types\/post"}],"author":[{"embeddable":true,"href":"https:\/\/www.caririemacao.com\/1\/wp-json\/wp\/v2\/users\/2"}],"replies":[{"embeddable":true,"href":"https:\/\/www.caririemacao.com\/1\/wp-json\/wp\/v2\/comments?post=30082"}],"version-history":[{"count":0,"href":"https:\/\/www.caririemacao.com\/1\/wp-json\/wp\/v2\/posts\/30082\/revisions"}],"wp:featuredmedia":[{"embeddable":true,"href":"https:\/\/www.caririemacao.com\/1\/wp-json\/wp\/v2\/media\/3385"}],"wp:attachment":[{"href":"https:\/\/www.caririemacao.com\/1\/wp-json\/wp\/v2\/media?parent=30082"}],"wp:term":[{"taxonomy":"category","embeddable":true,"href":"https:\/\/www.caririemacao.com\/1\/wp-json\/wp\/v2\/categories?post=30082"},{"taxonomy":"post_tag","embeddable":true,"href":"https:\/\/www.caririemacao.com\/1\/wp-json\/wp\/v2\/tags?post=30082"}],"curies":[{"name":"wp","href":"https:\/\/api.w.org\/{rel}","templated":true}]}}