{"id":301097,"date":"2025-06-28T03:58:59","date_gmt":"2025-06-28T06:58:59","guid":{"rendered":"https:\/\/www.caririemacao.com\/1\/?p=301097"},"modified":"2025-06-28T03:58:59","modified_gmt":"2025-06-28T06:58:59","slug":"lula-ataca-bolsonaro-e-diz-que-enquanto-tiver-forcas-mentiroso-nunca-mais-ganha-eleicao","status":"publish","type":"post","link":"https:\/\/www.caririemacao.com\/1\/2025\/06\/28\/lula-ataca-bolsonaro-e-diz-que-enquanto-tiver-forcas-mentiroso-nunca-mais-ganha-eleicao\/","title":{"rendered":"Lula ataca Bolsonaro e diz que, enquanto tiver for\u00e7as, \u2018mentiroso\u2019 nunca mais ganha elei\u00e7\u00e3o"},"content":{"rendered":"<div class=\"subtitulo mb-3\"><em><strong>Presidente proferiu declara\u00e7\u00e3o durante entrega de t\u00edtulos de regulariza\u00e7\u00e3o fundi\u00e1ria no Tocantins<\/strong><\/em><\/div>\n<div><\/div>\n<div>\n<p>O presidente Luiz In\u00e1cio Lula da Silva (PT) afirmou, ontem sexta-feira (27), que, enquanto tiver for\u00e7as, n\u00e3o vai permitir que \u201cum cidad\u00e3o mentiroso\u201d ven\u00e7a as elei\u00e7\u00f5es no Brasil. O petista n\u00e3o citou nomes especificamente ao proferir a fala durante discurso no Tocantins.<\/p>\n<p>Em outros momentos, por\u00e9m, fez cr\u00edticas ao governo do ex-presidente Jair Bolsonaro (PL), que est\u00e1 ineleg\u00edvel at\u00e9 2030 e \u00e9 r\u00e9u no STF (Supremo Tribunal Federal) acusado de liderar uma trama golpista. Lula tamb\u00e9m fez aceno a empreendedores.<\/p>\n<p>\u201cEnquanto eu tiver for\u00e7as, nunca mais um cidad\u00e3o mentiroso vai ganhar as elei\u00e7\u00f5es nesse pa\u00eds para enganar o povo. Eu tenho 79 anos de idade, tenho falado com Deus e quero viver at\u00e9 120 anos, primeiro porque estou com muita sa\u00fade. Digo para a Janja que estou melhor agora [quase com] com 80 [anos] do que quando tinha 50\u201d, afirmou Lula.<\/p>\n<p>A declara\u00e7\u00e3o aconteceu durante cerim\u00f4nia de entrega de t\u00edtulos de regulariza\u00e7\u00e3o fundi\u00e1ria, em Araguatins, na regi\u00e3o do Bico do Papagaio, no norte do Tocantins, a 601 quil\u00f4metros da capital estadual Palmas.<\/p>\n<p>\u201cQuem quiser nos vencer vai ter que andar esse pa\u00eds disputando com a gente nas ruas desse pa\u00eds e assumir compromissos com voc\u00eas. Vai ter que dizer porque a economia, o sal\u00e1rio m\u00ednimo e o emprego s\u00f3 crescem com Lula na Presid\u00eancia\u201d, acrescentou o presidente.<\/p>\n<p>Em outro momento, o presidente fez um gesto alusivo a uma banana com o bra\u00e7o. \u201cTem gente que acha que a gente gosta de comer comida de segunda [categoria], que acha que a gente s\u00f3 gosta de comer ovo, comer as coisas compradas no fim da feira e que a gente s\u00f3 gosta de se vestir mal. Aqui pra eles\u201d, disse Lula, fazendo o gesto com o bra\u00e7o. \u201cA gente quer ganhar bem, estudar bem, morar bem, construir nossa fam\u00edlia com dignidade e com respeito.\u201d<\/p>\n<p>Lula tamb\u00e9m fez cr\u00edticas ao governo do ex-presidente Jair Bolsonaro e acenou a empreendedores.<\/p>\n<p>\u201cCad\u00ea a Casa Verde e Amarela? A Carteira de Trabalho Verde e Amarela? O trabalhador n\u00e3o quer saber da cor, quer trabalho. Muitos trabalhadores n\u00e3o querem trabalhar com carteira assinada, querem trabalhar por conta pr\u00f3pria. Querem ser empreendedores. O que o governo quer fazer? Apoiar. Quem quer carteira assinada, vai ter carteira assinada. Quem quer trabalhar por conta pr\u00f3pria vai ter cr\u00e9dito\u201d, disse.<\/p>\n<p>Lula tamb\u00e9m disse que n\u00e3o quer saber em quem os fazendeiros do agroneg\u00f3cio votaram ao comentar a previs\u00e3o de lan\u00e7amento, na pr\u00f3xima segunda-feira (30), do Plano Safra da Agricultura Familiar 2025\/26. A cerim\u00f4nia ser\u00e1 realizada em Bras\u00edlia e deve ter an\u00fancios de financiamentos e juros especiais para o setor.<\/p>\n<p>\u201cN\u00e3o vou perguntar para quem o fazendeiro votou. N\u00e3o me interessa. N\u00e3o quero saber se ele \u00e9 um fazendeiro que faz Pix para ajudar o Bolsonaro na vagabundagem dele. O que quero saber \u00e9 se ele est\u00e1 produzindo para o Pa\u00eds. Se ele estiver ajudando o Pa\u00eds, vai ter cr\u00e9dito. N\u00f3s devemos muito \u00e0 agricultura brasileira\u201d, afirmou Lula.<\/p>\n<p>O evento contou com participa\u00e7\u00e3o de ministros e de parlamentares, como os senadores Dorinha Seabra (Uni\u00e3o Brasil-TO) e Iraj\u00e1 Abreu (PSD-TO), filho da ex-senadora pelo Tocantins K\u00e1tia Abreu.<\/p>\n<p>O governador do Tocantins, Wanderlei Barbosa (Republicanos), que apoiou Bolsonaro no segundo turno das elei\u00e7\u00f5es de 2022, fez elogios \u00e0 parceria com o governo federal e disse que, em outras ocasi\u00f5es, j\u00e1 votou em Lula.<\/p>\n<p>\u201cNunca as quest\u00f5es ideol\u00f3gicas ir\u00e3o nos atrapalhar. Sabemos o quanto o senhor tem uma hist\u00f3ria bonita nesse pa\u00eds e respeitamos. Em algum momento na minha vida pol\u00edtica, j\u00e1 votei no senhor, mostrei isso ao senhor e tenho muito respeito pelo senhor\u201d, disse o chefe do Executivo tocantinense durante discurso.<\/p>\n<p>Quando fez o seu discurso, o presidente Lula resgatou a fala do governador. \u201cNunca perguntei pra um governador em quem voc\u00ea votou ou n\u00e3o, mas voc\u00ea disse agora h\u00e1 pouco que um dia j\u00e1 votou em mim, mas preciso dizer que um bom filho \u00e0 casa retorna\u201d, disse o petista, provocando um momento de descontra\u00e7\u00e3o dos participantes do evento.<\/p>\n<p>\u201cQuando um homem tem d\u00favida, pergunta pra mulher, que ela sabe\u201d, afirmou Lula. Nesse momento, a primeira-dama do Tocantins, Karynne Sotero Campos, fez o L alusivo ao presidente com as duas m\u00e3os.<\/p>\n<p>FONTE: Portal Correio<\/p>\n<\/div>\n","protected":false},"excerpt":{"rendered":"<p>Presidente proferiu declara\u00e7\u00e3o durante entrega de t\u00edtulos de regulariza\u00e7\u00e3o fundi\u00e1ria no Tocantins O presidente Luiz In\u00e1cio Lula da Silva (PT) afirmou, ontem sexta-feira (27), que,&hellip; <\/p>\n","protected":false},"author":6,"featured_media":301098,"comment_status":"closed","ping_status":"closed","sticky":false,"template":"","format":"standard","meta":{"sfsi_plus_gutenberg_text_before_share":"","sfsi_plus_gutenberg_show_text_before_share":"","sfsi_plus_gutenberg_icon_type":"","sfsi_plus_gutenberg_icon_alignemt":"","sfsi_plus_gutenburg_max_per_row":"","footnotes":""},"categories":[50],"tags":[],"class_list":["post-301097","post","type-post","status-publish","format-standard","has-post-thumbnail","hentry","category-destaque"],"_links":{"self":[{"href":"https:\/\/www.caririemacao.com\/1\/wp-json\/wp\/v2\/posts\/301097","targetHints":{"allow":["GET"]}}],"collection":[{"href":"https:\/\/www.caririemacao.com\/1\/wp-json\/wp\/v2\/posts"}],"about":[{"href":"https:\/\/www.caririemacao.com\/1\/wp-json\/wp\/v2\/types\/post"}],"author":[{"embeddable":true,"href":"https:\/\/www.caririemacao.com\/1\/wp-json\/wp\/v2\/users\/6"}],"replies":[{"embeddable":true,"href":"https:\/\/www.caririemacao.com\/1\/wp-json\/wp\/v2\/comments?post=301097"}],"version-history":[{"count":1,"href":"https:\/\/www.caririemacao.com\/1\/wp-json\/wp\/v2\/posts\/301097\/revisions"}],"predecessor-version":[{"id":301099,"href":"https:\/\/www.caririemacao.com\/1\/wp-json\/wp\/v2\/posts\/301097\/revisions\/301099"}],"wp:featuredmedia":[{"embeddable":true,"href":"https:\/\/www.caririemacao.com\/1\/wp-json\/wp\/v2\/media\/301098"}],"wp:attachment":[{"href":"https:\/\/www.caririemacao.com\/1\/wp-json\/wp\/v2\/media?parent=301097"}],"wp:term":[{"taxonomy":"category","embeddable":true,"href":"https:\/\/www.caririemacao.com\/1\/wp-json\/wp\/v2\/categories?post=301097"},{"taxonomy":"post_tag","embeddable":true,"href":"https:\/\/www.caririemacao.com\/1\/wp-json\/wp\/v2\/tags?post=301097"}],"curies":[{"name":"wp","href":"https:\/\/api.w.org\/{rel}","templated":true}]}}