{"id":301100,"date":"2025-06-28T04:05:01","date_gmt":"2025-06-28T07:05:01","guid":{"rendered":"https:\/\/www.caririemacao.com\/1\/?p=301100"},"modified":"2025-06-28T04:05:01","modified_gmt":"2025-06-28T07:05:01","slug":"contas-de-luz-permanecem-com-bandeira-tarifaria-vermelha-em-julho","status":"publish","type":"post","link":"https:\/\/www.caririemacao.com\/1\/2025\/06\/28\/contas-de-luz-permanecem-com-bandeira-tarifaria-vermelha-em-julho\/","title":{"rendered":"Contas de luz permanecem com bandeira tarif\u00e1ria vermelha em julho"},"content":{"rendered":"<div class=\"header-noticia full-width\">\n<div class=\"linha-fina-noticia\" style=\"text-align: center;\"><strong>Adicional \u00e9 de R$ 4,46 a cada 100 kW\/h consumidos<\/strong><\/div>\n<div><\/div>\n<\/div>\n<div class=\"container-autoria\">\n<p>A bandeira tarif\u00e1ria para o m\u00eas de julho permanece vermelha patamar 1, a\u00a0mesma sinaliza\u00e7\u00e3o que ocorreu em junho. Com isso, as contas de energia el\u00e9trica continuar\u00e3o recebendo adicional de R$ 4,46 para cada 100 quilowatts-hora (kWh) consumidos.<\/p>\n<p>Segundo a Ag\u00eancia Nacional de Energia El\u00e9trica (Aneel),\u00a0a continuidade do cen\u00e1rio de chuvas abaixo da m\u00e9dia em todo o pa\u00eds reduz a gera\u00e7\u00e3o de energia por hidrel\u00e9tricas.\u00a0<img decoding=\"async\" data-src=\"https:\/\/agenciabrasil.ebc.com.br\/ebc.png?id=1648713&amp;o=node\" src=\"data:image\/svg+xml;base64,PHN2ZyB3aWR0aD0iMSIgaGVpZ2h0PSIxIiB4bWxucz0iaHR0cDovL3d3dy53My5vcmcvMjAwMC9zdmciPjwvc3ZnPg==\" class=\"lazyload\" \/><img decoding=\"async\" data-src=\"https:\/\/agenciabrasil.ebc.com.br\/ebc.gif?id=1648713&amp;o=node\" src=\"data:image\/svg+xml;base64,PHN2ZyB3aWR0aD0iMSIgaGVpZ2h0PSIxIiB4bWxucz0iaHR0cDovL3d3dy53My5vcmcvMjAwMC9zdmciPjwvc3ZnPg==\" class=\"lazyload\" \/><\/p>\n<blockquote><p>\u201cEsse quadro tende a elevar os custos de gera\u00e7\u00e3o de energia, devido \u00e0 necessidade de acionamento de fontes mais onerosas para gera\u00e7\u00e3o, como as usinas termel\u00e9tricas\u201d, explicou a Ag\u00eancia, em nota.<br \/>\nBandeiras<\/p><\/blockquote>\n<h2>Bandeiras Tarif\u00e1rias<\/h2>\n<p>Criado em 2015 pela Aneel, o sistema de bandeiras tarif\u00e1rias reflete os custos vari\u00e1veis da gera\u00e7\u00e3o de energia el\u00e9trica.\u00a0<strong>Divididas em n\u00edveis, as bandeiras indicam quanto est\u00e1 custando para o Sistema Interligado Nacional (SIN) gerar a energia\u00a0<\/strong>usada nas resid\u00eancias, em estabelecimentos comerciais e nas ind\u00fastrias.<\/p>\n<p>Quando a conta de luz \u00e9 calculada pela bandeira verde, n\u00e3o h\u00e1 nenhum acr\u00e9scimo. Quando s\u00e3o aplicadas as bandeiras vermelha ou amarela, a conta sofre acr\u00e9scimos a cada 100 quilowatts-hora (kWh) consumidos.<\/p>\n<blockquote><p>\u201cCom o acionamento da bandeira vermelha patamar 1, a Aneel refor\u00e7a a import\u00e2ncia da conscientiza\u00e7\u00e3o e do uso respons\u00e1vel da energia el\u00e9trica. A economia de energia tamb\u00e9m contribui para a preserva\u00e7\u00e3o dos recursos naturais e para a sustentabilidade do setor el\u00e9trico como um todo\u201d, diz a Aneel.<\/p><\/blockquote>\n<p>FONTE: Ag\u00eancia Brasil<\/p>\n<\/div>\n","protected":false},"excerpt":{"rendered":"<p>Adicional \u00e9 de R$ 4,46 a cada 100 kW\/h consumidos A bandeira tarif\u00e1ria para o m\u00eas de julho permanece vermelha patamar 1, a\u00a0mesma sinaliza\u00e7\u00e3o que&hellip; <\/p>\n","protected":false},"author":6,"featured_media":301101,"comment_status":"closed","ping_status":"closed","sticky":false,"template":"","format":"standard","meta":{"sfsi_plus_gutenberg_text_before_share":"","sfsi_plus_gutenberg_show_text_before_share":"","sfsi_plus_gutenberg_icon_type":"","sfsi_plus_gutenberg_icon_alignemt":"","sfsi_plus_gutenburg_max_per_row":"","footnotes":""},"categories":[50],"tags":[],"class_list":["post-301100","post","type-post","status-publish","format-standard","has-post-thumbnail","hentry","category-destaque"],"_links":{"self":[{"href":"https:\/\/www.caririemacao.com\/1\/wp-json\/wp\/v2\/posts\/301100","targetHints":{"allow":["GET"]}}],"collection":[{"href":"https:\/\/www.caririemacao.com\/1\/wp-json\/wp\/v2\/posts"}],"about":[{"href":"https:\/\/www.caririemacao.com\/1\/wp-json\/wp\/v2\/types\/post"}],"author":[{"embeddable":true,"href":"https:\/\/www.caririemacao.com\/1\/wp-json\/wp\/v2\/users\/6"}],"replies":[{"embeddable":true,"href":"https:\/\/www.caririemacao.com\/1\/wp-json\/wp\/v2\/comments?post=301100"}],"version-history":[{"count":1,"href":"https:\/\/www.caririemacao.com\/1\/wp-json\/wp\/v2\/posts\/301100\/revisions"}],"predecessor-version":[{"id":301102,"href":"https:\/\/www.caririemacao.com\/1\/wp-json\/wp\/v2\/posts\/301100\/revisions\/301102"}],"wp:featuredmedia":[{"embeddable":true,"href":"https:\/\/www.caririemacao.com\/1\/wp-json\/wp\/v2\/media\/301101"}],"wp:attachment":[{"href":"https:\/\/www.caririemacao.com\/1\/wp-json\/wp\/v2\/media?parent=301100"}],"wp:term":[{"taxonomy":"category","embeddable":true,"href":"https:\/\/www.caririemacao.com\/1\/wp-json\/wp\/v2\/categories?post=301100"},{"taxonomy":"post_tag","embeddable":true,"href":"https:\/\/www.caririemacao.com\/1\/wp-json\/wp\/v2\/tags?post=301100"}],"curies":[{"name":"wp","href":"https:\/\/api.w.org\/{rel}","templated":true}]}}