{"id":301115,"date":"2025-06-28T05:18:02","date_gmt":"2025-06-28T08:18:02","guid":{"rendered":"https:\/\/www.caririemacao.com\/1\/?p=301115"},"modified":"2025-06-28T05:18:02","modified_gmt":"2025-06-28T08:18:02","slug":"lula-quer-lancar-ate-o-fim-do-ano-credito-para-motoristas-de-aplicativo-trocarem-moto","status":"publish","type":"post","link":"https:\/\/www.caririemacao.com\/1\/2025\/06\/28\/lula-quer-lancar-ate-o-fim-do-ano-credito-para-motoristas-de-aplicativo-trocarem-moto\/","title":{"rendered":"Lula quer lan\u00e7ar at\u00e9 o fim do ano cr\u00e9dito para motoristas de aplicativo trocarem moto"},"content":{"rendered":"<div class=\"subtitulo mb-3\"><em><strong>Presidente da Rep\u00fablica tamb\u00e9m defendeu cria\u00e7\u00e3o de uma pol\u00edtica de atendimento para pessoas autistas.<\/strong><\/em><\/div>\n<div><\/div>\n<div>\n<p>O presidente Luiz In\u00e1cio Lula da Silva disse na \u00faltima sexta-feira (27) que pretende at\u00e9 o fim do ano lan\u00e7ar uma pol\u00edtica de cr\u00e9dito para os motoristas de aplicativo trocarem motos. A declara\u00e7\u00e3o foi feita em Tocantins, onde o presidente regulariza sete assentamentos que ter\u00e3o capacidade para beneficiar 896 fam\u00edlias e entrega 169 t\u00edtulos de regulariza\u00e7\u00e3o fundi\u00e1ria (veja mais abaixo).<\/p>\n<p>Lula tamb\u00e9m adiantou, sem citar detalhes, que pretende estruturar uma pol\u00edtica de atendimento para Pessoas com TEA (Transtorno do Espectro Autista).<\/p>\n<p>\u201cA \u00faltima coisa que eu quero fazer ainda este ano \u00e9 uma linha de cr\u00e9dito para renovar as motos dos entregadores de comida desse pa\u00eds\u201d, disse Lula, ao comentar a precariedade de trabalho dos motoristas de comidas de aplicativo.<\/p>\n<p>Sobre lan\u00e7ar uma pol\u00edtica para autistas tamb\u00e9m neste ano, Lula acrescentou:\u201cQuando terminar o meu mandato quero poder andar na rua de cabe\u00e7a erguida e falar: eu sei que n\u00e3o fiz tudo que voc\u00eas queriam, mas eu fiz tudo que eu sabia e podia fazer\u201d.<\/p>\n<p>Durante o discurso, Lula tamb\u00e9m lembrou a hist\u00f3ria da inf\u00e2ncia, criada sozinho pela m\u00e3e. \u201cEstou aqui [na presid\u00eancia da Rep\u00fablica] pela vontade de Deus, pela coragem de voc\u00eas [eleitores] que tiveram coragem de acreditar que era poss\u00edvel provar que um oper\u00e1rio metal\u00fargico tinha mais compet\u00eancia de cuidar de voc\u00eas do que a elite brasileira que durante 500 anos\u201d, afirmou.<\/p>\n<h3 class=\"wp-block-heading\">Regulariza\u00e7\u00e3o fundi\u00e1ria<\/h3>\n<p>Segundo o governo federal, as medidas pretendem fortalecer a governan\u00e7a fundi\u00e1ria, promover a justi\u00e7a social e impulsionar o desenvolvimento econ\u00f4mico e social do Tocantins. Na agenda oficial, o presidente Lula assinou um acordo de coopera\u00e7\u00e3o t\u00e9cnica com o governo do estado que pretende acelerar a regulariza\u00e7\u00e3o fundi\u00e1ria de 1,9 milh\u00e3o de hectares, equivalente a cerca de 7% do territ\u00f3rio do estado que atualmente pertence \u00e0 Uni\u00e3o.<\/p>\n<p>No evento, Lula regularizou sete novos assentamentos que ter\u00e3o capacidade para beneficiar 896 fam\u00edlias. Al\u00e9m disso, entregou 169 t\u00edtulos de regulariza\u00e7\u00e3o fundi\u00e1ria em terras p\u00fablicas federais para agricultores familiares e 17 t\u00edtulos de propriedade para assentados da reforma agr\u00e1ria.<\/p>\n<p>Os sete Projetos de Assentamento contemplados foram: PA Taboca II (930 ha, 39 unidades familiares); PA Recanto da Esperan\u00e7a (781 ha, 57 UF); PA Recanto do Bebedouro (800 ha, 50 UF); PA \u00c1guas Claras (1.162 ha, 84 UF); PA Vit\u00f3ria IV (382 ha, 20 UF); PA Santa Maria (4.943 ha, 292 UF); e PA Esmeralda (6.557 ha, 354 UF).<\/p>\n<p>Outra medida do governo federal foi entregar 350 t\u00edtulos de regulariza\u00e7\u00e3o fundi\u00e1ria para moradores de S\u00e3o Bento (TO). Com essa doa\u00e7\u00e3o, a prefeitura poder\u00e1 emitir os t\u00edtulos individuais, consolidando a posse dos terrenos onde essas fam\u00edlias j\u00e1 constru\u00edram suas casas. Esta \u00e9 a segunda entrega na localidade, de um total que beneficiar\u00e1 1.028 fam\u00edlias.<\/p>\n<p><strong>Confira as principais entregas do programa:<\/strong><\/p>\n<p><strong>Em Palmas:<\/strong><\/p>\n<ul class=\"wp-block-list\">\n<li>Cess\u00e3o de im\u00f3vel da Uni\u00e3o, avaliado em R$ 6,5 milh\u00f5es, \u00e0 Universidade Federal do Tocantins para abrigar a Casa do Estudante, beneficiando at\u00e9 60 alunos em situa\u00e7\u00e3o de vulnerabilidade. O espa\u00e7o tamb\u00e9m sediar\u00e1 a Escola de Extens\u00e3o e um centro cultural.<\/li>\n<li>Entrega de terreno, avaliado em R$ 1,8 milh\u00f5es, ao Tribunal Regional Eleitoral do Tocantins (TRE-TO) para amplia\u00e7\u00e3o da sede da Justi\u00e7a Eleitoral.<\/li>\n<li>Cess\u00e3o de dois lotes urbanos, avaliados em R$ 7,5 milh\u00f5es, para a instala\u00e7\u00e3o de um novo campus do Instituto Federal do Tocantins (IFTO), ampliando o acesso ao ensino t\u00e9cnico e reduzindo a evas\u00e3o escolar.<\/li>\n<\/ul>\n<p><strong>Em Guara\u00ed:<\/strong><\/p>\n<ul class=\"wp-block-list\">\n<li>Doa\u00e7\u00e3o de im\u00f3vel para um N\u00facleo de Atendimento Multidisciplinar da rede municipal de ensino, oferecendo apoio pedag\u00f3gico e psicossocial a estudantes.<\/li>\n<\/ul>\n<p><strong>Em Gurupi:<\/strong><\/p>\n<ul class=\"wp-block-list\">\n<li>Cess\u00e3o de terreno para a constru\u00e7\u00e3o do novo centro administrativo municipal e a assinatura de contrato para a constru\u00e7\u00e3o de 100 moradias do programa Minha Casa Minha Vida Entidades.<\/li>\n<\/ul>\n<p><strong>Em Porto Nacional:<\/strong><\/p>\n<ul class=\"wp-block-list\">\n<li>Cess\u00e3o de uma \u00e1rea de mais de 119 mil m\u00b2 para a constru\u00e7\u00e3o de um novo centro administrativo municipal.<\/li>\n<\/ul>\n<p><strong>Em Miracema do Tocantins:<\/strong><\/p>\n<ul class=\"wp-block-list\">\n<li>Cess\u00e3o de uma \u00e1rea aqu\u00edcola com mais de 3,5 milh\u00f5es de m\u00b2 para produ\u00e7\u00e3o de til\u00e1pia, com expectativa de gera\u00e7\u00e3o de 500 toneladas por ano, promovendo seguran\u00e7a alimentar e gera\u00e7\u00e3o de empregos.<\/li>\n<\/ul>\n<p>FONTE: Portal Correio<\/p>\n<\/div>\n","protected":false},"excerpt":{"rendered":"<p>Presidente da Rep\u00fablica tamb\u00e9m defendeu cria\u00e7\u00e3o de uma pol\u00edtica de atendimento para pessoas autistas. O presidente Luiz In\u00e1cio Lula da Silva disse na \u00faltima sexta-feira&hellip; <\/p>\n","protected":false},"author":6,"featured_media":301116,"comment_status":"closed","ping_status":"closed","sticky":false,"template":"","format":"standard","meta":{"sfsi_plus_gutenberg_text_before_share":"","sfsi_plus_gutenberg_show_text_before_share":"","sfsi_plus_gutenberg_icon_type":"","sfsi_plus_gutenberg_icon_alignemt":"","sfsi_plus_gutenburg_max_per_row":"","footnotes":""},"categories":[50],"tags":[],"class_list":["post-301115","post","type-post","status-publish","format-standard","has-post-thumbnail","hentry","category-destaque"],"_links":{"self":[{"href":"https:\/\/www.caririemacao.com\/1\/wp-json\/wp\/v2\/posts\/301115","targetHints":{"allow":["GET"]}}],"collection":[{"href":"https:\/\/www.caririemacao.com\/1\/wp-json\/wp\/v2\/posts"}],"about":[{"href":"https:\/\/www.caririemacao.com\/1\/wp-json\/wp\/v2\/types\/post"}],"author":[{"embeddable":true,"href":"https:\/\/www.caririemacao.com\/1\/wp-json\/wp\/v2\/users\/6"}],"replies":[{"embeddable":true,"href":"https:\/\/www.caririemacao.com\/1\/wp-json\/wp\/v2\/comments?post=301115"}],"version-history":[{"count":1,"href":"https:\/\/www.caririemacao.com\/1\/wp-json\/wp\/v2\/posts\/301115\/revisions"}],"predecessor-version":[{"id":301117,"href":"https:\/\/www.caririemacao.com\/1\/wp-json\/wp\/v2\/posts\/301115\/revisions\/301117"}],"wp:featuredmedia":[{"embeddable":true,"href":"https:\/\/www.caririemacao.com\/1\/wp-json\/wp\/v2\/media\/301116"}],"wp:attachment":[{"href":"https:\/\/www.caririemacao.com\/1\/wp-json\/wp\/v2\/media?parent=301115"}],"wp:term":[{"taxonomy":"category","embeddable":true,"href":"https:\/\/www.caririemacao.com\/1\/wp-json\/wp\/v2\/categories?post=301115"},{"taxonomy":"post_tag","embeddable":true,"href":"https:\/\/www.caririemacao.com\/1\/wp-json\/wp\/v2\/tags?post=301115"}],"curies":[{"name":"wp","href":"https:\/\/api.w.org\/{rel}","templated":true}]}}