{"id":301118,"date":"2025-06-28T05:21:28","date_gmt":"2025-06-28T08:21:28","guid":{"rendered":"https:\/\/www.caririemacao.com\/1\/?p=301118"},"modified":"2025-06-28T05:21:28","modified_gmt":"2025-06-28T08:21:28","slug":"treze-tera-desfalques-importantes-contra-o-ferroviario-ce-pela-serie-d","status":"publish","type":"post","link":"https:\/\/www.caririemacao.com\/1\/2025\/06\/28\/treze-tera-desfalques-importantes-contra-o-ferroviario-ce-pela-serie-d\/","title":{"rendered":"Treze ter\u00e1 desfalques importantes contra o Ferrovi\u00e1rio-CE pela S\u00e9rie D"},"content":{"rendered":"<div class=\"col-12\">\n<div class=\"subtitulo-interna\"><em><strong>De acordo com comunicado oficial do clube, a decis\u00e3o foi tomada em conjunto pelo Departamento de Futebol e o Departamento M\u00e9dico.<\/strong><\/em><\/div>\n<\/div>\n<div><\/div>\n<div>\n<p>O Treze ter\u00e1 dois desfalques importantes para o confronto diante do Ferrovi\u00e1rio-CE, neste s\u00e1bado (29), \u00e0s 16h, no Est\u00e1dio Presidente Vargas, em Fortaleza, pela S\u00e9rie D do Campeonato Brasileiro. O meia Dione e o atacante Pipico n\u00e3o foram relacionados para a partida.<\/p>\n<p>De acordo com comunicado oficial do clube, a decis\u00e3o foi tomada em conjunto pelo Departamento de Futebol e o Departamento M\u00e9dico, ap\u00f3s os jogadores apresentarem sintomas de contraturas musculares. Dione, que j\u00e1 n\u00e3o joga h\u00e1 algumas rodadas, relatou dores na panturrilha esquerda, enquanto Pipico queixou-se de inc\u00f4modo na regi\u00e3o lombar.<\/p>\n<p>Ambos os atletas seguem em tratamento e ser\u00e3o reavaliados diariamente, conforme a evolu\u00e7\u00e3o cl\u00ednica. A expectativa \u00e9 que, caso apresentem melhora nos pr\u00f3ximos dias, possam retornar \u00e0s atividades normais e refor\u00e7ar o elenco alvinegro nas rodadas seguintes.<\/p>\n<p>O Treze busca se recuperar na competi\u00e7\u00e3o ap\u00f3s oscilar nas \u00faltimas rodadas e encara o duelo contra o Ferrovi\u00e1rio como decisivo na briga por uma vaga na pr\u00f3xima fase da S\u00e9rie D.<\/p>\n<p>FONTE: Portal Correio<\/p>\n<\/div>\n<div class=\"col-12\">\n<div class=\"assinaturas\"><\/div>\n<\/div>\n<div class=\"col-12 conteudo\">\n<div class=\"social\"><\/div>\n<\/div>\n","protected":false},"excerpt":{"rendered":"<p>De acordo com comunicado oficial do clube, a decis\u00e3o foi tomada em conjunto pelo Departamento de Futebol e o Departamento M\u00e9dico. O Treze ter\u00e1 dois&hellip; <\/p>\n","protected":false},"author":6,"featured_media":301119,"comment_status":"closed","ping_status":"closed","sticky":false,"template":"","format":"standard","meta":{"sfsi_plus_gutenberg_text_before_share":"","sfsi_plus_gutenberg_show_text_before_share":"","sfsi_plus_gutenberg_icon_type":"","sfsi_plus_gutenberg_icon_alignemt":"","sfsi_plus_gutenburg_max_per_row":"","footnotes":""},"categories":[50],"tags":[],"class_list":["post-301118","post","type-post","status-publish","format-standard","has-post-thumbnail","hentry","category-destaque"],"_links":{"self":[{"href":"https:\/\/www.caririemacao.com\/1\/wp-json\/wp\/v2\/posts\/301118","targetHints":{"allow":["GET"]}}],"collection":[{"href":"https:\/\/www.caririemacao.com\/1\/wp-json\/wp\/v2\/posts"}],"about":[{"href":"https:\/\/www.caririemacao.com\/1\/wp-json\/wp\/v2\/types\/post"}],"author":[{"embeddable":true,"href":"https:\/\/www.caririemacao.com\/1\/wp-json\/wp\/v2\/users\/6"}],"replies":[{"embeddable":true,"href":"https:\/\/www.caririemacao.com\/1\/wp-json\/wp\/v2\/comments?post=301118"}],"version-history":[{"count":1,"href":"https:\/\/www.caririemacao.com\/1\/wp-json\/wp\/v2\/posts\/301118\/revisions"}],"predecessor-version":[{"id":301120,"href":"https:\/\/www.caririemacao.com\/1\/wp-json\/wp\/v2\/posts\/301118\/revisions\/301120"}],"wp:featuredmedia":[{"embeddable":true,"href":"https:\/\/www.caririemacao.com\/1\/wp-json\/wp\/v2\/media\/301119"}],"wp:attachment":[{"href":"https:\/\/www.caririemacao.com\/1\/wp-json\/wp\/v2\/media?parent=301118"}],"wp:term":[{"taxonomy":"category","embeddable":true,"href":"https:\/\/www.caririemacao.com\/1\/wp-json\/wp\/v2\/categories?post=301118"},{"taxonomy":"post_tag","embeddable":true,"href":"https:\/\/www.caririemacao.com\/1\/wp-json\/wp\/v2\/tags?post=301118"}],"curies":[{"name":"wp","href":"https:\/\/api.w.org\/{rel}","templated":true}]}}