{"id":301121,"date":"2025-06-28T05:29:52","date_gmt":"2025-06-28T08:29:52","guid":{"rendered":"https:\/\/www.caririemacao.com\/1\/?p=301121"},"modified":"2025-06-28T05:35:32","modified_gmt":"2025-06-28T08:35:32","slug":"o-treze-tera-dois-desfalques-importantes-para-o-confronto-diante-do-ferroviario-ce-neste-sabado-29-as-16h-no-estadio-presidente-vargas-em-fortaleza-pela-serie-d-do-campeonato-brasileiro-o-meia","status":"publish","type":"post","link":"https:\/\/www.caririemacao.com\/1\/2025\/06\/28\/o-treze-tera-dois-desfalques-importantes-para-o-confronto-diante-do-ferroviario-ce-neste-sabado-29-as-16h-no-estadio-presidente-vargas-em-fortaleza-pela-serie-d-do-campeonato-brasileiro-o-meia\/","title":{"rendered":"Para\u00edba \u00e9 o \u00fanico estado do Nordeste com saldo positivo de novos moradores, aponta IBGE"},"content":{"rendered":"<div class=\"row content-head mc-column non-featured \">\n<div class=\"medium-centered subtitle\">\n<p class=\"content-head__subtitle\"><em><strong>Entre 2017 e 2022, todos os estados do Nordeste perderam mais moradores do que receberam, com exce\u00e7\u00e3o da Para\u00edba, que teve saldo positivo de mais de 30 mil pessoas. Os dados consideram o local de resid\u00eancia declarado pelos entrevistados entre 2017 e 2022.<\/strong><\/em><\/p>\n<\/div>\n<\/div>\n<div id=\"chunk-ev4cd\">\n<div class=\"mc-column content-text active-extra-styles \" data-block-type=\"unstyled\" data-block-weight=\"40\" data-block-id=\"3\">\n<p class=\" content-text__container \" data-track-category=\"Link no Texto\" data-track-links=\"\" data-mrf-recirculation=\"Mat\u00e9ria - Links no Texto\">A Para\u00edba teve saldo migrat\u00f3rio positivo de 30.952 pessoas, sendo o \u00fanico estado do Nordeste com crescimento. Segundo levantamento do IBGE, divulgado ontem sexta-feira (27), o estado registrou a chegada de 119.695 novos moradores e a sa\u00edda de 88.743 pessoas.<\/p>\n<\/div>\n<\/div>\n<div class=\"wall protected-content\">\n<div id=\"chunk-hf2u\">\n<div class=\"mc-column content-text active-extra-styles \" data-block-type=\"unstyled\" data-block-weight=\"44\" data-block-id=\"5\">\n<p class=\" content-text__container \" data-track-category=\"Link no Texto\" data-track-links=\"\" data-mrf-recirculation=\"Mat\u00e9ria - Links no Texto\">Para calcular os fluxos migrat\u00f3rios, os pesquisadores do Censo perguntaram aos entrevistados onde eles moravam entre 31 de julho de 2017, cinco anos antes da data de refer\u00eancia do Censo 2022. A partir dessas informa\u00e7\u00f5es, o IBGE estimou os saldos migrat\u00f3rios de cada estado.<\/p>\n<\/div>\n<\/div>\n<div id=\"chunk-1dp8b\">\n<div class=\"mc-column content-text active-extra-styles \" data-block-type=\"unstyled\" data-block-weight=\"35\" data-block-id=\"6\">\n<p class=\" content-text__container \" data-track-category=\"Link no Texto\" data-track-links=\"\" data-mrf-recirculation=\"Mat\u00e9ria - Links no Texto\">A regi\u00e3o Nordeste mant\u00e9m a tend\u00eancia hist\u00f3rica de perda populacional para outras partes do pa\u00eds, sendo exce\u00e7\u00e3o a Para\u00edba. Os maiores saldos negativos foram registrados na Bahia (-41.549), em Alagoas (-42.630) e no Maranh\u00e3o (-129.228).<\/p>\n<div id=\"chunk-5b9pt\">\n<div class=\"mc-column content-text active-extra-styles \" data-block-type=\"unstyled\" data-block-weight=\"27\" data-block-id=\"8\">\n<p class=\" content-text__container \" data-track-category=\"Link no Texto\" data-track-links=\"\" data-mrf-recirculation=\"Mat\u00e9ria - Links no Texto\">De acordo com o IBGE, a maioria dos novos moradores que migraram para a Para\u00edba veio de S\u00e3o Paulo (22,3%), Pernambuco (20,4%) e Rio de Janeiro (20%).<\/p>\n<\/div>\n<\/div>\n<div id=\"chunk-7kh96\">\n<div class=\"row medium-uncollapsed content-media content-photo\" data-block-type=\"backstage-photo\" data-block-id=\"9\">\n<div class=\" mc-column content-media__container\">\n<div class=\"content-media-container glb-skeleton-box\">\n<figure class=\"content-media-figure\"><img decoding=\"async\" class=\"i-amphtml-fill-content i-amphtml-replaced-content lazyload\" data-src=\"https:\/\/s2-g1.glbimg.com\/P1CGOPXIeRAtVGIN_h_6CzC3KP4=\/0x0:1200x1368\/984x0\/smart\/filters:strip_icc()\/i.s3.glbimg.com\/v1\/AUTH_59edd422c0c84a879bd37670ae4f538a\/internal_photos\/bs\/2025\/1\/4\/0Bj2jATcWC4MlvLUfZWA\/250626-info-graficos-ibge-grafico4-1-.png\" data-sizes=\"(max-width: 1366px) 648px, 100vw\" data-srcset=\"https:\/\/s2-g1.glbimg.com\/jt6zDxnETiqZ48RvN38AIZY1l7s=\/0x0:1200x1368\/1000x0\/smart\/filters:strip_icc()\/i.s3.glbimg.com\/v1\/AUTH_59edd422c0c84a879bd37670ae4f538a\/internal_photos\/bs\/2025\/1\/4\/0Bj2jATcWC4MlvLUfZWA\/250626-info-graficos-ibge-grafico4-1-.png 1000w, https:\/\/s2-g1.glbimg.com\/P1CGOPXIeRAtVGIN_h_6CzC3KP4=\/0x0:1200x1368\/984x0\/smart\/filters:strip_icc()\/i.s3.glbimg.com\/v1\/AUTH_59edd422c0c84a879bd37670ae4f538a\/internal_photos\/bs\/2025\/1\/4\/0Bj2jATcWC4MlvLUfZWA\/250626-info-graficos-ibge-grafico4-1-.png 984w, https:\/\/s2-g1.glbimg.com\/zhN-Bw_xagFdUa-Zld9SKloxxDE=\/0x0:1200x1368\/640x0\/smart\/filters:strip_icc()\/i.s3.glbimg.com\/v1\/AUTH_59edd422c0c84a879bd37670ae4f538a\/internal_photos\/bs\/2025\/1\/4\/0Bj2jATcWC4MlvLUfZWA\/250626-info-graficos-ibge-grafico4-1-.png 640w, https:\/\/s2-g1.glbimg.com\/zb9WKvUGsa2OG6eIxqx7wH9w_iM=\/0x0:1200x1368\/600x0\/smart\/filters:strip_icc()\/i.s3.glbimg.com\/v1\/AUTH_59edd422c0c84a879bd37670ae4f538a\/internal_photos\/bs\/2025\/1\/4\/0Bj2jATcWC4MlvLUfZWA\/250626-info-graficos-ibge-grafico4-1-.png 600w\" alt=\"Perda de popula\u00e7\u00e3o na regi\u00e3o Nordeste \u2014 Foto: Arte g1\" src=\"data:image\/svg+xml;base64,PHN2ZyB3aWR0aD0iMSIgaGVpZ2h0PSIxIiB4bWxucz0iaHR0cDovL3d3dy53My5vcmcvMjAwMC9zdmciPjwvc3ZnPg==\" \/><\/figure>\n<\/div>\n<p class=\"content-media__description \">Perda de popula\u00e7\u00e3o na regi\u00e3o Nordeste \u2014 Foto: Arte g1<\/p>\n<\/div>\n<\/div>\n<\/div>\n<div id=\"chunk-f5ro2\">\n<div class=\"mc-column content-text active-extra-styles \" data-block-type=\"unstyled\" data-block-weight=\"48\" data-block-id=\"10\">\n<p class=\" content-text__container \" data-track-category=\"Link no Texto\" data-track-links=\"\" data-mrf-recirculation=\"Mat\u00e9ria - Links no Texto\">Pela primeira vez desde o in\u00edcio da s\u00e9rie hist\u00f3rica, em 1991, o estado de S\u00e3o Paulo apresentou mais sa\u00eddas do que entradas de pessoas vindas de outras unidades da federa\u00e7\u00e3o. At\u00e9 o Censo anterior, em 2010, S\u00e3o Paulo apresentavam saldos migrat\u00f3rios positivos, sendo o principal destino de migrantes.<\/p>\n<\/div>\n<\/div>\n<div id=\"chunk-55luk\">\n<div class=\"mc-column content-text active-extra-styles \" data-block-type=\"unstyled\" data-block-weight=\"20\" data-block-id=\"12\">\n<p class=\" content-text__container \" data-track-category=\"Link no Texto\" data-track-links=\"\" data-mrf-recirculation=\"Mat\u00e9ria - Links no Texto\">O Rio de Janeiro tamb\u00e9m teve perda significativa no saldo migrat\u00f3rio: 165,3 mil pessoas deixaram o estado no per\u00edodo analisado.<\/p>\n<div id=\"chunk-etjbt\">\n<div class=\"mc-column content-text active-extra-styles \" data-block-type=\"unstyled\" data-block-weight=\"37\" data-block-id=\"14\">\n<p class=\" content-text__container \" data-track-category=\"Link no Texto\" data-track-links=\"\" data-mrf-recirculation=\"Mat\u00e9ria - Links no Texto\">Na contram\u00e3o, Santa Catarina se destacou como o principal destino de migrantes no pa\u00eds, com um saldo positivo de 354,3 mil novos moradores oriundos de outros estados.\u00a0<strong><em>Veja a lista completa de quem ganhou e perdeu popula\u00e7\u00e3o:<\/em><\/strong><\/p>\n<\/div>\n<\/div>\n<div id=\"chunk-3t1cp\">\n<div class=\"row medium-uncollapsed content-media content-photo\" data-block-type=\"backstage-photo\" data-block-id=\"15\">\n<div class=\" mc-column content-media__container\">\n<div class=\"content-media-container glb-skeleton-box\">\n<figure class=\"content-media-figure\"><img decoding=\"async\" class=\"i-amphtml-fill-content i-amphtml-replaced-content lazyload\" data-src=\"https:\/\/s2-g1.glbimg.com\/tphjjqP7ShspG36GgJ2MPh2BHr4=\/0x0:1200x2889\/984x0\/smart\/filters:strip_icc()\/i.s3.glbimg.com\/v1\/AUTH_59edd422c0c84a879bd37670ae4f538a\/internal_photos\/bs\/2025\/j\/z\/IbgU2ASISkWfCbDvzYIQ\/250626-info-graficos-ibge-grafico1-1-.png\" data-sizes=\"(max-width: 1366px) 648px, 100vw\" data-srcset=\"https:\/\/s2-g1.glbimg.com\/hQ55figRaXIFj2WOVHHYFraxCWA=\/0x0:1200x2889\/1000x0\/smart\/filters:strip_icc()\/i.s3.glbimg.com\/v1\/AUTH_59edd422c0c84a879bd37670ae4f538a\/internal_photos\/bs\/2025\/j\/z\/IbgU2ASISkWfCbDvzYIQ\/250626-info-graficos-ibge-grafico1-1-.png 1000w, https:\/\/s2-g1.glbimg.com\/tphjjqP7ShspG36GgJ2MPh2BHr4=\/0x0:1200x2889\/984x0\/smart\/filters:strip_icc()\/i.s3.glbimg.com\/v1\/AUTH_59edd422c0c84a879bd37670ae4f538a\/internal_photos\/bs\/2025\/j\/z\/IbgU2ASISkWfCbDvzYIQ\/250626-info-graficos-ibge-grafico1-1-.png 984w, https:\/\/s2-g1.glbimg.com\/Sm9os1dqxZDRyyAc9qlehmCk9Lg=\/0x0:1200x2889\/640x0\/smart\/filters:strip_icc()\/i.s3.glbimg.com\/v1\/AUTH_59edd422c0c84a879bd37670ae4f538a\/internal_photos\/bs\/2025\/j\/z\/IbgU2ASISkWfCbDvzYIQ\/250626-info-graficos-ibge-grafico1-1-.png 640w, https:\/\/s2-g1.glbimg.com\/KrryNzgH0Qq7Mogfdl7X3Gy1ygA=\/0x0:1200x2889\/600x0\/smart\/filters:strip_icc()\/i.s3.glbimg.com\/v1\/AUTH_59edd422c0c84a879bd37670ae4f538a\/internal_photos\/bs\/2025\/j\/z\/IbgU2ASISkWfCbDvzYIQ\/250626-info-graficos-ibge-grafico1-1-.png 600w\" alt=\"Quem ganhou e quem perdeu popula\u00e7\u00e3o entre os estados \u2014 Foto: Artes\/g1\" src=\"data:image\/svg+xml;base64,PHN2ZyB3aWR0aD0iMSIgaGVpZ2h0PSIxIiB4bWxucz0iaHR0cDovL3d3dy53My5vcmcvMjAwMC9zdmciPjwvc3ZnPg==\" \/><\/figure>\n<p>FONTE: G1<\/p>\n<\/div>\n<\/div>\n<\/div>\n<\/div>\n<\/div>\n<\/div>\n<\/div>\n<\/div>\n<\/div>\n<div class=\"content__signa-share mc-column\">\n<div class=\"content__signature\">\n<div class=\"content-publication-data\">\n<p class=\"content-publication-data__text\">\n<\/div>\n<\/div>\n<\/div>\n","protected":false},"excerpt":{"rendered":"<p>Entre 2017 e 2022, todos os estados do Nordeste perderam mais moradores do que receberam, com exce\u00e7\u00e3o da Para\u00edba, que teve saldo positivo de mais&hellip; <\/p>\n","protected":false},"author":6,"featured_media":301122,"comment_status":"closed","ping_status":"closed","sticky":false,"template":"","format":"standard","meta":{"sfsi_plus_gutenberg_text_before_share":"","sfsi_plus_gutenberg_show_text_before_share":"","sfsi_plus_gutenberg_icon_type":"","sfsi_plus_gutenberg_icon_alignemt":"","sfsi_plus_gutenburg_max_per_row":"","footnotes":""},"categories":[50,104],"tags":[],"class_list":["post-301121","post","type-post","status-publish","format-standard","has-post-thumbnail","hentry","category-destaque","category-paraiba"],"_links":{"self":[{"href":"https:\/\/www.caririemacao.com\/1\/wp-json\/wp\/v2\/posts\/301121","targetHints":{"allow":["GET"]}}],"collection":[{"href":"https:\/\/www.caririemacao.com\/1\/wp-json\/wp\/v2\/posts"}],"about":[{"href":"https:\/\/www.caririemacao.com\/1\/wp-json\/wp\/v2\/types\/post"}],"author":[{"embeddable":true,"href":"https:\/\/www.caririemacao.com\/1\/wp-json\/wp\/v2\/users\/6"}],"replies":[{"embeddable":true,"href":"https:\/\/www.caririemacao.com\/1\/wp-json\/wp\/v2\/comments?post=301121"}],"version-history":[{"count":2,"href":"https:\/\/www.caririemacao.com\/1\/wp-json\/wp\/v2\/posts\/301121\/revisions"}],"predecessor-version":[{"id":301127,"href":"https:\/\/www.caririemacao.com\/1\/wp-json\/wp\/v2\/posts\/301121\/revisions\/301127"}],"wp:featuredmedia":[{"embeddable":true,"href":"https:\/\/www.caririemacao.com\/1\/wp-json\/wp\/v2\/media\/301122"}],"wp:attachment":[{"href":"https:\/\/www.caririemacao.com\/1\/wp-json\/wp\/v2\/media?parent=301121"}],"wp:term":[{"taxonomy":"category","embeddable":true,"href":"https:\/\/www.caririemacao.com\/1\/wp-json\/wp\/v2\/categories?post=301121"},{"taxonomy":"post_tag","embeddable":true,"href":"https:\/\/www.caririemacao.com\/1\/wp-json\/wp\/v2\/tags?post=301121"}],"curies":[{"name":"wp","href":"https:\/\/api.w.org\/{rel}","templated":true}]}}