{"id":301295,"date":"2025-07-02T09:11:22","date_gmt":"2025-07-02T12:11:22","guid":{"rendered":"https:\/\/www.caririemacao.com\/1\/?p=301295"},"modified":"2025-07-02T09:11:22","modified_gmt":"2025-07-02T12:11:22","slug":"chuvas-fazem-dez-acudes-da-paraiba-sangrarem-diz-aesa","status":"publish","type":"post","link":"https:\/\/www.caririemacao.com\/1\/2025\/07\/02\/chuvas-fazem-dez-acudes-da-paraiba-sangrarem-diz-aesa\/","title":{"rendered":"Chuvas fazem dez a\u00e7udes da Para\u00edba sangrarem, diz Aesa"},"content":{"rendered":"<p>As chuvas registradas nos \u00faltimos dias na Para\u00edba t\u00eam elevado o n\u00edvel dos reservat\u00f3rios do estado. De acordo com dados da Ag\u00eancia Executiva de Gest\u00e3o das \u00c1guas (Aesa), dez reservat\u00f3rios amanheceram nesta quarta-feira (2) com volumes acima de 100% da capacidade, em diferentes regi\u00f5es do estado.<\/p>\n<p><strong>Veja quais a\u00e7udes atingiram a capacidade m\u00e1xima:<\/strong><\/p>\n<ul>\n<li>S\u00e3o Salvador, em Sap\u00e9<\/li>\n<li>Olho d\u2019\u00c1gua, em Mari<\/li>\n<li>Camala\u00fa, em Camala\u00fa<\/li>\n<li>S\u00e3o Jos\u00e9 II, em Monteiro<\/li>\n<li>Po\u00e7\u00f5es, tamb\u00e9m em Monteiro<\/li>\n<li>Pitombeira, em Alagoa Grande<\/li>\n<li>Ara\u00e7agi, em Ara\u00e7agi<\/li>\n<li>Jangada, em Mamanguape<\/li>\n<li>Gramame\/Mamuaba, no Conde<\/li>\n<li>Suspiro, em Serra da Raiz<\/li>\n<\/ul>\n<p><strong>Chuvas intensas<\/strong><\/p>\n<p>Diversas cidades da Para\u00edba amanheceram sob chuva nesta quarta (2), com previs\u00e3o de continuidade ao longo do dia, especialmente na regi\u00e3o de Jo\u00e3o Pessoa. Segundo o Instituto Nacional de Meteorologia (Inmet), 43 munic\u00edpios do Litoral e Zona da Mata est\u00e3o sob alerta de perigo potencial para chuvas intensas (<a href=\"https:\/\/www.maispb.com.br\/787396\/cidades-da-paraiba-registram-chuvas-intensas-e-transtornos-por-alagamentos.html\">veja quais<\/a>).<\/p>\n","protected":false},"excerpt":{"rendered":"<p>As chuvas registradas nos \u00faltimos dias na Para\u00edba t\u00eam elevado o n\u00edvel dos reservat\u00f3rios do estado. De acordo com dados da Ag\u00eancia Executiva de Gest\u00e3o das \u00c1guas (Aesa), dez reservat\u00f3rios amanheceram nesta quarta-feira (2) com volumes acima de 100% da capacidade, em diferentes regi\u00f5es do estado. Veja quais a\u00e7udes atingiram a capacidade m\u00e1xima: S\u00e3o Salvador, em Sap\u00e9 Olho d\u2019\u00c1gua, em Mari Camala\u00fa, em Camala\u00fa S\u00e3o Jos\u00e9 II, em Monteiro Po\u00e7\u00f5es, tamb\u00e9m em Monteiro Pitombeira, em Alagoa Grande Ara\u00e7agi, em Ara\u00e7agi Jangada, em Mamanguape Gramame\/Mamuaba, no Conde Suspiro, em Serra da Raiz Chuvas intensas Diversas cidades da Para\u00edba amanheceram sob chuva nesta quarta (2), com previs\u00e3o de continuidade ao longo do dia, especialmente na regi\u00e3o de Jo\u00e3o Pessoa. Segundo o Instituto Nacional de Meteorologia (Inmet), 43 munic\u00edpios do Litoral e Zona da Mata est\u00e3o sob alerta de perigo potencial para chuvas intensas (veja quais).<\/p>\n","protected":false},"author":6,"featured_media":301296,"comment_status":"closed","ping_status":"closed","sticky":false,"template":"","format":"standard","meta":{"sfsi_plus_gutenberg_text_before_share":"","sfsi_plus_gutenberg_show_text_before_share":"","sfsi_plus_gutenberg_icon_type":"","sfsi_plus_gutenberg_icon_alignemt":"","sfsi_plus_gutenburg_max_per_row":"","footnotes":""},"categories":[50,2,104],"tags":[],"class_list":["post-301295","post","type-post","status-publish","format-standard","has-post-thumbnail","hentry","category-destaque","category-geral","category-paraiba"],"_links":{"self":[{"href":"https:\/\/www.caririemacao.com\/1\/wp-json\/wp\/v2\/posts\/301295","targetHints":{"allow":["GET"]}}],"collection":[{"href":"https:\/\/www.caririemacao.com\/1\/wp-json\/wp\/v2\/posts"}],"about":[{"href":"https:\/\/www.caririemacao.com\/1\/wp-json\/wp\/v2\/types\/post"}],"author":[{"embeddable":true,"href":"https:\/\/www.caririemacao.com\/1\/wp-json\/wp\/v2\/users\/6"}],"replies":[{"embeddable":true,"href":"https:\/\/www.caririemacao.com\/1\/wp-json\/wp\/v2\/comments?post=301295"}],"version-history":[{"count":1,"href":"https:\/\/www.caririemacao.com\/1\/wp-json\/wp\/v2\/posts\/301295\/revisions"}],"predecessor-version":[{"id":301297,"href":"https:\/\/www.caririemacao.com\/1\/wp-json\/wp\/v2\/posts\/301295\/revisions\/301297"}],"wp:featuredmedia":[{"embeddable":true,"href":"https:\/\/www.caririemacao.com\/1\/wp-json\/wp\/v2\/media\/301296"}],"wp:attachment":[{"href":"https:\/\/www.caririemacao.com\/1\/wp-json\/wp\/v2\/media?parent=301295"}],"wp:term":[{"taxonomy":"category","embeddable":true,"href":"https:\/\/www.caririemacao.com\/1\/wp-json\/wp\/v2\/categories?post=301295"},{"taxonomy":"post_tag","embeddable":true,"href":"https:\/\/www.caririemacao.com\/1\/wp-json\/wp\/v2\/tags?post=301295"}],"curies":[{"name":"wp","href":"https:\/\/api.w.org\/{rel}","templated":true}]}}