{"id":301325,"date":"2025-07-03T07:58:14","date_gmt":"2025-07-03T10:58:14","guid":{"rendered":"https:\/\/www.caririemacao.com\/1\/?p=301325"},"modified":"2025-07-03T07:58:14","modified_gmt":"2025-07-03T10:58:14","slug":"veja-como-se-inscrever-no-cnu-o-enem-dos-concursos-em-12-passos","status":"publish","type":"post","link":"https:\/\/www.caririemacao.com\/1\/2025\/07\/03\/veja-como-se-inscrever-no-cnu-o-enem-dos-concursos-em-12-passos\/","title":{"rendered":"Veja como se inscrever no CNU, o Enem dos Concursos, em 12 passos"},"content":{"rendered":"<div class=\"subtitulo mb-3\" style=\"text-align: center;\"><em><strong>Processo \u00e9 feito online, por meio do site da FGV<\/strong><\/em><\/div>\n<div><\/div>\n<div>\n<p>As inscri\u00e7\u00f5es para a segunda edi\u00e7\u00e3o do CNU (Concurso Nacional Unificado) come\u00e7aram \u00e0s 10h desta quarta-feira (2). O processo \u00e9 feito online, por meio do site da FGV (Funda\u00e7\u00e3o Getulio Vargas), e vai at\u00e9 as 23h59 de 20 de julho.<\/p>\n<p>\u00c9 preciso ter uma conta ativa no Gov.br, em qualquer n\u00edvel (ouro, prata ou bronze). Caso ainda n\u00e3o tenha, ser\u00e1 necess\u00e1rio criar uma conta gratuitamente antes de iniciar o processo de inscri\u00e7\u00e3o.<\/p>\n<p>O MGI alerta de que n\u00e3o ser\u00e3o enviados documentos para inscri\u00e7\u00e3o via WhatsApp ou email.<\/p>\n<p><strong>SAIBA O PASSO A PASSO PARA SE INSCREVER NO CNU 2025<\/strong><\/p>\n<ol class=\"wp-block-list\">\n<li><strong>ACESSE O FORMUL\u00c1RIO DE INSCRI\u00c7\u00c3O<\/strong><br \/>\nO site oficial da banca \u00e9 o https:\/\/conhecimento.fgv.br\/cpnu2, e o formul\u00e1rio est\u00e1 dispon\u00edvel nos \u201cArquivos do concurso\u201d. Tamb\u00e9m \u00e9 poss\u00edvel acessar o link direto em https:\/\/inscricao-cpnu.conhecimento.fgv.br\/.<\/li>\n<li><strong>FA\u00c7A LOGIN COM A CONTA GOV.BR<\/strong><br \/>\nSe ainda n\u00e3o tiver, ser\u00e1 preciso criar uma. Qualquer n\u00edvel (bronze, prata ou ouro) \u00e9 aceito.<\/li>\n<li><strong>CRIE UMA CONTA NA FGV CONHECIMENTO<\/strong><br \/>\nCaso ainda n\u00e3o tenha realizado um concurso na banca, dever\u00e1 preencher os dados pessoais solicitados, mas o nome e o CPF j\u00e1 devem estar preenchidos, com base nos dados do Gov.br. Depois, \u00e9 s\u00f3 clicar em \u201cConcurso P\u00fablico Nacional Unificado \u2013 CPNU 2\u201d.<\/li>\n<li><strong>ESCOLHA UM DOS NOVE BLOCOS TEM\u00c1TICOS DISPON\u00cdVEIS<\/strong><br \/>\nOs candidatos devem optar por apenas um bloco, de acordo com sua forma\u00e7\u00e3o, experi\u00eancia e interesses profissionais. Os participantes concorrem apenas aos cargos inclu\u00eddos no grupo selecionado.<br \/>\nVeja a distribui\u00e7\u00e3o de vagas em cada bloco:<\/li>\n<\/ol>\n<ul class=\"wp-block-list\">\n<li>Bloco 1: Seguridade Social: Sa\u00fade, Assist\u00eancia Social e Previd\u00eancia \u2013 789 vagas<\/li>\n<li>Bloco 2: Cultura e Educa\u00e7\u00e3o \u2013 130 vagas<\/li>\n<li>Bloco 3: Ci\u00eancias, Dados e Tecnologia \u2013 212 vagas<\/li>\n<li>Bloco 4: Engenharias e Arquitetura \u2013 306 vagas<\/li>\n<li>Bloco 5: Administra\u00e7\u00e3o \u2013 1.171 vagas<\/li>\n<li>Bloco 6: Desenvolvimento Socioecon\u00f4mico \u2013 286 vagas<\/li>\n<li>Bloco 7: Justi\u00e7a e Defesa \u2013 250 vagas<\/li>\n<li>Bloco 8: Intermedi\u00e1rio: Sa\u00fade \u2013 168 vagas<\/li>\n<li>Bloco 9: Intermedi\u00e1rio: Regula\u00e7\u00e3o \u2013 340 vagas<\/li>\n<\/ul>\n<p><strong>5. SELECIONE CARGOS E ESPECIALIDADES<\/strong><\/p>\n<p>O candidato dever\u00e1 escolher todos os cargos e suas respectivas especialidades ofertadas em um \u00fanico bloco tem\u00e1tico, j\u00e1 que as provas de todos os blocos ser\u00e3o aplicadas nos mesmos dias e hor\u00e1rios.<\/p>\n<p><strong>6. INDIQUE A ORDEM DE PREFER\u00caNCIA DOS CARGOS<\/strong><\/p>\n<p>\u00c9 preciso ter cautela durante esta etapa. Na \u00faltima edi\u00e7\u00e3o, especialistas observaram candidatos que escolhiam as carreiras consideradas mais f\u00e1ceis, com remunera\u00e7\u00e3o mais baixa, nas primeiras op\u00e7\u00f5es; e as mais altas, mais concorridas, nas \u00faltimas. Por\u00e9m, o aprovado ser\u00e1 convocado com base na ordem escolhida. Ou seja, o candidato at\u00e9 poderia ter uma nota para passar na carreira de R$ 20 mil, mas se ele colocou a de R$ 5.000 como primeira op\u00e7\u00e3o, ser\u00e1 chamado para esta. A dica \u00e9 escolher as op\u00e7\u00f5es com base na ordem de prefer\u00eancia do candidato.<\/p>\n<p><strong>7. ESCOLHA A CIDADE ONDE FAR\u00c1 A PROVA<\/strong><\/p>\n<p>Esta op\u00e7\u00e3o n\u00e3o poder\u00e1 ser alterada posteriormente sob nenhuma hip\u00f3tese, segundo a banca. As provas objetivas ser\u00e3o aplicadas no dia 5 de outubro em 228 munic\u00edpios, e a etapa discursiva ocorrer\u00e1 em 7 de dezembro, apenas para os candidatos aprovados na primeira fase. Nesta etapa, tamb\u00e9m \u00e9 preciso indicar se precisa de condi\u00e7\u00f5es especiais para a aplica\u00e7\u00e3o.<\/p>\n<p><strong>8. INFORME SE TEM DIREITO A VAGAS RESERVADAS<\/strong><\/p>\n<p>Das vagas ofertadas e das que vierem a ser criadas durante o prazo de validade do concurso, 5% ser\u00e3o reservadas a PcD (pessoas com defici\u00eancia), 25% para pessoas negras, 3% para ind\u00edgenas e 2% para quilombolas. O candidato dever\u00e1 informar sua autodeclara\u00e7\u00e3o nesta etapa.<\/p>\n<p><strong>9. SOLICITE ISEN\u00c7\u00c3O DA TAXA, SE PREENCHER OS REQUISITOS<\/strong><\/p>\n<p>O candidato pode escolher entre pedir a isen\u00e7\u00e3o, se preencher os requisitos, at\u00e9 o dia 8 de julho, ou pagar a taxa de inscri\u00e7\u00e3o at\u00e9 o dia 21. Tem direito a isen\u00e7\u00e3o quem for doador de medula, inscrito no Cad\u00danico, bolsista ou ex-bolsista do Prouni ou do Fies, desde que fa\u00e7a o pedido at\u00e9 dia 8 de julho, diretamente no sistema.<\/p>\n<p><strong>10. PREENCHA O QUESTION\u00c1RIO SOCIOECON\u00d4MICO<\/strong><\/p>\n<p>Esta etapa n\u00e3o \u00e9 obrigat\u00f3ria e n\u00e3o ser\u00e1 utilizada durante a sele\u00e7\u00e3o. A banca pergunta informa\u00e7\u00f5es sobre renda, fam\u00edlia, habita\u00e7\u00e3o, entre outras quest\u00f5es.<\/p>\n<p><strong>11. REALIZE O PAGAMENTO DA TAXA, SE N\u00c3O FOR ISENTO<\/strong><\/p>\n<p>Depois de declarar ci\u00eancia e concord\u00e2ncia ao tratamento dos dados pessoais, ser\u00e1 poss\u00edvel acessar novamente o site do concurso, na op\u00e7\u00e3o \u201cPagamento\u201d. O valor \u00e9 de R$ 70, tanto para n\u00edvel superior quanto para n\u00edvel intermedi\u00e1rio, e poder\u00e1 ser pago por Pix, cart\u00e3o, boleto ou PagTesouro, por meio da GRU (Guia de Recolhimento da Uni\u00e3o) gerada.<\/p>\n<p><strong>12. ACOMPANHE A CONFIRMA\u00c7\u00c3O DA INSCRI\u00c7\u00c3O<\/strong><\/p>\n<p>Ap\u00f3s isso, \u00e9 s\u00f3 acompanhar o andamento do processo. A rela\u00e7\u00e3o preliminar de inscri\u00e7\u00f5es deferidas ser\u00e1 divulgada em 31 de julho, e a lista definitiva, em 18 de agosto. Os dados estar\u00e3o em https:\/\/conhecimento.fgv.br\/cpnu2.<\/p>\n<p><strong>COMO SER\u00c1 O CNU EM 2025?<\/strong><\/p>\n<p>Ao todo, o concurso oferece 3.652 vagas em 36 \u00f3rg\u00e3os federais, com sal\u00e1rios iniciais de at\u00e9 R$ 16 mil. A sele\u00e7\u00e3o ser\u00e1 dividida em duas etapas \u0097a primeira com provas objetivas, discursivas e de t\u00edtulos; e a segunda com curso de forma\u00e7\u00e3o, para determinados cargos.<\/p>\n<p>As provas objetivas ser\u00e3o aplicadas no dia 5 de outubro em 228 munic\u00edpios, e a etapa discursiva ocorrer\u00e1 em 7 de dezembro, apenas para os candidatos aprovados na primeira fase.<\/p>\n<p>Al\u00e9m da reserva tradicional de 20% para pretos e pardos e de 5% para pessoas com defici\u00eancia, a segunda edi\u00e7\u00e3o do CNU ter\u00e1 cotas tamb\u00e9m para ind\u00edgenas (3%) e quilombolas (2%). No total, 169 cargos contar\u00e3o com reserva de vagas.<\/p>\n<p>Haver\u00e1 tamb\u00e9m um mecanismo in\u00e9dito para ampliar a presen\u00e7a feminina na segunda fase. Quando o n\u00famero de mulheres classificadas para a prova discursiva for inferior a 50% dos convocados em ampla concorr\u00eancia, ser\u00e3o chamadas mais mulheres at\u00e9 que haja paridade de g\u00eanero.<\/p>\n<p>FONTE: Portal Correio<\/p>\n<\/div>\n","protected":false},"excerpt":{"rendered":"<p>Processo \u00e9 feito online, por meio do site da FGV As inscri\u00e7\u00f5es para a segunda edi\u00e7\u00e3o do CNU (Concurso Nacional Unificado) come\u00e7aram \u00e0s 10h desta quarta-feira (2). O processo \u00e9 feito online, por meio do site da FGV (Funda\u00e7\u00e3o Getulio Vargas), e vai at\u00e9 as 23h59 de 20 de julho. \u00c9 preciso ter uma conta ativa no Gov.br, em qualquer n\u00edvel (ouro, prata ou bronze). Caso ainda n\u00e3o tenha, ser\u00e1 necess\u00e1rio criar uma conta gratuitamente antes de iniciar o processo de inscri\u00e7\u00e3o. O MGI alerta de que n\u00e3o ser\u00e3o enviados documentos para inscri\u00e7\u00e3o via WhatsApp ou email. SAIBA O PASSO A PASSO PARA SE INSCREVER NO CNU 2025 ACESSE O FORMUL\u00c1RIO DE INSCRI\u00c7\u00c3O O site oficial da banca \u00e9 o https:\/\/conhecimento.fgv.br\/cpnu2, e o formul\u00e1rio est\u00e1 dispon\u00edvel nos \u201cArquivos do concurso\u201d. Tamb\u00e9m \u00e9 poss\u00edvel acessar o link direto em https:\/\/inscricao-cpnu.conhecimento.fgv.br\/. FA\u00c7A LOGIN COM A CONTA GOV.BR Se ainda n\u00e3o tiver, ser\u00e1 preciso criar uma. Qualquer n\u00edvel (bronze, prata ou ouro) \u00e9 aceito. CRIE UMA CONTA NA FGV CONHECIMENTO Caso ainda n\u00e3o tenha realizado um concurso na banca, dever\u00e1 preencher os dados pessoais solicitados, mas o nome e o CPF j\u00e1 devem estar preenchidos, com base nos dados do Gov.br. Depois, \u00e9 s\u00f3 clicar em \u201cConcurso P\u00fablico Nacional Unificado \u2013 CPNU 2\u201d. ESCOLHA UM DOS NOVE BLOCOS TEM\u00c1TICOS DISPON\u00cdVEIS Os candidatos devem optar por apenas um bloco, de acordo com sua forma\u00e7\u00e3o, experi\u00eancia e interesses profissionais. Os participantes concorrem apenas aos cargos inclu\u00eddos no grupo selecionado. Veja a distribui\u00e7\u00e3o de vagas em cada bloco: Bloco 1: Seguridade Social: Sa\u00fade, Assist\u00eancia Social e Previd\u00eancia \u2013 789 vagas Bloco 2: Cultura e Educa\u00e7\u00e3o \u2013 130 vagas Bloco 3: Ci\u00eancias, Dados e Tecnologia \u2013 212 vagas Bloco 4: Engenharias e Arquitetura \u2013 306 vagas Bloco 5: Administra\u00e7\u00e3o \u2013 1.171 vagas Bloco 6: Desenvolvimento Socioecon\u00f4mico \u2013 286 vagas Bloco 7: Justi\u00e7a e Defesa \u2013 250 vagas Bloco 8: Intermedi\u00e1rio: Sa\u00fade \u2013 168 vagas Bloco 9: Intermedi\u00e1rio: Regula\u00e7\u00e3o \u2013 340 vagas 5. SELECIONE CARGOS E ESPECIALIDADES O candidato dever\u00e1 escolher todos os cargos e suas respectivas especialidades ofertadas em um \u00fanico bloco tem\u00e1tico, j\u00e1 que as provas de todos os blocos ser\u00e3o aplicadas nos mesmos dias e hor\u00e1rios. 6. INDIQUE A ORDEM DE PREFER\u00caNCIA DOS CARGOS \u00c9 preciso ter cautela durante esta etapa. Na \u00faltima edi\u00e7\u00e3o, especialistas observaram candidatos que escolhiam as carreiras consideradas mais f\u00e1ceis, com remunera\u00e7\u00e3o mais baixa, nas primeiras op\u00e7\u00f5es; e as mais altas, mais concorridas, nas \u00faltimas. Por\u00e9m, o aprovado ser\u00e1 convocado com base na ordem escolhida. Ou seja, o candidato at\u00e9 poderia ter uma nota para passar na carreira de R$ 20 mil, mas se ele colocou a de R$ 5.000 como primeira op\u00e7\u00e3o, ser\u00e1 chamado para esta. A dica \u00e9 escolher as op\u00e7\u00f5es com base na ordem de prefer\u00eancia do candidato. 7. ESCOLHA A CIDADE ONDE FAR\u00c1 A PROVA Esta op\u00e7\u00e3o n\u00e3o poder\u00e1 ser alterada posteriormente sob nenhuma hip\u00f3tese, segundo a banca. As provas objetivas ser\u00e3o aplicadas no dia 5 de outubro em 228 munic\u00edpios, e a etapa discursiva ocorrer\u00e1 em 7 de dezembro, apenas para os candidatos aprovados na primeira fase. Nesta etapa, tamb\u00e9m \u00e9 preciso indicar se precisa de condi\u00e7\u00f5es especiais para a aplica\u00e7\u00e3o. 8. INFORME SE TEM DIREITO A VAGAS RESERVADAS Das vagas ofertadas e das que vierem a ser criadas durante o prazo de validade do concurso, 5% ser\u00e3o reservadas a PcD (pessoas com defici\u00eancia), 25% para pessoas negras, 3% para ind\u00edgenas e 2% para quilombolas. O candidato dever\u00e1 informar sua autodeclara\u00e7\u00e3o nesta etapa. 9. SOLICITE ISEN\u00c7\u00c3O DA TAXA, SE PREENCHER OS REQUISITOS O candidato pode escolher entre pedir a isen\u00e7\u00e3o, se preencher os requisitos, at\u00e9 o dia 8 de julho, ou pagar a taxa de inscri\u00e7\u00e3o at\u00e9 o dia 21. Tem direito a isen\u00e7\u00e3o quem for doador de medula, inscrito no Cad\u00danico, bolsista ou ex-bolsista do Prouni ou do Fies, desde que fa\u00e7a o pedido at\u00e9 dia 8 de julho, diretamente no sistema. 10. PREENCHA O QUESTION\u00c1RIO SOCIOECON\u00d4MICO Esta etapa n\u00e3o \u00e9 obrigat\u00f3ria e n\u00e3o ser\u00e1 utilizada durante a sele\u00e7\u00e3o. A banca pergunta informa\u00e7\u00f5es sobre renda, fam\u00edlia, habita\u00e7\u00e3o, entre outras quest\u00f5es. 11. REALIZE O PAGAMENTO DA TAXA, SE N\u00c3O FOR ISENTO Depois de declarar ci\u00eancia e concord\u00e2ncia ao tratamento dos dados pessoais, ser\u00e1 poss\u00edvel acessar novamente o site do concurso, na op\u00e7\u00e3o \u201cPagamento\u201d. O valor \u00e9 de R$ 70, tanto para n\u00edvel superior quanto para n\u00edvel intermedi\u00e1rio, e poder\u00e1 ser pago por Pix, cart\u00e3o, boleto ou PagTesouro, por meio da GRU (Guia de Recolhimento da Uni\u00e3o) gerada. 12. ACOMPANHE A CONFIRMA\u00c7\u00c3O DA INSCRI\u00c7\u00c3O Ap\u00f3s isso, \u00e9 s\u00f3 acompanhar o andamento do processo. A rela\u00e7\u00e3o preliminar de inscri\u00e7\u00f5es deferidas ser\u00e1 divulgada em 31 de julho, e a lista definitiva, em 18 de agosto. Os dados estar\u00e3o em https:\/\/conhecimento.fgv.br\/cpnu2. COMO SER\u00c1 O CNU EM 2025? Ao todo, o concurso oferece 3.652 vagas em 36 \u00f3rg\u00e3os federais, com sal\u00e1rios iniciais de at\u00e9 R$ 16 mil. A sele\u00e7\u00e3o ser\u00e1 dividida em duas etapas \u0097a primeira com provas objetivas, discursivas e de t\u00edtulos; e a segunda com curso de forma\u00e7\u00e3o, para determinados cargos. As provas objetivas ser\u00e3o aplicadas no dia 5 de outubro em 228 munic\u00edpios, e a etapa discursiva ocorrer\u00e1 em 7 de dezembro, apenas para os candidatos aprovados na primeira fase. Al\u00e9m da reserva tradicional de 20% para pretos e pardos e de 5% para pessoas com defici\u00eancia, a segunda edi\u00e7\u00e3o do CNU ter\u00e1 cotas tamb\u00e9m para ind\u00edgenas (3%) e quilombolas (2%). No total, 169 cargos contar\u00e3o com reserva de vagas. Haver\u00e1 tamb\u00e9m um mecanismo in\u00e9dito para ampliar a presen\u00e7a feminina na segunda fase. Quando o n\u00famero de mulheres classificadas para a prova discursiva for inferior a 50% dos convocados em ampla concorr\u00eancia, ser\u00e3o chamadas mais mulheres at\u00e9 que haja paridade de g\u00eanero. FONTE: Portal Correio<\/p>\n","protected":false},"author":6,"featured_media":301326,"comment_status":"closed","ping_status":"closed","sticky":false,"template":"","format":"standard","meta":{"sfsi_plus_gutenberg_text_before_share":"","sfsi_plus_gutenberg_show_text_before_share":"","sfsi_plus_gutenberg_icon_type":"","sfsi_plus_gutenberg_icon_alignemt":"","sfsi_plus_gutenburg_max_per_row":"","footnotes":""},"categories":[50,2],"tags":[],"class_list":["post-301325","post","type-post","status-publish","format-standard","has-post-thumbnail","hentry","category-destaque","category-geral"],"_links":{"self":[{"href":"https:\/\/www.caririemacao.com\/1\/wp-json\/wp\/v2\/posts\/301325","targetHints":{"allow":["GET"]}}],"collection":[{"href":"https:\/\/www.caririemacao.com\/1\/wp-json\/wp\/v2\/posts"}],"about":[{"href":"https:\/\/www.caririemacao.com\/1\/wp-json\/wp\/v2\/types\/post"}],"author":[{"embeddable":true,"href":"https:\/\/www.caririemacao.com\/1\/wp-json\/wp\/v2\/users\/6"}],"replies":[{"embeddable":true,"href":"https:\/\/www.caririemacao.com\/1\/wp-json\/wp\/v2\/comments?post=301325"}],"version-history":[{"count":1,"href":"https:\/\/www.caririemacao.com\/1\/wp-json\/wp\/v2\/posts\/301325\/revisions"}],"predecessor-version":[{"id":301327,"href":"https:\/\/www.caririemacao.com\/1\/wp-json\/wp\/v2\/posts\/301325\/revisions\/301327"}],"wp:featuredmedia":[{"embeddable":true,"href":"https:\/\/www.caririemacao.com\/1\/wp-json\/wp\/v2\/media\/301326"}],"wp:attachment":[{"href":"https:\/\/www.caririemacao.com\/1\/wp-json\/wp\/v2\/media?parent=301325"}],"wp:term":[{"taxonomy":"category","embeddable":true,"href":"https:\/\/www.caririemacao.com\/1\/wp-json\/wp\/v2\/categories?post=301325"},{"taxonomy":"post_tag","embeddable":true,"href":"https:\/\/www.caririemacao.com\/1\/wp-json\/wp\/v2\/tags?post=301325"}],"curies":[{"name":"wp","href":"https:\/\/api.w.org\/{rel}","templated":true}]}}