{"id":30146,"date":"2017-10-07T06:19:36","date_gmt":"2017-10-07T09:19:36","guid":{"rendered":"http:\/\/caririemacao.com\/1\/?p=30146"},"modified":"2017-10-07T06:19:36","modified_gmt":"2017-10-07T09:19:36","slug":"mpf-pede-aumento-da-pena-de-lula-no-processo-do-triplex","status":"publish","type":"post","link":"https:\/\/www.caririemacao.com\/1\/2017\/10\/07\/mpf-pede-aumento-da-pena-de-lula-no-processo-do-triplex\/","title":{"rendered":"MPF pede aumento da pena de Lula no processo do triplex"},"content":{"rendered":"<p>O Minist\u00e9rio P\u00fablico Federal (MPF) pediu nesta sexta-feira (6) na Justi\u00e7a Federal o aumento da pena do ex-presidente Luiz In\u00e1cio Lula da Silva no processo sobre o apartamento triplex no Guaruj\u00e1 (SP). No processo, Lula foi condenado a nove anos e seis meses de pris\u00e3o pelo juiz S\u00e9rgio Moro por corrup\u00e7\u00e3o passiva e lavagem de dinheiro. O ex-diretor da empreiteira OAS L\u00e9o Pinheiro tamb\u00e9m foi condenado no processo.<\/p>\n<p>No parecer, o MPF sustenta que o ex-presidente deve responder separadamente a cada acusa\u00e7\u00e3o de corrup\u00e7\u00e3o que consta na senten\u00e7a de Moro, fato que pode elevar a pena. O caso ser\u00e1 julgado pelo Tribunal Regional Federal (TRF) da 4\u00aa Regi\u00e3o (TRF4), sediado em Porto Alegre.<\/p>\n<p>\u201cA cada contrato fechado entre as empreiteiras consorciadas e a Petrobras, que, no caso da OAS, foram tr\u00eas, o oferecimento e promessa de vantagem se renova, constituindo crime aut\u00f4nomo\u201d, diz a acusa\u00e7\u00e3o.<\/p>\n<p>Na senten\u00e7a proferida em julho, Moro entendeu que as reformas executadas no apartamento pela empresa OAS provam que o im\u00f3vel era destinado ao ex-presidente. Al\u00e9m disso, Moro entendeu que os recursos usados pela empreiteira foram desviados da estatal.<\/p>\n<p>Em nota, a defesa do ex-presidente Lula declarou que o parecer repete as falhas jur\u00eddicas de Moro e da for\u00e7a-tarefa da Lava Jato em Curitiba. Segundo o advogado Cristiano Zanin, o MPF quer a condena\u00e7\u00e3o de Lula sem prova de culpa e desprezando sua inoc\u00eancia.<\/p>\n<p>\u201cTais circunst\u00e2ncias s\u00e3o suficientes para revelar que a opini\u00e3o do MPF de 2\u00ba. Grau n\u00e3o poder\u00e1 ser levada em considera\u00e7\u00e3o por um \u00f3rg\u00e3o judicial imparcial, pois, daquilo que consta no processo, o \u00fanico resultado poss\u00edvel \u00e9 a absolvi\u00e7\u00e3o do ex-presidente Lula\u201d, afirma a defesa.<\/p>\n<p><strong>CARIRI EM A\u00c7\u00c3O<\/strong><\/p>\n<p><em>Com Ag\u00eancia Brasil\/Foto:Google\u00a0\u00a0 <\/em><\/p>\n<p><strong>Leia mais not\u00edcias em\u00a0<\/strong><a href=\"http:\/\/www.caririemacao.com\/\"><strong>caririemacao.com<\/strong><\/a><strong>, siga nossa p\u00e1gina no\u00a0<\/strong><a href=\"https:\/\/www.facebook.com\/CaririEmAcao\/?ref=aymt_homepage_panel\"><strong>Facebook<\/strong><\/a>,<strong>\u00a0<\/strong><a href=\"https:\/\/www.instagram.com\/cariri_em_acao\/?hl=pt-br\"><strong>Instagram<\/strong><\/a><strong>\u00a0e <\/strong><a href=\"https:\/\/www.youtube.com\/channel\/UCAptA0jQuYQy8vMhLt2m4qg\"><strong>Youtube<\/strong><\/a><strong>\u00a0e veja nossas mat\u00e9rias, v\u00eddeos e fotos. Voc\u00ea tamb\u00e9m pode enviar informa\u00e7\u00f5es \u00e0 Reda\u00e7\u00e3o do Portal Cariri em A\u00e7\u00e3o pelo WhatsApp (83) 9 9634.5791, (83) 9 9601-1162.<\/strong><\/p>\n","protected":false},"excerpt":{"rendered":"<p>O Minist\u00e9rio P\u00fablico Federal (MPF) pediu nesta sexta-feira (6) na Justi\u00e7a Federal o aumento da pena do ex-presidente Luiz In\u00e1cio Lula da Silva no processo&hellip; <\/p>\n","protected":false},"author":2,"featured_media":23817,"comment_status":"closed","ping_status":"closed","sticky":false,"template":"","format":"standard","meta":{"sfsi_plus_gutenberg_text_before_share":"","sfsi_plus_gutenberg_show_text_before_share":"","sfsi_plus_gutenberg_icon_type":"","sfsi_plus_gutenberg_icon_alignemt":"","sfsi_plus_gutenburg_max_per_row":"","footnotes":""},"categories":[11],"tags":[],"class_list":["post-30146","post","type-post","status-publish","format-standard","has-post-thumbnail","hentry","category-politica"],"_links":{"self":[{"href":"https:\/\/www.caririemacao.com\/1\/wp-json\/wp\/v2\/posts\/30146","targetHints":{"allow":["GET"]}}],"collection":[{"href":"https:\/\/www.caririemacao.com\/1\/wp-json\/wp\/v2\/posts"}],"about":[{"href":"https:\/\/www.caririemacao.com\/1\/wp-json\/wp\/v2\/types\/post"}],"author":[{"embeddable":true,"href":"https:\/\/www.caririemacao.com\/1\/wp-json\/wp\/v2\/users\/2"}],"replies":[{"embeddable":true,"href":"https:\/\/www.caririemacao.com\/1\/wp-json\/wp\/v2\/comments?post=30146"}],"version-history":[{"count":0,"href":"https:\/\/www.caririemacao.com\/1\/wp-json\/wp\/v2\/posts\/30146\/revisions"}],"wp:featuredmedia":[{"embeddable":true,"href":"https:\/\/www.caririemacao.com\/1\/wp-json\/wp\/v2\/media\/23817"}],"wp:attachment":[{"href":"https:\/\/www.caririemacao.com\/1\/wp-json\/wp\/v2\/media?parent=30146"}],"wp:term":[{"taxonomy":"category","embeddable":true,"href":"https:\/\/www.caririemacao.com\/1\/wp-json\/wp\/v2\/categories?post=30146"},{"taxonomy":"post_tag","embeddable":true,"href":"https:\/\/www.caririemacao.com\/1\/wp-json\/wp\/v2\/tags?post=30146"}],"curies":[{"name":"wp","href":"https:\/\/api.w.org\/{rel}","templated":true}]}}