{"id":30151,"date":"2017-10-07T06:25:34","date_gmt":"2017-10-07T09:25:34","guid":{"rendered":"http:\/\/caririemacao.com\/1\/?p=30151"},"modified":"2017-10-07T06:25:34","modified_gmt":"2017-10-07T09:25:34","slug":"nao-existe-plano-b-e-lula-diz-haddad-em-jp-que-ve-estatura-em-rc-para-cenario-nacional","status":"publish","type":"post","link":"https:\/\/www.caririemacao.com\/1\/2017\/10\/07\/nao-existe-plano-b-e-lula-diz-haddad-em-jp-que-ve-estatura-em-rc-para-cenario-nacional\/","title":{"rendered":"\u2018N\u00e3o existe plano b, \u00e9 Lula\u2019, diz Haddad em JP, que v\u00ea \u2018estatura\u2019 em RC para cen\u00e1rio nacional"},"content":{"rendered":"<div>O ex-prefeito de S\u00e3o Paulo e ex-ministro da Educa\u00e7\u00e3o, Fernando Haddad (PT), disse hoje em entrevista concedida ao R\u00e1dio Verdade (Arapuan FM), que n\u00e3o h\u00e1 \u201cplano B\u201d para o PT em 2018. Ele garantiu: o candidato do partido para disputar a Presid\u00eancia da Rep\u00fablica \u00e9 o ex-presidente Luiz In\u00e1cio Lula da Silva.<\/div>\n<div><\/div>\n<div>Haddad tamb\u00e9m defendeu que o governador Ricardo Coutinho participe dos movimentos pol\u00edticos nacionais para, segundo ele, \u201ctirar o pa\u00eds do obscurantismo\u201d. O ex-prefeito v\u00ea \u201cestatura\u201d pol\u00edtica no governador paraibano para tomar parte, com mais efetividade, no cen\u00e1rio pol\u00edtico nacional.<\/div>\n<div><\/div>\n<div>Haddad ainda refletiu que o PT errou ao n\u00e3o encarar a agenda da reforma pol\u00edtica \u2013 um equ\u00edvoco que, segundo ele, custou muito caro. \u201cDormimos com o inimigo e, na primeira oportunidade, ele nos traiu\u201d, criticou.<\/div>\n<div><\/div>\n<div>Mesmo questionado, Haddad evitou se colocar como um nome alternativo do partido para 2018. Ele disse que o momento \u00e9 de elaborar planos e n\u00e3o de selecionar nomes.<\/div>\n<div><\/div>\n<div>A despeito de negar que suas andan\u00e7as pelo pa\u00eds se trate de uma ofensiva visando as urnas no pr\u00f3ximo ano, ele fez balan\u00e7o de sua passagem pela Prefeitura de S\u00e3o Paulo e tamb\u00e9m pelo Minist\u00e9rio da Educa\u00e7\u00e3o. \u201cTenho orgulho do que fiz, abrindo universidades, aumentando os investimentos no futuro do Brasil, que \u00e9 a educa\u00e7\u00e3o\u201d.<\/div>\n<div><\/div>\n<div><strong>\u00a0<\/strong><strong>CARIRI EM A\u00c7\u00c3O<\/strong><\/div>\n<div>\n<p><em>Com\u00a0<\/em><strong>Para\u00edba.com.br\u00a0<\/strong><em>\/Foto: Google\u00a0\u00a0 <\/em><\/p>\n<p><strong>Leia mais not\u00edcias em\u00a0<\/strong><a href=\"http:\/\/www.caririemacao.com\/\"><strong>caririemacao.com<\/strong><\/a><strong>, siga nossa p\u00e1gina no\u00a0<\/strong><a href=\"https:\/\/www.facebook.com\/CaririEmAcao\/?ref=aymt_homepage_panel\"><strong>Facebook<\/strong><\/a>,<strong>\u00a0<\/strong><a href=\"https:\/\/www.instagram.com\/cariri_em_acao\/?hl=pt-br\"><strong>Instagram<\/strong><\/a><strong>\u00a0e <\/strong><a href=\"https:\/\/www.youtube.com\/channel\/UCAptA0jQuYQy8vMhLt2m4qg\"><strong>Youtube<\/strong><\/a><strong>\u00a0e veja nossas mat\u00e9rias, v\u00eddeos e fotos. Voc\u00ea tamb\u00e9m pode enviar informa\u00e7\u00f5es \u00e0 Reda\u00e7\u00e3o do Portal Cariri em A\u00e7\u00e3o pelo WhatsApp (83) 9 9634.5791, (83) 9 9601-1162.<\/strong><\/p>\n<\/div>\n","protected":false},"excerpt":{"rendered":"<p>O ex-prefeito de S\u00e3o Paulo e ex-ministro da Educa\u00e7\u00e3o, Fernando Haddad (PT), disse hoje em entrevista concedida ao R\u00e1dio Verdade (Arapuan FM), que n\u00e3o h\u00e1&hellip; <\/p>\n","protected":false},"author":2,"featured_media":30155,"comment_status":"closed","ping_status":"closed","sticky":false,"template":"","format":"standard","meta":{"sfsi_plus_gutenberg_text_before_share":"","sfsi_plus_gutenberg_show_text_before_share":"","sfsi_plus_gutenberg_icon_type":"","sfsi_plus_gutenberg_icon_alignemt":"","sfsi_plus_gutenburg_max_per_row":"","footnotes":""},"categories":[11],"tags":[],"class_list":["post-30151","post","type-post","status-publish","format-standard","has-post-thumbnail","hentry","category-politica"],"_links":{"self":[{"href":"https:\/\/www.caririemacao.com\/1\/wp-json\/wp\/v2\/posts\/30151","targetHints":{"allow":["GET"]}}],"collection":[{"href":"https:\/\/www.caririemacao.com\/1\/wp-json\/wp\/v2\/posts"}],"about":[{"href":"https:\/\/www.caririemacao.com\/1\/wp-json\/wp\/v2\/types\/post"}],"author":[{"embeddable":true,"href":"https:\/\/www.caririemacao.com\/1\/wp-json\/wp\/v2\/users\/2"}],"replies":[{"embeddable":true,"href":"https:\/\/www.caririemacao.com\/1\/wp-json\/wp\/v2\/comments?post=30151"}],"version-history":[{"count":0,"href":"https:\/\/www.caririemacao.com\/1\/wp-json\/wp\/v2\/posts\/30151\/revisions"}],"wp:featuredmedia":[{"embeddable":true,"href":"https:\/\/www.caririemacao.com\/1\/wp-json\/wp\/v2\/media\/30155"}],"wp:attachment":[{"href":"https:\/\/www.caririemacao.com\/1\/wp-json\/wp\/v2\/media?parent=30151"}],"wp:term":[{"taxonomy":"category","embeddable":true,"href":"https:\/\/www.caririemacao.com\/1\/wp-json\/wp\/v2\/categories?post=30151"},{"taxonomy":"post_tag","embeddable":true,"href":"https:\/\/www.caririemacao.com\/1\/wp-json\/wp\/v2\/tags?post=30151"}],"curies":[{"name":"wp","href":"https:\/\/api.w.org\/{rel}","templated":true}]}}