{"id":301579,"date":"2025-07-07T18:37:44","date_gmt":"2025-07-07T21:37:44","guid":{"rendered":"https:\/\/www.caririemacao.com\/1\/?p=301579"},"modified":"2025-07-07T18:37:44","modified_gmt":"2025-07-07T21:37:44","slug":"ginasio-lotado-marca-a-abertura-da-1a-rodada-do-2o-campeonato-coxixolense-de-futsal","status":"publish","type":"post","link":"https:\/\/www.caririemacao.com\/1\/2025\/07\/07\/ginasio-lotado-marca-a-abertura-da-1a-rodada-do-2o-campeonato-coxixolense-de-futsal\/","title":{"rendered":"Gin\u00e1sio lotado marca a abertura da 1\u00aa rodada do 2\u00ba Campeonato Coxixolense de Futsal"},"content":{"rendered":"<p>A Prefeitura de Coxixola, por meio da Secretaria de Esportes, deu in\u00edcio a 1\u00aa rodada do 2\u00ba Campeonato Coxixolense de Futsal, nas categorias masculino e feminino.<\/p>\n<p>O campeonato conta com 8 equipes masculinas e 3 equipes femininas, que receberam bolas oficiais doadas pela Prefeitura, refor\u00e7ando o compromisso da gest\u00e3o do prefeito Nelsinho com o incentivo ao esporte em todas as modalidades.<\/p>\n<p>Na estreia da categoria feminina, a equipe Vit\u00f3ria B foi superada pelo Sport, que venceu por 2 a 0. Na pr\u00f3xima rodada, ser\u00e1 a vez da equipe Vit\u00f3ria A enfrentar o Sport, atual l\u00edder da competi\u00e7\u00e3o.<\/p>\n<p>J\u00e1 na categoria masculina, a primeira rodada foi marcada por jogos equilibrados e muita emo\u00e7\u00e3o:<\/p>\n<p>\u2022 For\u00e7a Jovem 1 x 1 Os Cachorros<br \/>\n\u2022 Real Sport Bar 0 x 3 Am\u00e9rica<br \/>\n\u2022 Escolinha 3 x 6 Montrilha<br \/>\n\u2022 Gr\u00eamio 2 x 4 Catingueira<\/p>\n<p>O formato da competi\u00e7\u00e3o prev\u00ea, no feminino, confrontos entre todas as tr\u00eas equipes participantes, sendo que as duas melhores classificadas disputar\u00e3o a grande final. No masculino, as 8 equipes est\u00e3o divididas em dois grupos com quatro times cada, onde as equipes do Grupo A enfrentam as do Grupo B na primeira fase. As duas melhores de cada grupo avan\u00e7am para a semifinal.<\/p>\n<p>A Prefeitura de Coxixola segue promovendo a\u00e7\u00f5es que fortalecem o esporte e o lazer no munic\u00edpio, valorizando os talentos locais e garantindo espa\u00e7os de competi\u00e7\u00e3o saud\u00e1vel e integra\u00e7\u00e3o comunit\u00e1ria.<\/p>\n<p>Confira a tabela da competi\u00e7\u00e3o:<\/p>\n<p><img fetchpriority=\"high\" decoding=\"async\" class=\" wp-image-301580 aligncenter\" src=\"https:\/\/www.caririemacao.com\/1\/wp-content\/uploads\/2025\/07\/WhatsApp-Image-2025-07-07-at-15.43.43-186x300.jpeg\" alt=\"\" width=\"230\" height=\"371\" srcset=\"https:\/\/www.caririemacao.com\/1\/wp-content\/uploads\/2025\/07\/WhatsApp-Image-2025-07-07-at-15.43.43-186x300.jpeg 186w, https:\/\/www.caririemacao.com\/1\/wp-content\/uploads\/2025\/07\/WhatsApp-Image-2025-07-07-at-15.43.43-793x1280.jpeg 793w, https:\/\/www.caririemacao.com\/1\/wp-content\/uploads\/2025\/07\/WhatsApp-Image-2025-07-07-at-15.43.43-768x1239.jpeg 768w, https:\/\/www.caririemacao.com\/1\/wp-content\/uploads\/2025\/07\/WhatsApp-Image-2025-07-07-at-15.43.43.jpeg 828w\" sizes=\"(max-width: 230px) 100vw, 230px\" \/><\/p>\n","protected":false},"excerpt":{"rendered":"<p>A Prefeitura de Coxixola, por meio da Secretaria de Esportes, deu in\u00edcio a 1\u00aa rodada do 2\u00ba Campeonato Coxixolense de Futsal, nas categorias masculino e&hellip; <\/p>\n","protected":false},"author":6,"featured_media":301581,"comment_status":"closed","ping_status":"closed","sticky":false,"template":"","format":"standard","meta":{"sfsi_plus_gutenberg_text_before_share":"","sfsi_plus_gutenberg_show_text_before_share":"","sfsi_plus_gutenberg_icon_type":"","sfsi_plus_gutenberg_icon_alignemt":"","sfsi_plus_gutenburg_max_per_row":"","footnotes":""},"categories":[75,50,2],"tags":[],"class_list":["post-301579","post","type-post","status-publish","format-standard","has-post-thumbnail","hentry","category-coxixola","category-destaque","category-geral"],"_links":{"self":[{"href":"https:\/\/www.caririemacao.com\/1\/wp-json\/wp\/v2\/posts\/301579","targetHints":{"allow":["GET"]}}],"collection":[{"href":"https:\/\/www.caririemacao.com\/1\/wp-json\/wp\/v2\/posts"}],"about":[{"href":"https:\/\/www.caririemacao.com\/1\/wp-json\/wp\/v2\/types\/post"}],"author":[{"embeddable":true,"href":"https:\/\/www.caririemacao.com\/1\/wp-json\/wp\/v2\/users\/6"}],"replies":[{"embeddable":true,"href":"https:\/\/www.caririemacao.com\/1\/wp-json\/wp\/v2\/comments?post=301579"}],"version-history":[{"count":1,"href":"https:\/\/www.caririemacao.com\/1\/wp-json\/wp\/v2\/posts\/301579\/revisions"}],"predecessor-version":[{"id":301582,"href":"https:\/\/www.caririemacao.com\/1\/wp-json\/wp\/v2\/posts\/301579\/revisions\/301582"}],"wp:featuredmedia":[{"embeddable":true,"href":"https:\/\/www.caririemacao.com\/1\/wp-json\/wp\/v2\/media\/301581"}],"wp:attachment":[{"href":"https:\/\/www.caririemacao.com\/1\/wp-json\/wp\/v2\/media?parent=301579"}],"wp:term":[{"taxonomy":"category","embeddable":true,"href":"https:\/\/www.caririemacao.com\/1\/wp-json\/wp\/v2\/categories?post=301579"},{"taxonomy":"post_tag","embeddable":true,"href":"https:\/\/www.caririemacao.com\/1\/wp-json\/wp\/v2\/tags?post=301579"}],"curies":[{"name":"wp","href":"https:\/\/api.w.org\/{rel}","templated":true}]}}