{"id":301598,"date":"2025-07-08T07:33:54","date_gmt":"2025-07-08T10:33:54","guid":{"rendered":"https:\/\/www.caririemacao.com\/1\/?p=301598"},"modified":"2025-07-08T07:33:54","modified_gmt":"2025-07-08T10:33:54","slug":"suspeito-e-detido-com-veiculo-adulterado-e-entorpecente-em-serra-branca","status":"publish","type":"post","link":"https:\/\/www.caririemacao.com\/1\/2025\/07\/08\/suspeito-e-detido-com-veiculo-adulterado-e-entorpecente-em-serra-branca\/","title":{"rendered":"Suspeito \u00e9 detido com ve\u00edculo adulterado e entorpecente em Serra Branca"},"content":{"rendered":"<p>Na noite deste domingo (06), por volta das 22h, a Pol\u00edcia Militar do 11\u00b0 Batalh\u00e3o prendeu um homem por adultera\u00e7\u00e3o veicular e posse de subst\u00e2ncia entorpecente na cidade de Serra Branca, no Cariri paraibano.<\/p>\n<p>Durante rondas de rotina nas proximidades de um posto de combust\u00edvel, os policiais abordaram o suspeito que conduzia uma motocicleta. Ao realizar a verifica\u00e7\u00e3o do ve\u00edculo, os militares constataram sinais de adultera\u00e7\u00e3o. Al\u00e9m disso, com o homem foram encontrados dois recipientes contendo uma subst\u00e2ncia conhecida popularmente como \u201clol\u00f3\u201d.<\/p>\n<p>Diante da situa\u00e7\u00e3o, o suspeito foi detido e conduzido \u00e0 Delegacia de Pol\u00edcia Civil, onde foram adotadas as medidas legais cab\u00edveis.<\/p>\n<p>A a\u00e7\u00e3o faz parte das opera\u00e7\u00f5es preventivas da Pol\u00edcia Militar na regi\u00e3o, com o objetivo de garantir mais seguran\u00e7a \u00e0 popula\u00e7\u00e3o.<\/p>\n<p>&nbsp;<\/p>\n<p><em>Com 11\u00ba Batalh\u00e3o de Pol\u00edcia Militar<\/em><\/p>\n","protected":false},"excerpt":{"rendered":"<p>Na noite deste domingo (06), por volta das 22h, a Pol\u00edcia Militar do 11\u00b0 Batalh\u00e3o prendeu um homem por adultera\u00e7\u00e3o veicular e posse de subst\u00e2ncia&hellip; <\/p>\n","protected":false},"author":6,"featured_media":301599,"comment_status":"closed","ping_status":"closed","sticky":false,"template":"","format":"standard","meta":{"sfsi_plus_gutenberg_text_before_share":"","sfsi_plus_gutenberg_show_text_before_share":"","sfsi_plus_gutenberg_icon_type":"","sfsi_plus_gutenberg_icon_alignemt":"","sfsi_plus_gutenburg_max_per_row":"","footnotes":""},"categories":[50,2,93],"tags":[],"class_list":["post-301598","post","type-post","status-publish","format-standard","has-post-thumbnail","hentry","category-destaque","category-geral","category-serra-branca"],"_links":{"self":[{"href":"https:\/\/www.caririemacao.com\/1\/wp-json\/wp\/v2\/posts\/301598","targetHints":{"allow":["GET"]}}],"collection":[{"href":"https:\/\/www.caririemacao.com\/1\/wp-json\/wp\/v2\/posts"}],"about":[{"href":"https:\/\/www.caririemacao.com\/1\/wp-json\/wp\/v2\/types\/post"}],"author":[{"embeddable":true,"href":"https:\/\/www.caririemacao.com\/1\/wp-json\/wp\/v2\/users\/6"}],"replies":[{"embeddable":true,"href":"https:\/\/www.caririemacao.com\/1\/wp-json\/wp\/v2\/comments?post=301598"}],"version-history":[{"count":1,"href":"https:\/\/www.caririemacao.com\/1\/wp-json\/wp\/v2\/posts\/301598\/revisions"}],"predecessor-version":[{"id":301600,"href":"https:\/\/www.caririemacao.com\/1\/wp-json\/wp\/v2\/posts\/301598\/revisions\/301600"}],"wp:featuredmedia":[{"embeddable":true,"href":"https:\/\/www.caririemacao.com\/1\/wp-json\/wp\/v2\/media\/301599"}],"wp:attachment":[{"href":"https:\/\/www.caririemacao.com\/1\/wp-json\/wp\/v2\/media?parent=301598"}],"wp:term":[{"taxonomy":"category","embeddable":true,"href":"https:\/\/www.caririemacao.com\/1\/wp-json\/wp\/v2\/categories?post=301598"},{"taxonomy":"post_tag","embeddable":true,"href":"https:\/\/www.caririemacao.com\/1\/wp-json\/wp\/v2\/tags?post=301598"}],"curies":[{"name":"wp","href":"https:\/\/api.w.org\/{rel}","templated":true}]}}