{"id":301848,"date":"2025-07-14T00:36:28","date_gmt":"2025-07-14T03:36:28","guid":{"rendered":"https:\/\/www.caririemacao.com\/1\/?p=301848"},"modified":"2025-07-14T00:39:17","modified_gmt":"2025-07-14T03:39:17","slug":"wellington-roberto-deixa-o-pl-apos-mais-de-30-anos-de-filiacao","status":"publish","type":"post","link":"https:\/\/www.caririemacao.com\/1\/2025\/07\/14\/wellington-roberto-deixa-o-pl-apos-mais-de-30-anos-de-filiacao\/","title":{"rendered":"Wellington Roberto deixa o PL ap\u00f3s mais de 30 anos de filia\u00e7\u00e3o"},"content":{"rendered":"<p>O deputado federal Wellington Roberto anunciou, neste s\u00e1bado (12), sua sa\u00edda do Partido Liberal (PL), ap\u00f3s mais de 30 anos de filia\u00e7\u00e3o. O pronunciamento ocorreu durante um evento pol\u00edtico na cidade de Cuit\u00e9 de Mamanguape, no Litoral Norte da Para\u00edba, e marcou o encerramento de um dos v\u00ednculos partid\u00e1rios mais duradouros da pol\u00edtica paraibana.<\/p>\n<p>\u201cS\u00e3o 30 anos de hist\u00f3ria, de contribui\u00e7\u00f5es, mas \u00e9 chegada a hora de encerrar esse ciclo\u201d, declarou o parlamentar, ao se referir \u00e0 sua trajet\u00f3ria no partido.<\/p>\n<p>Reconhecido por sua atua\u00e7\u00e3o firme no Congresso Nacional, Wellington Roberto construiu uma carreira pautada na defesa dos interesses da Para\u00edba, sendo respons\u00e1vel por importantes articula\u00e7\u00f5es que garantiram recursos e investimentos para diversas regi\u00f5es do estado, especialmente nas \u00e1reas de infraestrutura, sa\u00fade, educa\u00e7\u00e3o e seguran\u00e7a p\u00fablica.<\/p>\n<p>Sua sa\u00edda do comando estadual do PL, em fevereiro, foi motivada por diverg\u00eancias internas com a ala bolsonarista, que passou a ter maior influ\u00eancia na legenda. Desde ent\u00e3o, o diret\u00f3rio estadual do partido passou a ser presidido por Marcelo Queiroga, ex-ministro da Sa\u00fade.<\/p>\n<p>Apesar do an\u00fancio de desfilia\u00e7\u00e3o, Wellington ainda n\u00e3o revelou qual ser\u00e1 seu novo destino partid\u00e1rio. Nos bastidores, especula-se a possibilidade de sua filia\u00e7\u00e3o ao Progressistas (PP), liderado na Para\u00edba pelo deputado federal Aguinaldo Ribeiro.<\/p>\n<p>A decis\u00e3o do parlamentar acontece em um momento de reorganiza\u00e7\u00e3o das for\u00e7as pol\u00edticas no estado, com foco nas elei\u00e7\u00f5es municipais de 2024 e no cen\u00e1rio pol\u00edtico que se desenha para 2026. Com uma trajet\u00f3ria s\u00f3lida e respeitada, Wellington Roberto segue como uma das principais lideran\u00e7as pol\u00edticas da Para\u00edba no cen\u00e1rio nacional.<\/p>\n<p><strong>CARIRI EM A\u00c7\u00c3O<\/strong><\/p>\n","protected":false},"excerpt":{"rendered":"<p>O deputado federal Wellington Roberto anunciou, neste s\u00e1bado (12), sua sa\u00edda do Partido Liberal (PL), ap\u00f3s mais de 30 anos de filia\u00e7\u00e3o. O pronunciamento ocorreu durante um evento pol\u00edtico na cidade de Cuit\u00e9 de Mamanguape, no Litoral Norte da Para\u00edba, e marcou o encerramento de um dos v\u00ednculos partid\u00e1rios mais duradouros da pol\u00edtica paraibana. \u201cS\u00e3o 30 anos de hist\u00f3ria, de contribui\u00e7\u00f5es, mas \u00e9 chegada a hora de encerrar esse ciclo\u201d, declarou o parlamentar, ao se referir \u00e0 sua trajet\u00f3ria no partido. Reconhecido por sua atua\u00e7\u00e3o firme no Congresso Nacional, Wellington Roberto construiu uma carreira pautada na defesa dos interesses da Para\u00edba, sendo respons\u00e1vel por importantes articula\u00e7\u00f5es que garantiram recursos e investimentos para diversas regi\u00f5es do estado, especialmente nas \u00e1reas de infraestrutura, sa\u00fade, educa\u00e7\u00e3o e seguran\u00e7a p\u00fablica. Sua sa\u00edda do comando estadual do PL, em fevereiro, foi motivada por diverg\u00eancias internas com a ala bolsonarista, que passou a ter maior influ\u00eancia na legenda. Desde ent\u00e3o, o diret\u00f3rio estadual do partido passou a ser presidido por Marcelo Queiroga, ex-ministro da Sa\u00fade. Apesar do an\u00fancio de desfilia\u00e7\u00e3o, Wellington ainda n\u00e3o revelou qual ser\u00e1 seu novo destino partid\u00e1rio. Nos bastidores, especula-se a possibilidade de sua filia\u00e7\u00e3o ao Progressistas (PP), liderado na Para\u00edba pelo deputado federal Aguinaldo Ribeiro. A decis\u00e3o do parlamentar acontece em um momento de reorganiza\u00e7\u00e3o das for\u00e7as pol\u00edticas no estado, com foco nas elei\u00e7\u00f5es municipais de 2024 e no cen\u00e1rio pol\u00edtico que se desenha para 2026. Com uma trajet\u00f3ria s\u00f3lida e respeitada, Wellington Roberto segue como uma das principais lideran\u00e7as pol\u00edticas da Para\u00edba no cen\u00e1rio nacional. CARIRI EM A\u00c7\u00c3O<\/p>\n","protected":false},"author":6,"featured_media":301849,"comment_status":"closed","ping_status":"closed","sticky":false,"template":"","format":"standard","meta":{"sfsi_plus_gutenberg_text_before_share":"","sfsi_plus_gutenberg_show_text_before_share":"","sfsi_plus_gutenberg_icon_type":"","sfsi_plus_gutenberg_icon_alignemt":"","sfsi_plus_gutenburg_max_per_row":"","footnotes":""},"categories":[50,161,104],"tags":[],"class_list":["post-301848","post","type-post","status-publish","format-standard","has-post-thumbnail","hentry","category-destaque","category-eleicoes-2026","category-paraiba"],"_links":{"self":[{"href":"https:\/\/www.caririemacao.com\/1\/wp-json\/wp\/v2\/posts\/301848","targetHints":{"allow":["GET"]}}],"collection":[{"href":"https:\/\/www.caririemacao.com\/1\/wp-json\/wp\/v2\/posts"}],"about":[{"href":"https:\/\/www.caririemacao.com\/1\/wp-json\/wp\/v2\/types\/post"}],"author":[{"embeddable":true,"href":"https:\/\/www.caririemacao.com\/1\/wp-json\/wp\/v2\/users\/6"}],"replies":[{"embeddable":true,"href":"https:\/\/www.caririemacao.com\/1\/wp-json\/wp\/v2\/comments?post=301848"}],"version-history":[{"count":3,"href":"https:\/\/www.caririemacao.com\/1\/wp-json\/wp\/v2\/posts\/301848\/revisions"}],"predecessor-version":[{"id":301852,"href":"https:\/\/www.caririemacao.com\/1\/wp-json\/wp\/v2\/posts\/301848\/revisions\/301852"}],"wp:featuredmedia":[{"embeddable":true,"href":"https:\/\/www.caririemacao.com\/1\/wp-json\/wp\/v2\/media\/301849"}],"wp:attachment":[{"href":"https:\/\/www.caririemacao.com\/1\/wp-json\/wp\/v2\/media?parent=301848"}],"wp:term":[{"taxonomy":"category","embeddable":true,"href":"https:\/\/www.caririemacao.com\/1\/wp-json\/wp\/v2\/categories?post=301848"},{"taxonomy":"post_tag","embeddable":true,"href":"https:\/\/www.caririemacao.com\/1\/wp-json\/wp\/v2\/tags?post=301848"}],"curies":[{"name":"wp","href":"https:\/\/api.w.org\/{rel}","templated":true}]}}