{"id":301859,"date":"2025-07-14T01:31:17","date_gmt":"2025-07-14T04:31:17","guid":{"rendered":"https:\/\/www.caririemacao.com\/1\/?p=301859"},"modified":"2025-07-14T01:31:17","modified_gmt":"2025-07-14T04:31:17","slug":"acidente-fatal-entre-tuparetama-e-jabitaca-reacende-alerta-sobre-animais-soltos-em-rodovias","status":"publish","type":"post","link":"https:\/\/www.caririemacao.com\/1\/2025\/07\/14\/acidente-fatal-entre-tuparetama-e-jabitaca-reacende-alerta-sobre-animais-soltos-em-rodovias\/","title":{"rendered":"Acidente fatal entre Tuparetama e Jabitac\u00e1 reacende alerta sobre animais soltos em rodovias"},"content":{"rendered":"<p>Um tr\u00e1gico acidente ocorrido na tarde deste domingo (14), na rodovia PE-275, entre Tuparetama e Jabitac\u00e1, ceifou a vida do agricultor Erivaldo Santos Pereira, de 40 anos, conhecido como \u201cNego Vaqueiro\u201d. A colis\u00e3o aconteceu nas imedia\u00e7\u00f5es da comunidade Casa de Turma, pr\u00f3ximo ao km 49.<\/p>\n<p>Segundo relatos de testemunhas, Erivaldo retornava da 51\u00aa Expocose, em Sert\u00e2nia, quando colidiu com um boi solto na pista. Com o impacto, ele perdeu o controle da moto e acabou atingido por um ve\u00edculo que vinha em sentido contr\u00e1rio. O condutor do carro, natural de Brejinho, tentou desviar do animal, mas a colis\u00e3o foi inevit\u00e1vel.<\/p>\n<p>Equipes da Unidade Mista de Sa\u00fade de Tuparetama e da Pol\u00edcia Militar foram acionadas, mas Erivaldo faleceu ainda no local. O motorista do carro sofreu escoria\u00e7\u00f5es e foi encaminhado ao hospital da cidade. Seu nome n\u00e3o foi divulgado.<\/p>\n<p>Natural da comunidade Cai\u00e7ara e morador do S\u00edtio Manoino, no munic\u00edpio da Ingazeira, Erivaldo completaria 41 anos no pr\u00f3ximo dia 8 de agosto. A trag\u00e9dia provocou como\u00e7\u00e3o nas redes sociais, onde amigos e moradores da regi\u00e3o prestaram homenagens e cobraram provid\u00eancias urgentes das autoridades.<\/p>\n<p>Esse n\u00e3o \u00e9 um caso isolado. Acidentes com animais soltos na pista t\u00eam sido recorrentes na regi\u00e3o. Em 2021, 2022 e 2023, pelo menos tr\u00eas outras pessoas morreram em circunst\u00e2ncias semelhantes, incluindo policiais da reserva e jovens motociclistas.<\/p>\n<p>A popula\u00e7\u00e3o local refor\u00e7a o apelo por fiscaliza\u00e7\u00e3o mais r\u00edgida, penaliza\u00e7\u00e3o dos respons\u00e1veis pelos animais soltos e a\u00e7\u00f5es preventivas que evitem novas trag\u00e9dias nas estradas do Paje\u00fa.<\/p>\n<p><strong>CARIRI EM A\u00c7\u00c3O<\/strong><\/p>\n<p>COM MARCELO PATRIOTA<\/p>\n","protected":false},"excerpt":{"rendered":"<p>Um tr\u00e1gico acidente ocorrido na tarde deste domingo (14), na rodovia PE-275, entre Tuparetama e Jabitac\u00e1, ceifou a vida do agricultor Erivaldo Santos Pereira, de 40 anos, conhecido como \u201cNego Vaqueiro\u201d. A colis\u00e3o aconteceu nas imedia\u00e7\u00f5es da comunidade Casa de Turma, pr\u00f3ximo ao km 49. Segundo relatos de testemunhas, Erivaldo retornava da 51\u00aa Expocose, em Sert\u00e2nia, quando colidiu com um boi solto na pista. Com o impacto, ele perdeu o controle da moto e acabou atingido por um ve\u00edculo que vinha em sentido contr\u00e1rio. O condutor do carro, natural de Brejinho, tentou desviar do animal, mas a colis\u00e3o foi inevit\u00e1vel. Equipes da Unidade Mista de Sa\u00fade de Tuparetama e da Pol\u00edcia Militar foram acionadas, mas Erivaldo faleceu ainda no local. O motorista do carro sofreu escoria\u00e7\u00f5es e foi encaminhado ao hospital da cidade. Seu nome n\u00e3o foi divulgado. Natural da comunidade Cai\u00e7ara e morador do S\u00edtio Manoino, no munic\u00edpio da Ingazeira, Erivaldo completaria 41 anos no pr\u00f3ximo dia 8 de agosto. A trag\u00e9dia provocou como\u00e7\u00e3o nas redes sociais, onde amigos e moradores da regi\u00e3o prestaram homenagens e cobraram provid\u00eancias urgentes das autoridades. Esse n\u00e3o \u00e9 um caso isolado. Acidentes com animais soltos na pista t\u00eam sido recorrentes na regi\u00e3o. Em 2021, 2022 e 2023, pelo menos tr\u00eas outras pessoas morreram em circunst\u00e2ncias semelhantes, incluindo policiais da reserva e jovens motociclistas. A popula\u00e7\u00e3o local refor\u00e7a o apelo por fiscaliza\u00e7\u00e3o mais r\u00edgida, penaliza\u00e7\u00e3o dos respons\u00e1veis pelos animais soltos e a\u00e7\u00f5es preventivas que evitem novas trag\u00e9dias nas estradas do Paje\u00fa. CARIRI EM A\u00c7\u00c3O COM MARCELO PATRIOTA<\/p>\n","protected":false},"author":6,"featured_media":301860,"comment_status":"closed","ping_status":"closed","sticky":false,"template":"","format":"standard","meta":{"sfsi_plus_gutenberg_text_before_share":"","sfsi_plus_gutenberg_show_text_before_share":"","sfsi_plus_gutenberg_icon_type":"","sfsi_plus_gutenberg_icon_alignemt":"","sfsi_plus_gutenburg_max_per_row":"","footnotes":""},"categories":[50,12,96],"tags":[],"class_list":["post-301859","post","type-post","status-publish","format-standard","has-post-thumbnail","hentry","category-destaque","category-policia","category-tuparetama"],"_links":{"self":[{"href":"https:\/\/www.caririemacao.com\/1\/wp-json\/wp\/v2\/posts\/301859","targetHints":{"allow":["GET"]}}],"collection":[{"href":"https:\/\/www.caririemacao.com\/1\/wp-json\/wp\/v2\/posts"}],"about":[{"href":"https:\/\/www.caririemacao.com\/1\/wp-json\/wp\/v2\/types\/post"}],"author":[{"embeddable":true,"href":"https:\/\/www.caririemacao.com\/1\/wp-json\/wp\/v2\/users\/6"}],"replies":[{"embeddable":true,"href":"https:\/\/www.caririemacao.com\/1\/wp-json\/wp\/v2\/comments?post=301859"}],"version-history":[{"count":1,"href":"https:\/\/www.caririemacao.com\/1\/wp-json\/wp\/v2\/posts\/301859\/revisions"}],"predecessor-version":[{"id":301861,"href":"https:\/\/www.caririemacao.com\/1\/wp-json\/wp\/v2\/posts\/301859\/revisions\/301861"}],"wp:featuredmedia":[{"embeddable":true,"href":"https:\/\/www.caririemacao.com\/1\/wp-json\/wp\/v2\/media\/301860"}],"wp:attachment":[{"href":"https:\/\/www.caririemacao.com\/1\/wp-json\/wp\/v2\/media?parent=301859"}],"wp:term":[{"taxonomy":"category","embeddable":true,"href":"https:\/\/www.caririemacao.com\/1\/wp-json\/wp\/v2\/categories?post=301859"},{"taxonomy":"post_tag","embeddable":true,"href":"https:\/\/www.caririemacao.com\/1\/wp-json\/wp\/v2\/tags?post=301859"}],"curies":[{"name":"wp","href":"https:\/\/api.w.org\/{rel}","templated":true}]}}