{"id":301978,"date":"2025-07-16T07:39:48","date_gmt":"2025-07-16T10:39:48","guid":{"rendered":"https:\/\/www.caririemacao.com\/1\/?p=301978"},"modified":"2025-07-16T07:39:48","modified_gmt":"2025-07-16T10:39:48","slug":"prefeitura-de-santo-andre-anuncia-realizacao-do-1o-pedala-santo-andre-no-dia-31-de-agosto","status":"publish","type":"post","link":"https:\/\/www.caririemacao.com\/1\/2025\/07\/16\/prefeitura-de-santo-andre-anuncia-realizacao-do-1o-pedala-santo-andre-no-dia-31-de-agosto\/","title":{"rendered":"Prefeitura de Santo Andr\u00e9 anuncia realiza\u00e7\u00e3o do 1\u00ba Pedala Santo Andr\u00e9 no dia 31 de agosto"},"content":{"rendered":"<p data-start=\"158\" data-end=\"528\">A Prefeitura de Santo Andr\u00e9, no Cariri paraibano, anunciou oficialmente a realiza\u00e7\u00e3o do 1\u00ba Pedala Santo Andr\u00e9, evento cicl\u00edstico que promete movimentar a cidade no pr\u00f3ximo dia 31 de agosto de 2025. A iniciativa tem como objetivo incentivar a pr\u00e1tica do esporte, promover sa\u00fade e bem-estar, al\u00e9m de integrar a comunidade em um momento de lazer e atividade f\u00edsica.<\/p>\n<p data-start=\"530\" data-end=\"773\">Com um percurso de 35 km, o evento contar\u00e1 com tr\u00eas pontos de apoio, al\u00e9m de oferecer apoio mec\u00e2nico e ambul\u00e2ncia para garantir a seguran\u00e7a dos participantes. Os inscritos receber\u00e3o um kit com camisa, bandana, mochila e trof\u00e9u.<\/p>\n<p data-start=\"775\" data-end=\"1021\">As inscri\u00e7\u00f5es j\u00e1 est\u00e3o abertas e podem ser feitas pelo WhatsApp, atrav\u00e9s do n\u00famero (83) 98111-6632. O valor da inscri\u00e7\u00e3o \u00e9 de R$ 90,00, com pagamento via Pix para a chave CPF 276.598.285-68, em nome de Valdir Ant\u00f4nio da Silva.<\/p>\n<p data-start=\"1023\" data-end=\"1374\">O prefeito Edglei Amorim celebrou a realiza\u00e7\u00e3o do evento: &#8220;O 1\u00ba Pedala Santo Andr\u00e9 \u00e9 mais do que um passeio cicl\u00edstico. \u00c9 um convite \u00e0 pr\u00e1tica esportiva, \u00e0 conviv\u00eancia comunit\u00e1ria e ao cuidado com a sa\u00fade. Convidamos todos os apaixonados por bicicleta a participarem desse momento que, com certeza, vai entrar para a hist\u00f3ria da nossa cidade.\u201d<\/p>\n<p data-start=\"1023\" data-end=\"1374\"><img fetchpriority=\"high\" decoding=\"async\" class=\" wp-image-301979 aligncenter\" src=\"https:\/\/www.caririemacao.com\/1\/wp-content\/uploads\/2025\/07\/WhatsApp-Image-2025-07-16-at-07.34.12-272x300.jpeg\" alt=\"\" width=\"324\" height=\"357\" srcset=\"https:\/\/www.caririemacao.com\/1\/wp-content\/uploads\/2025\/07\/WhatsApp-Image-2025-07-16-at-07.34.12-272x300.jpeg 272w, https:\/\/www.caririemacao.com\/1\/wp-content\/uploads\/2025\/07\/WhatsApp-Image-2025-07-16-at-07.34.12-768x847.jpeg 768w, https:\/\/www.caririemacao.com\/1\/wp-content\/uploads\/2025\/07\/WhatsApp-Image-2025-07-16-at-07.34.12.jpeg 1160w\" sizes=\"(max-width: 324px) 100vw, 324px\" \/><\/p>\n<p data-start=\"1023\" data-end=\"1374\"><strong>CARIRI EM A\u00c7\u00c3O<\/strong><\/p>\n","protected":false},"excerpt":{"rendered":"<p>A Prefeitura de Santo Andr\u00e9, no Cariri paraibano, anunciou oficialmente a realiza\u00e7\u00e3o do 1\u00ba Pedala Santo Andr\u00e9, evento cicl\u00edstico que promete movimentar a cidade no&hellip; <\/p>\n","protected":false},"author":6,"featured_media":301980,"comment_status":"closed","ping_status":"closed","sticky":false,"template":"","format":"standard","meta":{"sfsi_plus_gutenberg_text_before_share":"","sfsi_plus_gutenberg_show_text_before_share":"","sfsi_plus_gutenberg_icon_type":"","sfsi_plus_gutenberg_icon_alignemt":"","sfsi_plus_gutenburg_max_per_row":"","footnotes":""},"categories":[50,2,86],"tags":[],"class_list":["post-301978","post","type-post","status-publish","format-standard","has-post-thumbnail","hentry","category-destaque","category-geral","category-santo-andre"],"_links":{"self":[{"href":"https:\/\/www.caririemacao.com\/1\/wp-json\/wp\/v2\/posts\/301978","targetHints":{"allow":["GET"]}}],"collection":[{"href":"https:\/\/www.caririemacao.com\/1\/wp-json\/wp\/v2\/posts"}],"about":[{"href":"https:\/\/www.caririemacao.com\/1\/wp-json\/wp\/v2\/types\/post"}],"author":[{"embeddable":true,"href":"https:\/\/www.caririemacao.com\/1\/wp-json\/wp\/v2\/users\/6"}],"replies":[{"embeddable":true,"href":"https:\/\/www.caririemacao.com\/1\/wp-json\/wp\/v2\/comments?post=301978"}],"version-history":[{"count":1,"href":"https:\/\/www.caririemacao.com\/1\/wp-json\/wp\/v2\/posts\/301978\/revisions"}],"predecessor-version":[{"id":301981,"href":"https:\/\/www.caririemacao.com\/1\/wp-json\/wp\/v2\/posts\/301978\/revisions\/301981"}],"wp:featuredmedia":[{"embeddable":true,"href":"https:\/\/www.caririemacao.com\/1\/wp-json\/wp\/v2\/media\/301980"}],"wp:attachment":[{"href":"https:\/\/www.caririemacao.com\/1\/wp-json\/wp\/v2\/media?parent=301978"}],"wp:term":[{"taxonomy":"category","embeddable":true,"href":"https:\/\/www.caririemacao.com\/1\/wp-json\/wp\/v2\/categories?post=301978"},{"taxonomy":"post_tag","embeddable":true,"href":"https:\/\/www.caririemacao.com\/1\/wp-json\/wp\/v2\/tags?post=301978"}],"curies":[{"name":"wp","href":"https:\/\/api.w.org\/{rel}","templated":true}]}}