{"id":302054,"date":"2025-07-17T14:07:55","date_gmt":"2025-07-17T17:07:55","guid":{"rendered":"https:\/\/www.caririemacao.com\/1\/?p=302054"},"modified":"2025-07-17T14:47:48","modified_gmt":"2025-07-17T17:47:48","slug":"usuarios-do-caps-i-de-prata-participam-da-vii-amparo-cabra-fest-em-momento-de-integracao-e-valorizacao-cultural","status":"publish","type":"post","link":"https:\/\/www.caririemacao.com\/1\/2025\/07\/17\/usuarios-do-caps-i-de-prata-participam-da-vii-amparo-cabra-fest-em-momento-de-integracao-e-valorizacao-cultural\/","title":{"rendered":"Usu\u00e1rios do CAPS I de Prata participam da VII Amparo Cabra Fest em momento de integra\u00e7\u00e3o e valoriza\u00e7\u00e3o cultural"},"content":{"rendered":"<p data-start=\"222\" data-end=\"567\">Na \u00faltima quinta-feira, 17 de julho, os usu\u00e1rios do Centro de Aten\u00e7\u00e3o Psicossocial (CAPS I) de Prata participaram de uma visita especial \u00e0 VII edi\u00e7\u00e3o da Amparo Cabra Fest, realizada na cidade de Amparo. A atividade proporcionou um dia de viv\u00eancia fora do ambiente institucional, marcado por alegria, integra\u00e7\u00e3o e valoriza\u00e7\u00e3o da cultura regional.<\/p>\n<p data-start=\"569\" data-end=\"868\">Durante o evento, os participantes puderam conhecer exposi\u00e7\u00f5es de animais, apreciar o artesanato local e mergulhar nas tradi\u00e7\u00f5es do Sert\u00e3o paraibano. Mais do que um simples passeio, a a\u00e7\u00e3o representou um importante instrumento de inclus\u00e3o social, fortalecimento de v\u00ednculos e exerc\u00edcio da cidadania.<\/p>\n<p data-start=\"870\" data-end=\"1165\">A iniciativa refor\u00e7a o papel do CAPS como um espa\u00e7o de cuidado no territ\u00f3rio, onde se constr\u00f3i a possibilidade de novas formas de conviv\u00eancia, lazer e participa\u00e7\u00e3o social. A equipe do CAPS acompanhou todo o momento, prestando apoio e celebrando junto aos usu\u00e1rios a experi\u00eancia vivida no evento.<\/p>\n<p data-start=\"1167\" data-end=\"1347\">A gest\u00e3o do CAPS parabenizou a organiza\u00e7\u00e3o da Cabra Fest pela receptividade e destacou a import\u00e2ncia de promover a\u00e7\u00f5es que valorizem a vida, a liberdade e a integra\u00e7\u00e3o comunit\u00e1ria.<\/p>\n<p data-start=\"1167\" data-end=\"1347\"><strong>CARIRI EM A\u00c7\u00c3O<\/strong><\/p>\n","protected":false},"excerpt":{"rendered":"<p>Na \u00faltima quinta-feira, 17 de julho, os usu\u00e1rios do Centro de Aten\u00e7\u00e3o Psicossocial (CAPS I) de Prata participaram de uma visita especial \u00e0 VII edi\u00e7\u00e3o&hellip; <\/p>\n","protected":false},"author":6,"featured_media":302055,"comment_status":"closed","ping_status":"closed","sticky":false,"template":"","format":"standard","meta":{"sfsi_plus_gutenberg_text_before_share":"","sfsi_plus_gutenberg_show_text_before_share":"","sfsi_plus_gutenberg_icon_type":"","sfsi_plus_gutenberg_icon_alignemt":"","sfsi_plus_gutenburg_max_per_row":"","footnotes":""},"categories":[50,2,85],"tags":[],"class_list":["post-302054","post","type-post","status-publish","format-standard","has-post-thumbnail","hentry","category-destaque","category-geral","category-prata"],"_links":{"self":[{"href":"https:\/\/www.caririemacao.com\/1\/wp-json\/wp\/v2\/posts\/302054","targetHints":{"allow":["GET"]}}],"collection":[{"href":"https:\/\/www.caririemacao.com\/1\/wp-json\/wp\/v2\/posts"}],"about":[{"href":"https:\/\/www.caririemacao.com\/1\/wp-json\/wp\/v2\/types\/post"}],"author":[{"embeddable":true,"href":"https:\/\/www.caririemacao.com\/1\/wp-json\/wp\/v2\/users\/6"}],"replies":[{"embeddable":true,"href":"https:\/\/www.caririemacao.com\/1\/wp-json\/wp\/v2\/comments?post=302054"}],"version-history":[{"count":2,"href":"https:\/\/www.caririemacao.com\/1\/wp-json\/wp\/v2\/posts\/302054\/revisions"}],"predecessor-version":[{"id":302057,"href":"https:\/\/www.caririemacao.com\/1\/wp-json\/wp\/v2\/posts\/302054\/revisions\/302057"}],"wp:featuredmedia":[{"embeddable":true,"href":"https:\/\/www.caririemacao.com\/1\/wp-json\/wp\/v2\/media\/302055"}],"wp:attachment":[{"href":"https:\/\/www.caririemacao.com\/1\/wp-json\/wp\/v2\/media?parent=302054"}],"wp:term":[{"taxonomy":"category","embeddable":true,"href":"https:\/\/www.caririemacao.com\/1\/wp-json\/wp\/v2\/categories?post=302054"},{"taxonomy":"post_tag","embeddable":true,"href":"https:\/\/www.caririemacao.com\/1\/wp-json\/wp\/v2\/tags?post=302054"}],"curies":[{"name":"wp","href":"https:\/\/api.w.org\/{rel}","templated":true}]}}