{"id":302366,"date":"2025-07-23T14:33:45","date_gmt":"2025-07-23T17:33:45","guid":{"rendered":"https:\/\/www.caririemacao.com\/1\/?p=302366"},"modified":"2025-07-23T14:33:45","modified_gmt":"2025-07-23T17:33:45","slug":"prefeito-cicero-do-carmo-se-reune-com-joao-azevedo-e-reforca-demandas-prioritarias-para-alcantil","status":"publish","type":"post","link":"https:\/\/www.caririemacao.com\/1\/2025\/07\/23\/prefeito-cicero-do-carmo-se-reune-com-joao-azevedo-e-reforca-demandas-prioritarias-para-alcantil\/","title":{"rendered":"Prefeito C\u00edcero do Carmo se re\u00fane com Jo\u00e3o Azev\u00eado e refor\u00e7a demandas priorit\u00e1rias para Alcantil"},"content":{"rendered":"<p>Em agenda institucional na manh\u00e3 desta quarta-feira (23), o prefeito de Alcantil,\u00a0C\u00edcero do Carmo, se reuniu com o governador\u00a0Jo\u00e3o Azev\u00eado, em Jo\u00e3o Pessoa, para\u00a0fortalecer a parceria entre o Governo da Para\u00edba e o munic\u00edpio.<\/p>\n<p>A audi\u00eancia refor\u00e7ou a atua\u00e7\u00e3o conjunta entre os poderes e destacou temas priorit\u00e1rios para o desenvolvimento da cidade.<\/p>\n<p>Durante o encontro, o gestor municipal apresentou\u00a0as principais demandas da popula\u00e7\u00e3o de Alcantil e da regi\u00e3o, com \u00eanfase em tr\u00eas \u00e1reas estrat\u00e9gicas:\u00a0abastecimento de \u00e1gua, seguran\u00e7a p\u00fablica e infraestrutura vi\u00e1ria.<\/p>\n<p>\u201cFoi um momento importante de di\u00e1logo e reafirma\u00e7\u00e3o do compromisso do governo com nossa cidade. Colocamos no centro da conversa pautas que refletem diretamente na qualidade de vida do nosso povo\u201d, destacou o prefeito C\u00edcero.<\/p>\n<p>Al\u00e9m de refor\u00e7ar as pautas urgentes, o prefeito adiantou que\u00a0novos investimentos ser\u00e3o anunciados em breve, voltados ao\u00a0desenvolvimento econ\u00f4mico do munic\u00edpio, demonstrando que Alcantil segue no radar das a\u00e7\u00f5es estrat\u00e9gicas do Governo do Estado.<\/p>\n<p>A reuni\u00e3o representa mais um passo da gest\u00e3o de C\u00edcero do Carmo em buscar parcerias institucionais s\u00f3lidas, com foco na responsabilidade, planejamento e no avan\u00e7o de pol\u00edticas p\u00fablicas para a popula\u00e7\u00e3o alcantilense.<\/p>\n<p>&nbsp;<\/p>\n<p><b>CARIRI EM A\u00c7\u00c3O<\/b><\/p>\n<p><em>Com Blog do Juc\u00e9lio<\/em><\/p>\n","protected":false},"excerpt":{"rendered":"<p>Em agenda institucional na manh\u00e3 desta quarta-feira (23), o prefeito de Alcantil,\u00a0C\u00edcero do Carmo, se reuniu com o governador\u00a0Jo\u00e3o Azev\u00eado, em Jo\u00e3o Pessoa, para\u00a0fortalecer a&hellip; <\/p>\n","protected":false},"author":6,"featured_media":302367,"comment_status":"closed","ping_status":"closed","sticky":false,"template":"","format":"standard","meta":{"sfsi_plus_gutenberg_text_before_share":"","sfsi_plus_gutenberg_show_text_before_share":"","sfsi_plus_gutenberg_icon_type":"","sfsi_plus_gutenberg_icon_alignemt":"","sfsi_plus_gutenburg_max_per_row":"","footnotes":""},"categories":[106,50,2],"tags":[],"class_list":["post-302366","post","type-post","status-publish","format-standard","has-post-thumbnail","hentry","category-cariri","category-destaque","category-geral"],"_links":{"self":[{"href":"https:\/\/www.caririemacao.com\/1\/wp-json\/wp\/v2\/posts\/302366","targetHints":{"allow":["GET"]}}],"collection":[{"href":"https:\/\/www.caririemacao.com\/1\/wp-json\/wp\/v2\/posts"}],"about":[{"href":"https:\/\/www.caririemacao.com\/1\/wp-json\/wp\/v2\/types\/post"}],"author":[{"embeddable":true,"href":"https:\/\/www.caririemacao.com\/1\/wp-json\/wp\/v2\/users\/6"}],"replies":[{"embeddable":true,"href":"https:\/\/www.caririemacao.com\/1\/wp-json\/wp\/v2\/comments?post=302366"}],"version-history":[{"count":1,"href":"https:\/\/www.caririemacao.com\/1\/wp-json\/wp\/v2\/posts\/302366\/revisions"}],"predecessor-version":[{"id":302368,"href":"https:\/\/www.caririemacao.com\/1\/wp-json\/wp\/v2\/posts\/302366\/revisions\/302368"}],"wp:featuredmedia":[{"embeddable":true,"href":"https:\/\/www.caririemacao.com\/1\/wp-json\/wp\/v2\/media\/302367"}],"wp:attachment":[{"href":"https:\/\/www.caririemacao.com\/1\/wp-json\/wp\/v2\/media?parent=302366"}],"wp:term":[{"taxonomy":"category","embeddable":true,"href":"https:\/\/www.caririemacao.com\/1\/wp-json\/wp\/v2\/categories?post=302366"},{"taxonomy":"post_tag","embeddable":true,"href":"https:\/\/www.caririemacao.com\/1\/wp-json\/wp\/v2\/tags?post=302366"}],"curies":[{"name":"wp","href":"https:\/\/api.w.org\/{rel}","templated":true}]}}