{"id":302369,"date":"2025-07-23T14:36:58","date_gmt":"2025-07-23T17:36:58","guid":{"rendered":"https:\/\/www.caririemacao.com\/1\/?p=302369"},"modified":"2025-07-23T14:36:58","modified_gmt":"2025-07-23T17:36:58","slug":"alpb-sera-pioneira-no-brasil-com-criacao-de-sistema-digital-para-proteger-prerrogativas-parlamentares","status":"publish","type":"post","link":"https:\/\/www.caririemacao.com\/1\/2025\/07\/23\/alpb-sera-pioneira-no-brasil-com-criacao-de-sistema-digital-para-proteger-prerrogativas-parlamentares\/","title":{"rendered":"ALPB ser\u00e1 pioneira no Brasil com cria\u00e7\u00e3o de sistema digital para proteger prerrogativas parlamentares"},"content":{"rendered":"<p>A Assembleia Legislativa da Para\u00edba (ALPB) est\u00e1 prestes a dar um passo in\u00e9dito e estrat\u00e9gico na moderniza\u00e7\u00e3o da atua\u00e7\u00e3o legislativa: a cria\u00e7\u00e3o do Sistema Digital de Prerrogativas Parlamentares. A proposta, apresentada pela Procuradoria de Prerrogativas da Casa, visa fortalecer a prote\u00e7\u00e3o institucional do mandato parlamentar por meio de uma plataforma tecnol\u00f3gica que centraliza, organiza e monitora poss\u00edveis viola\u00e7\u00f5es \u00e0s garantias funcionais dos deputados.<\/p>\n<p>Com foco na legalidade, separa\u00e7\u00e3o dos poderes e efici\u00eancia administrativa, o sistema ser\u00e1 uma ferramenta inovadora voltada ao registro e \u00e0 gest\u00e3o de den\u00fancias, consultas, notifica\u00e7\u00f5es e procedimentos que envolvam o livre exerc\u00edcio do mandato. Ao mesmo tempo em que amplia o suporte jur\u00eddico aos parlamentares, a plataforma garantir\u00e1 respostas mais \u00e1geis, seguras e transparentes a qualquer tentativa de cerceamento da atividade legislativa.<\/p>\n<p>Al\u00e9m disso, o novo sistema permitir\u00e1 o acompanhamento em tempo real das demandas, emiss\u00e3o automatizada de pareceres baseados em jurisprud\u00eancias e um banco de dados robusto sobre a incid\u00eancia de conflitos relacionados \u00e0s prerrogativas. Esses recursos proporcionar\u00e3o \u00e0 Procuradoria de Prerrogativas maior precis\u00e3o no planejamento de a\u00e7\u00f5es, al\u00e9m de embasar relat\u00f3rios e medidas institucionais junto a outros Poderes.<\/p>\n<p>\u201cA cria\u00e7\u00e3o deste sistema representa um avan\u00e7o necess\u00e1rio para o fortalecimento da democracia representativa. Ele n\u00e3o protege apenas os deputados, mas o pr\u00f3prio funcionamento livre e independente do Parlamento\u201d, destacou o deputado estadual Michel Henrique, procurador de Prerrogativas Parlamentares da ALPB e respons\u00e1vel pela iniciativa.<\/p>\n<p>Com a implementa\u00e7\u00e3o da proposta, a ALPB se tornar\u00e1 a primeira Assembleia Legislativa do pa\u00eds a adotar um sistema digital pr\u00f3prio para prerrogativas parlamentares. Atualmente, modelos semelhantes existem apenas em algumas seccionais da Ordem dos Advogados do Brasil (OAB), como \u00e9 o caso de S\u00e3o Paulo \u2014 o que refor\u00e7a o car\u00e1ter inovador da medida no \u00e2mbito do Poder Legislativo estadual.<\/p>\n","protected":false},"excerpt":{"rendered":"<p>A Assembleia Legislativa da Para\u00edba (ALPB) est\u00e1 prestes a dar um passo in\u00e9dito e estrat\u00e9gico na moderniza\u00e7\u00e3o da atua\u00e7\u00e3o legislativa: a cria\u00e7\u00e3o do Sistema Digital&hellip; <\/p>\n","protected":false},"author":6,"featured_media":302370,"comment_status":"closed","ping_status":"closed","sticky":false,"template":"","format":"standard","meta":{"sfsi_plus_gutenberg_text_before_share":"","sfsi_plus_gutenberg_show_text_before_share":"","sfsi_plus_gutenberg_icon_type":"","sfsi_plus_gutenberg_icon_alignemt":"","sfsi_plus_gutenburg_max_per_row":"","footnotes":""},"categories":[50,2,104],"tags":[],"class_list":["post-302369","post","type-post","status-publish","format-standard","has-post-thumbnail","hentry","category-destaque","category-geral","category-paraiba"],"_links":{"self":[{"href":"https:\/\/www.caririemacao.com\/1\/wp-json\/wp\/v2\/posts\/302369","targetHints":{"allow":["GET"]}}],"collection":[{"href":"https:\/\/www.caririemacao.com\/1\/wp-json\/wp\/v2\/posts"}],"about":[{"href":"https:\/\/www.caririemacao.com\/1\/wp-json\/wp\/v2\/types\/post"}],"author":[{"embeddable":true,"href":"https:\/\/www.caririemacao.com\/1\/wp-json\/wp\/v2\/users\/6"}],"replies":[{"embeddable":true,"href":"https:\/\/www.caririemacao.com\/1\/wp-json\/wp\/v2\/comments?post=302369"}],"version-history":[{"count":1,"href":"https:\/\/www.caririemacao.com\/1\/wp-json\/wp\/v2\/posts\/302369\/revisions"}],"predecessor-version":[{"id":302371,"href":"https:\/\/www.caririemacao.com\/1\/wp-json\/wp\/v2\/posts\/302369\/revisions\/302371"}],"wp:featuredmedia":[{"embeddable":true,"href":"https:\/\/www.caririemacao.com\/1\/wp-json\/wp\/v2\/media\/302370"}],"wp:attachment":[{"href":"https:\/\/www.caririemacao.com\/1\/wp-json\/wp\/v2\/media?parent=302369"}],"wp:term":[{"taxonomy":"category","embeddable":true,"href":"https:\/\/www.caririemacao.com\/1\/wp-json\/wp\/v2\/categories?post=302369"},{"taxonomy":"post_tag","embeddable":true,"href":"https:\/\/www.caririemacao.com\/1\/wp-json\/wp\/v2\/tags?post=302369"}],"curies":[{"name":"wp","href":"https:\/\/api.w.org\/{rel}","templated":true}]}}