{"id":302372,"date":"2025-07-23T18:08:15","date_gmt":"2025-07-23T21:08:15","guid":{"rendered":"https:\/\/www.caririemacao.com\/1\/?p=302372"},"modified":"2025-07-23T18:08:15","modified_gmt":"2025-07-23T21:08:15","slug":"prefeito-onildo-participa-de-audiencia-com-governador-joao-azevedo-e-conquista-importantes-pleitos-para-sao-domingos-do-cariri","status":"publish","type":"post","link":"https:\/\/www.caririemacao.com\/1\/2025\/07\/23\/prefeito-onildo-participa-de-audiencia-com-governador-joao-azevedo-e-conquista-importantes-pleitos-para-sao-domingos-do-cariri\/","title":{"rendered":"Prefeito Onildo participa de audi\u00eancia com Governador Jo\u00e3o Azev\u00eado e conquista importantes pleitos para S\u00e3o Domingos do Cariri"},"content":{"rendered":"<p>O prefeito de S\u00e3o Domingos do Cariri, Onildo Lindberg, participou nesta quarta-feira (23) de uma audi\u00eancia com o governador da Para\u00edba, Jo\u00e3o Azev\u00eado, na sede do Governo do Estado, em Jo\u00e3o Pessoa. O encontro foi marcado pela apresenta\u00e7\u00e3o de demandas priorit\u00e1rias do munic\u00edpio e resultou na conquista de importantes pleitos que trar\u00e3o benef\u00edcios diretos para a popula\u00e7\u00e3o.<\/p>\n<p>Durante a reuni\u00e3o, o prefeito Onildo destacou projetos voltados para as \u00e1reas de infraestrutura, turismo, educa\u00e7\u00e3o e desenvolvimento rural, refor\u00e7ando o compromisso da gest\u00e3o municipal com a melhoria da qualidade de vida da popula\u00e7\u00e3o dominguense.<\/p>\n<p>\u201cFoi uma audi\u00eancia extremamente produtiva. O governador Jo\u00e3o Azev\u00eado se mostrou sens\u00edvel \u00e0s demandas do nosso munic\u00edpio e garantiu apoio a diversas a\u00e7\u00f5es que v\u00e3o beneficiar diretamente o povo de S\u00e3o Domingos do Cariri. Estamos saindo confiantes e com compromissos firmados que v\u00e3o se tornar realidade em breve,\u201d afirmou o prefeito Onildo.<\/p>\n<p>O governador tamb\u00e9m elogiou o trabalho que vem sendo realizado pela gest\u00e3o municipal e reafirmou o compromisso do Governo da Para\u00edba em apoiar os munic\u00edpios do interior que est\u00e3o desenvolvendo projetos com foco no crescimento sustent\u00e1vel e no bem-estar social.<\/p>\n<p>Tamb\u00e9m esteve presente na audi\u00eancia o deputado estadual Jo\u00e3o Paulo Segundo, aliado pol\u00edtico do prefeito Onildo e do governador Jo\u00e3o Azev\u00eado. O parlamentar refor\u00e7ou seu apoio \u00e0s demandas apresentadas e reiterou o compromisso em continuar trabalhando por avan\u00e7os significativos para S\u00e3o Domingos do Cariri.<\/p>\n<p>&nbsp;<\/p>\n<p><em>Com Ascom<\/em><\/p>\n","protected":false},"excerpt":{"rendered":"<p>O prefeito de S\u00e3o Domingos do Cariri, Onildo Lindberg, participou nesta quarta-feira (23) de uma audi\u00eancia com o governador da Para\u00edba, Jo\u00e3o Azev\u00eado, na sede&hellip; <\/p>\n","protected":false},"author":6,"featured_media":302373,"comment_status":"closed","ping_status":"closed","sticky":false,"template":"","format":"standard","meta":{"sfsi_plus_gutenberg_text_before_share":"","sfsi_plus_gutenberg_show_text_before_share":"","sfsi_plus_gutenberg_icon_type":"","sfsi_plus_gutenberg_icon_alignemt":"","sfsi_plus_gutenburg_max_per_row":"","footnotes":""},"categories":[50,2,87],"tags":[],"class_list":["post-302372","post","type-post","status-publish","format-standard","has-post-thumbnail","hentry","category-destaque","category-geral","category-sao-domingos-do-cariri"],"_links":{"self":[{"href":"https:\/\/www.caririemacao.com\/1\/wp-json\/wp\/v2\/posts\/302372","targetHints":{"allow":["GET"]}}],"collection":[{"href":"https:\/\/www.caririemacao.com\/1\/wp-json\/wp\/v2\/posts"}],"about":[{"href":"https:\/\/www.caririemacao.com\/1\/wp-json\/wp\/v2\/types\/post"}],"author":[{"embeddable":true,"href":"https:\/\/www.caririemacao.com\/1\/wp-json\/wp\/v2\/users\/6"}],"replies":[{"embeddable":true,"href":"https:\/\/www.caririemacao.com\/1\/wp-json\/wp\/v2\/comments?post=302372"}],"version-history":[{"count":1,"href":"https:\/\/www.caririemacao.com\/1\/wp-json\/wp\/v2\/posts\/302372\/revisions"}],"predecessor-version":[{"id":302374,"href":"https:\/\/www.caririemacao.com\/1\/wp-json\/wp\/v2\/posts\/302372\/revisions\/302374"}],"wp:featuredmedia":[{"embeddable":true,"href":"https:\/\/www.caririemacao.com\/1\/wp-json\/wp\/v2\/media\/302373"}],"wp:attachment":[{"href":"https:\/\/www.caririemacao.com\/1\/wp-json\/wp\/v2\/media?parent=302372"}],"wp:term":[{"taxonomy":"category","embeddable":true,"href":"https:\/\/www.caririemacao.com\/1\/wp-json\/wp\/v2\/categories?post=302372"},{"taxonomy":"post_tag","embeddable":true,"href":"https:\/\/www.caririemacao.com\/1\/wp-json\/wp\/v2\/tags?post=302372"}],"curies":[{"name":"wp","href":"https:\/\/api.w.org\/{rel}","templated":true}]}}