{"id":302410,"date":"2025-07-24T09:13:33","date_gmt":"2025-07-24T12:13:33","guid":{"rendered":"https:\/\/www.caririemacao.com\/1\/?p=302410"},"modified":"2025-07-24T09:13:33","modified_gmt":"2025-07-24T12:13:33","slug":"amparo-e-contemplado-com-nova-ambulancia-do-samu-por-meio-do-pac-saude","status":"publish","type":"post","link":"https:\/\/www.caririemacao.com\/1\/2025\/07\/24\/amparo-e-contemplado-com-nova-ambulancia-do-samu-por-meio-do-pac-saude\/","title":{"rendered":"Amparo \u00e9 contemplado com nova ambul\u00e2ncia do SAMU por meio do PAC Sa\u00fade"},"content":{"rendered":"<p data-start=\"76\" data-end=\"390\">O munic\u00edpio de Amparo foi contemplado com uma nova ambul\u00e2ncia do Servi\u00e7o de Atendimento M\u00f3vel de Urg\u00eancia (SAMU), adquirida por meio do PAC Sa\u00fade, do Governo Federal. A conquista refor\u00e7a os atendimentos de urg\u00eancia e emerg\u00eancia no munic\u00edpio, garantindo mais agilidade, seguran\u00e7a e qualidade no socorro \u00e0 popula\u00e7\u00e3o.<\/p>\n<p data-start=\"392\" data-end=\"522\">O prefeito Tarcio Gabriel celebrou a chegada do novo ve\u00edculo e destacou a import\u00e2ncia do refor\u00e7o na estrutura da sa\u00fade municipal.<\/p>\n<p data-start=\"524\" data-end=\"811\">\u201cSeguimos trabalhando para fortalecer cada vez mais a sa\u00fade de Amparo. Essa ambul\u00e2ncia chega em boa hora e ser\u00e1 fundamental para garantir um atendimento \u00e1gil e humanizado para a nossa popula\u00e7\u00e3o. \u00c9 mais uma conquista fruto do nosso compromisso com o bem-estar de todos\u201d, afirmou o gestor.<\/p>\n<p data-start=\"813\" data-end=\"965\" data-is-last-node=\"\" data-is-only-node=\"\">A nova ambul\u00e2ncia contribuir\u00e1 diretamente para ampliar a capacidade de resposta em situa\u00e7\u00f5es cr\u00edticas, beneficiando toda a popula\u00e7\u00e3o de Amparo e regi\u00e3o.<\/p>\n<p data-start=\"813\" data-end=\"965\" data-is-last-node=\"\" data-is-only-node=\"\"><img fetchpriority=\"high\" decoding=\"async\" class=\"aligncenter\" src=\"https:\/\/scontent.fcau26-1.fna.fbcdn.net\/v\/t39.30808-6\/520167453_24356189380735501_4718310418012930357_n.jpg?_nc_cat=102&amp;ccb=1-7&amp;_nc_sid=833d8c&amp;_nc_eui2=AeEUlgZXWTlD0eSRxRSuiKYwLr1z8wCck-guvXPzAJyT6OFxKHJVw4AkU7aqhGBu75DwVuqppTB1HyDdBEb1_NLG&amp;_nc_ohc=34EFFSknFZIQ7kNvwG3lZ2B&amp;_nc_oc=Adk3QnpomXVovxnQfwQkptwAbR7t_n7sxZAg42qzl59VAAp2fbDImkaG7sDC_ajyzgk&amp;_nc_zt=23&amp;_nc_ht=scontent.fcau26-1.fna&amp;_nc_gid=yC2_szJN4PqYax9N8FZ9Yw&amp;oh=00_AfSJVAKYxuciQ1XlO5WVIQZhqMrwz-DgN9v9vBhqgdA7Xg&amp;oe=688803CC\" alt=\"Pode ser uma imagem de 2 pessoas e texto\" width=\"543\" height=\"679\" \/><\/p>\n","protected":false},"excerpt":{"rendered":"<p>O munic\u00edpio de Amparo foi contemplado com uma nova ambul\u00e2ncia do Servi\u00e7o de Atendimento M\u00f3vel de Urg\u00eancia (SAMU), adquirida por meio do PAC Sa\u00fade, do&hellip; <\/p>\n","protected":false},"author":6,"featured_media":302329,"comment_status":"closed","ping_status":"closed","sticky":false,"template":"","format":"standard","meta":{"sfsi_plus_gutenberg_text_before_share":"","sfsi_plus_gutenberg_show_text_before_share":"","sfsi_plus_gutenberg_icon_type":"","sfsi_plus_gutenberg_icon_alignemt":"","sfsi_plus_gutenburg_max_per_row":"","footnotes":""},"categories":[68,50,2],"tags":[],"class_list":["post-302410","post","type-post","status-publish","format-standard","has-post-thumbnail","hentry","category-amparo","category-destaque","category-geral"],"_links":{"self":[{"href":"https:\/\/www.caririemacao.com\/1\/wp-json\/wp\/v2\/posts\/302410","targetHints":{"allow":["GET"]}}],"collection":[{"href":"https:\/\/www.caririemacao.com\/1\/wp-json\/wp\/v2\/posts"}],"about":[{"href":"https:\/\/www.caririemacao.com\/1\/wp-json\/wp\/v2\/types\/post"}],"author":[{"embeddable":true,"href":"https:\/\/www.caririemacao.com\/1\/wp-json\/wp\/v2\/users\/6"}],"replies":[{"embeddable":true,"href":"https:\/\/www.caririemacao.com\/1\/wp-json\/wp\/v2\/comments?post=302410"}],"version-history":[{"count":1,"href":"https:\/\/www.caririemacao.com\/1\/wp-json\/wp\/v2\/posts\/302410\/revisions"}],"predecessor-version":[{"id":302411,"href":"https:\/\/www.caririemacao.com\/1\/wp-json\/wp\/v2\/posts\/302410\/revisions\/302411"}],"wp:featuredmedia":[{"embeddable":true,"href":"https:\/\/www.caririemacao.com\/1\/wp-json\/wp\/v2\/media\/302329"}],"wp:attachment":[{"href":"https:\/\/www.caririemacao.com\/1\/wp-json\/wp\/v2\/media?parent=302410"}],"wp:term":[{"taxonomy":"category","embeddable":true,"href":"https:\/\/www.caririemacao.com\/1\/wp-json\/wp\/v2\/categories?post=302410"},{"taxonomy":"post_tag","embeddable":true,"href":"https:\/\/www.caririemacao.com\/1\/wp-json\/wp\/v2\/tags?post=302410"}],"curies":[{"name":"wp","href":"https:\/\/api.w.org\/{rel}","templated":true}]}}