{"id":30252,"date":"2017-10-08T11:02:34","date_gmt":"2017-10-08T14:02:34","guid":{"rendered":"http:\/\/caririemacao.com\/1\/?p=30252"},"modified":"2017-10-08T11:02:34","modified_gmt":"2017-10-08T14:02:34","slug":"a-um-ano-da-eleicao-56-dos-eleitores-do-pais-ainda-nao-tem-cadastro-biometrico","status":"publish","type":"post","link":"https:\/\/www.caririemacao.com\/1\/2017\/10\/08\/a-um-ano-da-eleicao-56-dos-eleitores-do-pais-ainda-nao-tem-cadastro-biometrico\/","title":{"rendered":"A um ano da elei\u00e7\u00e3o, 56% dos eleitores do pa\u00eds ainda n\u00e3o t\u00eam cadastro biom\u00e9trico"},"content":{"rendered":"<div class=\"mc-column\">\n<div class=\"content-publication-data\">\n<p class=\"content-publication-data__from\">A um ano da elei\u00e7\u00e3o, mais da metade dos eleitores brasileiros ainda n\u00e3o registrou suas impress\u00f5es digitais para poder votar com biometria. S\u00e3o 80 milh\u00f5es de pessoas \u2013 n\u00famero que representa 56% do eleitorado do pa\u00eds.<\/p>\n<\/div>\n<\/div>\n<div class=\"mc-article-body\">\n<article>\n<div class=\"mc-column content-text active-extra-styles \" data-block-type=\"unstyled\" data-block-weight=\"40\">\n<p class=\"content-text__container \" data-track-category=\"Link no Texto\" data-track-links=\"\">A expectativa do TSE (Tribunal Superior Eleitoral) \u00e9 que mais 10 milh\u00f5es de pessoas consigam fazer o cadastro em 2018. O \u00f3rg\u00e3o estima, por\u00e9m, que todo o eleitorado do pa\u00eds s\u00f3 esteja apto para votar por impress\u00e3o digital em 2022.<\/p>\n<\/div>\n<div class=\"mc-column content-text active-extra-styles \" data-block-type=\"unstyled\" data-block-weight=\"44\">\n<p class=\"content-text__container \" data-track-category=\"Link no Texto\" data-track-links=\"\">Nas elei\u00e7\u00f5es do ano que vem, a biometria dever\u00e1 ser obrigat\u00f3ria em cerca de 2.800 cidades de todos os estados \u2013 o n\u00famero exato ser\u00e1 conhecido em maio, 150 dias antes do pleito. O 1\u00ba turno da disputa ocorre no dia 7 de outubro.<\/p>\n<\/div>\n<div class=\"mc-column content-text active-extra-styles \" data-block-type=\"unstyled\" data-block-weight=\"49\">\n<p class=\"content-text__container \" data-track-category=\"Link no Texto\" data-track-links=\"\">Em alguns estados, o recadastramento tem sido mais lento. Em tr\u00eas deles, menos de 25% do eleitorado realizou o procedimento: Rio de Janeiro (com 11%), Minas Gerais (com 16%) e Mato Grosso do Sul (com 19%). Somando os tr\u00eas, aproximadamente 25 milh\u00f5es de pessoas ainda precisam passar pelo procedimento.<\/p>\n<\/div>\n<div class=\"mc-column content-text active-extra-styles \" data-block-type=\"unstyled\" data-block-weight=\"48\">\n<p class=\"content-text__container \" data-track-category=\"Link no Texto\" data-track-links=\"\">\u201cEm algumas cidades \u00e9 muito dif\u00edcil que o cidad\u00e3o v\u00e1 at\u00e9 o cart\u00f3rio eleitoral. A descren\u00e7a na pol\u00edtica pode contribuir para as pessoas terem menos vontade de fazer esse trajeto\u201d, diz o cientista pol\u00edtico Humberto Dantas, pesquisador da FGV e coordenador da p\u00f3s-gradua\u00e7\u00e3o em ci\u00eancia pol\u00edtica da FESPSP.<\/p>\n<\/div>\n<div class=\"mc-column content-text active-extra-styles \" data-block-type=\"unstyled\" data-block-weight=\"46\">\n<p class=\"content-text__container \" data-track-category=\"Link no Texto\" data-track-links=\"\">Segundo ele, no entanto, a biometria d\u00e1 mais seguran\u00e7a para o eleitor saber que \u00e9 \u201cdono do t\u00edtulo\u201d. \u201cA biometria pode evitar que um mes\u00e1rio ou algu\u00e9m na se\u00e7\u00e3o eleitoral use, no fim do dia, os n\u00fameros dos t\u00edtulos de eleitores que ainda n\u00e3o tinham votado.\u201d<\/p>\n<p class=\"content-text__container \" data-track-category=\"Link no Texto\" data-track-links=\"\"><strong>Atraso<\/strong><\/p>\n<\/div>\n<div class=\"mc-column content-text active-extra-styles \" data-block-type=\"unstyled\" data-block-weight=\"53\">\n<p class=\"content-text__container \" data-track-category=\"Link no Texto\" data-track-links=\"\">O Tribunal Regional Eleitoral do Rio de Janeiro \u2013 estado com o menor percentual de votantes por biometria \u2013 diz que, por conta de um remanejamento determinado pelo TSE, teve de extinguir 84 zonas eleitorais &#8211; passando a contar com 165. Isso, segundo o \u00f3rg\u00e3o, prejudicou o planejamento biom\u00e9trico para 2017 no estado.<\/p>\n<\/div>\n<div class=\"mc-column content-text active-extra-styles \" data-block-type=\"unstyled\" data-block-weight=\"57\">\n<p class=\"content-text__container \" data-track-category=\"Link no Texto\" data-track-links=\"\">Segundo o TRE-RJ, neste m\u00eas, quando 100% das zonas eleitorais da capital j\u00e1 ter\u00e3o kits biom\u00e9tricos, ser\u00e1 lan\u00e7ada uma campanha nas principais emissoras de TV e r\u00e1dio para divulgar o cadastramento biom\u00e9trico. &#8220;Com essas a\u00e7\u00f5es, a expectativa \u00e9 que o n\u00famero total de eleitores cadastrados biometricamente no estado aumente de forma significativa at\u00e9 o fim do ano.&#8221;<\/p>\n<\/div>\n<div class=\"content-ads content-ads--reveal\">\n<div id=\"banner_materia2\" class=\"tag-manager-publicidade-container has-reveal has-ad-lazyload tag-manager-publicidade-banner_materia2 tag-manager-publicidade-container--carregado tag-manager-publicidade-container--visivel\" data-id=\"banner_materia2\" data-google-query-id=\"COS-xfCX4dYCFZEaHwod6A8JoQ\" data-cid=\"138213315881\" data-lid=\"4449285540\">\n<div id=\"google_ads_iframe_\/95377733\/tvg_G1\/Politica_2__container__\">J\u00e1 a assessoria do Tribunal Regional Eleitoral de Minas Gerais explica que o planejamento priorizou cidades para as quais j\u00e1 estava prevista uma revis\u00e3o do eleitorado. Nas elei\u00e7\u00f5es municipais de 2016, 80 cidades mineiras tiveram a vota\u00e7\u00e3o apenas por biometria. Em 169 munic\u00edpios, o modelo adotado foi misto, com a biometria e a forma tradicional. Esses n\u00fameros representam 9,4% e 19,8% das cidades mineiras, respectivamente.<\/div>\n<\/div>\n<\/div>\n<div class=\"mc-column content-text active-extra-styles \" data-block-type=\"unstyled\" data-block-weight=\"54\">\n<p class=\"content-text__container \" data-track-category=\"Link no Texto\" data-track-links=\"\">A \u00faltima cidade do Brasil no ranking municipal de biometria \u00e9, inclusive, mineira: S\u00e3o Pedro da Uni\u00e3o, onde apenas 1 dos 4.295 eleitores tem biometria cadastrada (0,02%). O munic\u00edpio fica a 400 km da capital, na divis\u00e3o do estado com S\u00e3o Paulo. Outras 477 cidades do pa\u00eds t\u00eam menos de 1% dos eleitores cadastrados.<\/p>\n<\/div>\n<div class=\"mc-column content-text active-extra-styles \" data-block-type=\"unstyled\" data-block-weight=\"12\">\n<p class=\"content-text__container \" data-track-category=\"Link no Texto\" data-track-links=\"\">Procurado, o TRE-MS n\u00e3o informa o motivo do baixo \u00edndice no estado.<\/p>\n<\/div>\n<div class=\"mc-column content-text active-extra-styles \" data-block-type=\"unstyled\" data-block-weight=\"32\">\n<p class=\"content-text__container \" data-track-category=\"Link no Texto\" data-track-links=\"\">Apesar dos problemas em algumas unidades da federa\u00e7\u00e3o, o presidente do TSE, ministro Gilmar Mendes, diz acreditar que a meta de todos os eleitores com biometria possa ser alcan\u00e7ada j\u00e1 em 2020.<\/p>\n<\/div>\n<div class=\"mc-column content-text active-extra-styles \" data-block-type=\"unstyled\" data-block-weight=\"42\">\n<p class=\"content-text__container \" data-track-category=\"Link no Texto\" data-track-links=\"\">De acordo com o TSE, quatro estados (Alagoas, Amap\u00e1, Tocantins e Sergipe) e o Distrito Federal j\u00e1 conclu\u00edram o procedimento. Nesses locais, o voto por biometria ser\u00e1 obrigat\u00f3rio. Os eleitores que n\u00e3o fizeram o cadastro biom\u00e9trico tiveram o t\u00edtulo de eleitor cancelado.<\/p>\n<\/div>\n<div class=\"mc-column content-text active-extra-styles \" data-block-type=\"unstyled\" data-block-weight=\"56\">\n<p class=\"content-text__container \" data-track-category=\"Link no Texto\" data-track-links=\"\">No exterior, o processo deve caminhar a passos mais lentos. Como ainda n\u00e3o h\u00e1 a possibilidade de fazer o procedimento, a assessoria de imprensa do TSE explica que o eleitorado que j\u00e1 conta com a biometria est\u00e1 representado por pessoas que tinham feito o cadastro no Brasil e, depois, transferiram o t\u00edtulo para fora do pa\u00eds.<\/p>\n<\/div>\n<div class=\"mc-column content-text active-extra-styles \" data-block-type=\"unstyled\" data-block-weight=\"41\">\n<p class=\"content-text__container \" data-track-category=\"Link no Texto\" data-track-links=\"\">H\u00e1 cerca de 500 mil eleitores registrados fora do pa\u00eds, segundo o TSE. A cidade que concentra o maior n\u00famero de votantes \u00e9 Miami, nos Estados Unidos. Mas apenas 2% dos eleitores do munic\u00edpio t\u00eam o cadastro (665 dos 33.070 eleitores).<\/p>\n<p class=\"content-text__container \" data-track-category=\"Link no Texto\" data-track-links=\"\"><strong>O que \u00e9 o cadastramento?<\/strong><\/p>\n<\/div>\n<div class=\"mc-column content-text active-extra-styles \" data-block-type=\"unstyled\" data-block-weight=\"41\">\n<p class=\"content-text__container \" data-track-category=\"Link no Texto\" data-track-links=\"\">A biometria usa as impress\u00f5es digitais para identificar o cidad\u00e3o. O objetivo \u00e9 ter mais seguran\u00e7a e evitar fraudes. No Brasil, a emiss\u00e3o de passaporte, de carteiras de identidade e o cadastro das Pol\u00edcias Civil e Federal contam com sistemas biom\u00e9tricos.<\/p>\n<\/div>\n<div class=\"mc-column content-text active-extra-styles \" data-block-type=\"unstyled\" data-block-weight=\"59\">\n<p class=\"content-text__container \" data-track-category=\"Link no Texto\" data-track-links=\"\">Para o reconhecimento individual, s\u00e3o coletados dados biom\u00e9tricos por meio de sensores que os colocam em formato digital. No caso do cadastramento feito pela Justi\u00e7a Eleitoral, os dados s\u00e3o coletados por um scanner de alta defini\u00e7\u00e3o. S\u00e3o coletados dados de todos os dez dedos da m\u00e3o, mas apenas um \u00e9 utilizado para identificar o eleitor no momento da vota\u00e7\u00e3o.<\/p>\n<\/div>\n<div class=\"mc-column content-text active-extra-styles \" data-block-type=\"unstyled\" data-block-weight=\"47\">\n<p class=\"content-text__container \" data-track-category=\"Link no Texto\" data-track-links=\"\">A coleta das digitais dura poucos segundos. Al\u00e9m disso, \u00e9 tirada uma fotografia e cadastrada a assinatura digitalizada. Para fazer o cadastro, basta levar documento oficial de identifica\u00e7\u00e3o e comprovante de resid\u00eancia atualizado. Para o primeiro alistamento, homens devem comprovar tamb\u00e9m a regularidade com o servi\u00e7o militar.<\/p>\n<\/div>\n<div class=\"mc-column content-text active-extra-styles \" data-block-type=\"unstyled\" data-block-weight=\"34\">\n<p class=\"content-text__container \" data-track-category=\"Link no Texto\" data-track-links=\"\">\u00c9 preciso consultar os Tribunais Regionais Eleitorais para saber se \u00e9 preciso fazer um agendamento e os prazos estipulados para o recadastramento. Na maioria dos sites, h\u00e1 informa\u00e7\u00f5es sobre o processo:\u00a0<a href=\"http:\/\/www.tse.jus.br\/institucional\/tribunais-regionais\" target=\"_blank\" rel=\"noopener\">acesse por estado<\/a>.<\/p>\n<\/div>\n<div class=\"row medium-uncollapsed content-text\">\n<div class=\"column medium-centered medium-22 large-20\">\n<div class=\"show-table\">\n<p class=\"mc-column show-table__title\">Biometria nos estados<\/p>\n<div class=\"show-table__centralized\">\n<div class=\"show-table__container\">\n<table class=\"show-table__content\n show-table__content--highlight-top        \"><\/p>\n<tbody>\n<tr>\n<td>Estado<\/td>\n<td>% com biometria<\/td>\n<\/tr>\n<tr>\n<td>TO<\/td>\n<td>99,93<\/td>\n<\/tr>\n<tr>\n<td>SE<\/td>\n<td>99,83<\/td>\n<\/tr>\n<tr>\n<td>DF<\/td>\n<td>99,71<\/td>\n<\/tr>\n<tr>\n<td>AP<\/td>\n<td>99,7<\/td>\n<\/tr>\n<tr>\n<td>AL<\/td>\n<td>99,65<\/td>\n<\/tr>\n<tr>\n<td>GO<\/td>\n<td>92,88<\/td>\n<\/tr>\n<tr>\n<td>PB<\/td>\n<td>87,74<\/td>\n<\/tr>\n<tr>\n<td>RR<\/td>\n<td>87,42<\/td>\n<\/tr>\n<tr>\n<td>PI<\/td>\n<td>86,55<\/td>\n<\/tr>\n<tr>\n<td>RN<\/td>\n<td>81,99<\/td>\n<\/tr>\n<tr>\n<td>AC<\/td>\n<td>79,28<\/td>\n<\/tr>\n<tr>\n<td>RO<\/td>\n<td>77,63<\/td>\n<\/tr>\n<tr>\n<td>PR<\/td>\n<td>77,43<\/td>\n<\/tr>\n<tr>\n<td>AM<\/td>\n<td>70,13<\/td>\n<\/tr>\n<tr>\n<td>PE<\/td>\n<td>64,25<\/td>\n<\/tr>\n<tr>\n<td>MA<\/td>\n<td>57,41<\/td>\n<\/tr>\n<tr>\n<td>CE<\/td>\n<td>55,5<\/td>\n<\/tr>\n<tr>\n<td>RS<\/td>\n<td>48,05<\/td>\n<\/tr>\n<tr>\n<td>SC<\/td>\n<td>40,55<\/td>\n<\/tr>\n<tr>\n<td>PA<\/td>\n<td>36,69<\/td>\n<\/tr>\n<tr>\n<td>ES<\/td>\n<td>33,95<\/td>\n<\/tr>\n<tr>\n<td>MT<\/td>\n<td>33,31<\/td>\n<\/tr>\n<tr>\n<td>BA<\/td>\n<td>32,85<\/td>\n<\/tr>\n<tr>\n<td>SP<\/td>\n<td>27,85<\/td>\n<\/tr>\n<tr>\n<td>MS<\/td>\n<td>19,1<\/td>\n<\/tr>\n<tr>\n<td>MG<\/td>\n<td>16,47<\/td>\n<\/tr>\n<tr>\n<td>RJ<\/td>\n<td>10,81<\/td>\n<\/tr>\n<\/tbody>\n<\/table>\n<\/div>\n<div class=\"show-table__footer\">\n<div class=\"show-table__source\">Fonte: TSE<\/div>\n<div>\n<p><strong>CARIRI EM A\u00c7\u00c3O<\/strong><\/p>\n<p><em>Com G1 \/Foto:Google\u00a0\u00a0 <\/em><\/p>\n<p><strong>Leia mais not\u00edcias em\u00a0<\/strong><a href=\"http:\/\/www.caririemacao.com\/\"><strong>caririemacao.com<\/strong><\/a><strong>, siga nossa p\u00e1gina no\u00a0<\/strong><a href=\"https:\/\/www.facebook.com\/CaririEmAcao\/?ref=aymt_homepage_panel\"><strong>Facebook<\/strong><\/a>,<strong>\u00a0<\/strong><a href=\"https:\/\/www.instagram.com\/cariri_em_acao\/?hl=pt-br\"><strong>Instagram<\/strong><\/a><strong>\u00a0e <\/strong><a href=\"https:\/\/www.youtube.com\/channel\/UCAptA0jQuYQy8vMhLt2m4qg\"><strong>Youtube<\/strong><\/a><strong>\u00a0e veja nossas mat\u00e9rias, v\u00eddeos e fotos. Voc\u00ea tamb\u00e9m pode enviar informa\u00e7\u00f5es \u00e0 Reda\u00e7\u00e3o do Portal Cariri em A\u00e7\u00e3o pelo WhatsApp (83) 9 9634.5791, (83) 9 9601-1162.<\/strong><\/p>\n<\/div>\n<\/div>\n<\/div>\n<\/div>\n<\/div>\n<\/div>\n<\/article>\n<div class=\"mc-column comments\"><\/div>\n<\/div>\n","protected":false},"excerpt":{"rendered":"<p>A um ano da elei\u00e7\u00e3o, mais da metade dos eleitores brasileiros ainda n\u00e3o registrou suas impress\u00f5es digitais para poder votar com biometria. S\u00e3o 80 milh\u00f5es&hellip; <\/p>\n","protected":false},"author":2,"featured_media":6075,"comment_status":"closed","ping_status":"closed","sticky":false,"template":"","format":"standard","meta":{"sfsi_plus_gutenberg_text_before_share":"","sfsi_plus_gutenberg_show_text_before_share":"","sfsi_plus_gutenberg_icon_type":"","sfsi_plus_gutenberg_icon_alignemt":"","sfsi_plus_gutenburg_max_per_row":"","footnotes":""},"categories":[11],"tags":[],"class_list":["post-30252","post","type-post","status-publish","format-standard","has-post-thumbnail","hentry","category-politica"],"_links":{"self":[{"href":"https:\/\/www.caririemacao.com\/1\/wp-json\/wp\/v2\/posts\/30252","targetHints":{"allow":["GET"]}}],"collection":[{"href":"https:\/\/www.caririemacao.com\/1\/wp-json\/wp\/v2\/posts"}],"about":[{"href":"https:\/\/www.caririemacao.com\/1\/wp-json\/wp\/v2\/types\/post"}],"author":[{"embeddable":true,"href":"https:\/\/www.caririemacao.com\/1\/wp-json\/wp\/v2\/users\/2"}],"replies":[{"embeddable":true,"href":"https:\/\/www.caririemacao.com\/1\/wp-json\/wp\/v2\/comments?post=30252"}],"version-history":[{"count":0,"href":"https:\/\/www.caririemacao.com\/1\/wp-json\/wp\/v2\/posts\/30252\/revisions"}],"wp:featuredmedia":[{"embeddable":true,"href":"https:\/\/www.caririemacao.com\/1\/wp-json\/wp\/v2\/media\/6075"}],"wp:attachment":[{"href":"https:\/\/www.caririemacao.com\/1\/wp-json\/wp\/v2\/media?parent=30252"}],"wp:term":[{"taxonomy":"category","embeddable":true,"href":"https:\/\/www.caririemacao.com\/1\/wp-json\/wp\/v2\/categories?post=30252"},{"taxonomy":"post_tag","embeddable":true,"href":"https:\/\/www.caririemacao.com\/1\/wp-json\/wp\/v2\/tags?post=30252"}],"curies":[{"name":"wp","href":"https:\/\/api.w.org\/{rel}","templated":true}]}}