{"id":30255,"date":"2017-10-08T11:06:55","date_gmt":"2017-10-08T14:06:55","guid":{"rendered":"http:\/\/caririemacao.com\/1\/?p=30255"},"modified":"2017-10-08T11:06:55","modified_gmt":"2017-10-08T14:06:55","slug":"no-cariri-rc-libera-mais-de-r-660-mil-em-creditos-do-programa-empreender","status":"publish","type":"post","link":"https:\/\/www.caririemacao.com\/1\/2017\/10\/08\/no-cariri-rc-libera-mais-de-r-660-mil-em-creditos-do-programa-empreender\/","title":{"rendered":"No Cariri, RC libera mais de R$ 660 mil em cr\u00e9ditos do Programa Empreender"},"content":{"rendered":"<p>O governador Ricardo Coutinho liberou, na tarde deste s\u00e1bado (7), em Cabaceiras, mais de R$ 662 mil em cr\u00e9ditos do programa Empreender para 125 empreendedores de nove cidades, entre elas, tr\u00eas est\u00e3o sendo atendidas pela primeira vez: Cara\u00fabas, Congo e Coxixola. Os demais munic\u00edpios beneficiados foram Cabaceiras, Serra Branca, Sum\u00e9, Monteiro, Amparo e Zabel\u00ea.<\/p>\n<div>O chefe do Executivo Estadual tamb\u00e9m aproveitou a passagem pelo munic\u00edpio de Cabaceiras para visitar dois empreendimentos no Distrito da Ribeira, o curtume de produ\u00e7\u00e3o de couro de bode e a cooperativa dos artes\u00e3os em couro Arteza, que vende sand\u00e1lias, bolsas e carteiras de couro, que geram empregos e renda para a regi\u00e3o.<\/div>\n<div><\/div>\n<div>Em seu pronunciamento, o governador enfatizou que o Empreender \u00e9 um grande programa de gera\u00e7\u00e3o de renda que traz as condi\u00e7\u00f5es adequadas para os empreendedores desenvolverem seus neg\u00f3cios. \u201cQueremos, em breve, levar o Empreender para todas as cidades paraibanas, porque entendemos que este programa representa o incentivo que muitos empreendedores precisam para evoluir e vencer a crise. Mesmo neste momento dif\u00edcil da economia nacional, a Para\u00edba continua crescendo e os investimentos seguem em todas as \u00e1reas\u201d, pontuou.<\/div>\n<div><\/div>\n<div>A secret\u00e1ria executiva do Empreendedorismo, Amanda Rodrigues, lembrou que mais de R$ 125 milh\u00f5es j\u00e1 foram liberados pelo Empreender, nos \u00faltimos seis anos, em v\u00e1rias linhas de cr\u00e9ditos, beneficiando cerca de 25 mil empreendedores e incentivando a gera\u00e7\u00e3o de emprego e renda na Para\u00edba.<\/div>\n<div><\/div>\n<div>O vice-prefeito de Cabaceiras, Ricardo Aires, ressaltou o papel do Governo do Estado como grande incentivador dos empreendedores da Para\u00edba e agradeceu por todas as a\u00e7\u00f5es feitas na cidade. \u201cO governador Ricardo Coutinho leva obras e a\u00e7\u00f5es para todas as regi\u00f5es e hoje traz para Cabaceiras e outras cidades um montante de mais de R$ 660 mil. Esses contratos v\u00e3o trazer mais desenvolvimento e perspectivas de futuro para esta \u00e1rea. Aproveito para agradecer pela estrada feita por esta gest\u00e3o, que mudou para melhor a realidade de Cabaceiras\u201d, falou.<\/div>\n<div><\/div>\n<div>\u201cAs a\u00e7\u00f5es implantadas pelo Governo, a exemplo do Empreender, tem melhorado a vida dos moradores de todas as regi\u00f5es da Para\u00edba. Essa gest\u00e3o n\u00e3o olha o tamanho das cidades, nem o n\u00famero de habitantes, ela zela pelo bem estar de todos\u201d, comentou o deputado estadual Adriano Galdino.<\/div>\n<div><\/div>\n<div>Nesta ocasi\u00e3o, Cabaceiras foi a cidade com maior n\u00famero de contratos assinados. Foram 41 contratos beneficiando empreendedores como Paulo Ricardo de Castro, que trabalha com artesanato de couro. Ele comentou que possui uma oficina que produz sand\u00e1lias femininas e masculinas. \u201cO financiamento que vou receber do Empreender vai ser investido em capital de giro e chegou em boa hora\u201d, comemorou.<\/div>\n<div><\/div>\n<div>Carla Amanda Neves tamb\u00e9m recebeu cr\u00e9ditos do Empreender para investir na sua loja de roupas e acess\u00f3rios, localizada na cidade de Coxixola. Ela agradeceu a oportunidade e afirmou que o dinheiro ser\u00e1 bem empregado. \u201cJ\u00e1 tenho o meu empreendimento h\u00e1 cerca de dois anos e com este dinheiro vou poder melhorar a qualidade da loja e assim ganhar mais clientes\u201d, disse.<\/div>\n<div>\n<p><strong>CARIRI EM A\u00c7\u00c3O<\/strong><\/p>\n<p><em>Com Secom- PB \/Foto:Divulga\u00e7\u00e3o<\/em><\/p>\n<p><strong>Leia mais not\u00edcias em\u00a0<\/strong><a href=\"http:\/\/www.caririemacao.com\/\"><strong>caririemacao.com<\/strong><\/a><strong>, siga nossa p\u00e1gina no\u00a0<\/strong><a href=\"https:\/\/www.facebook.com\/CaririEmAcao\/?ref=aymt_homepage_panel\"><strong>Facebook<\/strong><\/a>,<strong>\u00a0<\/strong><a href=\"https:\/\/www.instagram.com\/cariri_em_acao\/?hl=pt-br\"><strong>Instagram<\/strong><\/a><strong>\u00a0e <\/strong><a href=\"https:\/\/www.youtube.com\/channel\/UCAptA0jQuYQy8vMhLt2m4qg\"><strong>Youtube<\/strong><\/a><strong>\u00a0e veja nossas mat\u00e9rias, v\u00eddeos e fotos. Voc\u00ea tamb\u00e9m pode enviar informa\u00e7\u00f5es \u00e0 Reda\u00e7\u00e3o do Portal Cariri em A\u00e7\u00e3o pelo WhatsApp (83) 9 9634.5791, (83) 9 9601-1162.<\/strong><\/p>\n<\/div>\n","protected":false},"excerpt":{"rendered":"<p>O governador Ricardo Coutinho liberou, na tarde deste s\u00e1bado (7), em Cabaceiras, mais de R$ 662 mil em cr\u00e9ditos do programa Empreender para 125 empreendedores&hellip; <\/p>\n","protected":false},"author":2,"featured_media":30257,"comment_status":"closed","ping_status":"closed","sticky":false,"template":"","format":"standard","meta":{"sfsi_plus_gutenberg_text_before_share":"","sfsi_plus_gutenberg_show_text_before_share":"","sfsi_plus_gutenberg_icon_type":"","sfsi_plus_gutenberg_icon_alignemt":"","sfsi_plus_gutenburg_max_per_row":"","footnotes":""},"categories":[2],"tags":[],"class_list":["post-30255","post","type-post","status-publish","format-standard","has-post-thumbnail","hentry","category-geral"],"_links":{"self":[{"href":"https:\/\/www.caririemacao.com\/1\/wp-json\/wp\/v2\/posts\/30255","targetHints":{"allow":["GET"]}}],"collection":[{"href":"https:\/\/www.caririemacao.com\/1\/wp-json\/wp\/v2\/posts"}],"about":[{"href":"https:\/\/www.caririemacao.com\/1\/wp-json\/wp\/v2\/types\/post"}],"author":[{"embeddable":true,"href":"https:\/\/www.caririemacao.com\/1\/wp-json\/wp\/v2\/users\/2"}],"replies":[{"embeddable":true,"href":"https:\/\/www.caririemacao.com\/1\/wp-json\/wp\/v2\/comments?post=30255"}],"version-history":[{"count":0,"href":"https:\/\/www.caririemacao.com\/1\/wp-json\/wp\/v2\/posts\/30255\/revisions"}],"wp:featuredmedia":[{"embeddable":true,"href":"https:\/\/www.caririemacao.com\/1\/wp-json\/wp\/v2\/media\/30257"}],"wp:attachment":[{"href":"https:\/\/www.caririemacao.com\/1\/wp-json\/wp\/v2\/media?parent=30255"}],"wp:term":[{"taxonomy":"category","embeddable":true,"href":"https:\/\/www.caririemacao.com\/1\/wp-json\/wp\/v2\/categories?post=30255"},{"taxonomy":"post_tag","embeddable":true,"href":"https:\/\/www.caririemacao.com\/1\/wp-json\/wp\/v2\/tags?post=30255"}],"curies":[{"name":"wp","href":"https:\/\/api.w.org\/{rel}","templated":true}]}}