{"id":30256,"date":"2017-10-08T11:10:12","date_gmt":"2017-10-08T14:10:12","guid":{"rendered":"http:\/\/caririemacao.com\/1\/?p=30256"},"modified":"2017-10-08T11:11:02","modified_gmt":"2017-10-08T14:11:02","slug":"bandeira-tarifaria-fica-vermelha-em-mais-da-metade-do-tempo-desde-a-entrada-em-vigor","status":"publish","type":"post","link":"https:\/\/www.caririemacao.com\/1\/2017\/10\/08\/bandeira-tarifaria-fica-vermelha-em-mais-da-metade-do-tempo-desde-a-entrada-em-vigor\/","title":{"rendered":"Bandeira tarif\u00e1ria fica vermelha em mais da metade do tempo desde a entrada em vigor"},"content":{"rendered":"<div class=\"mc-column\">A bandeira tarif\u00e1ria, que aplica uma taxa extra nas contas de luz quando aumenta o custo de gera\u00e7\u00e3o de energia no pa\u00eds, ficou na cor vermelha durante mais da metade do tempo desde que entrou em vigor, em janeiro de 2015.<\/div>\n<div class=\"mc-article-body\">\n<article>\n<div class=\"mc-column content-text active-extra-styles \" data-block-type=\"unstyled\" data-block-weight=\"31\">\n<p class=\"content-text__container \" data-track-category=\"Link no Texto\" data-track-links=\"\">A cor vermelha indica que est\u00e1 muito alto o custo de produ\u00e7\u00e3o de energia no Brasil e que ser\u00e3o aplicadas as maiores taxas adicionais previstas nesse sistema na conta de luz.<\/p>\n<\/div>\n<div class=\"mc-column content-text active-extra-styles \" data-block-type=\"unstyled\" data-block-weight=\"45\">\n<p class=\"content-text__container \" data-track-category=\"Link no Texto\" data-track-links=\"\">De acordo com dados da Ag\u00eancia Nacional de Energia El\u00e9trica (Aneel), os consumidores pagaram cerca de R$ 20,8 bilh\u00f5es a mais nas contas de luz de janeiro de 2015 a agosto de 2017 (dado mais recente dispon\u00edvel) devido \u00e0 cobran\u00e7a da taxa extra das bandeiras.<\/p>\n<\/div>\n<div class=\"mc-column content-text active-extra-styles \" data-block-type=\"unstyled\" data-block-weight=\"19\">\n<p class=\"content-text__container \" data-track-category=\"Link no Texto\" data-track-links=\"\">Dos 34 meses contados at\u00e9 outubro deste ano, 19 (55,9% do total) foram sob bandeira vermelha, nem sempre seguidos.<\/p>\n<\/div>\n<div class=\"mc-column content-media content-media--normal content-photo\" data-block-type=\"backstage-photo\">\n<div class=\"content-media__container\">\n<div class=\"content-media__image-centered\">\n<div class=\"progressive-img can-open-lightbox\" data-min-size=\"1008x1916\" data-min-size-url=\"https:\/\/s2.glbimg.com\/ll8oEaUgLQOk50edCR8bJfvTxnQ=\/0x0:650x1236\/1008x0\/smart\/filters:strip_icc()\/i.s3.glbimg.com\/v1\/AUTH_59edd422c0c84a879bd37670ae4f538a\/internal_photos\/bs\/2017\/K\/V\/qxYHFfToK09JMHz691IA\/preco-da-energia-v2-2-.jpg\" data-max-size=\"1600x3042\" data-max-size-url=\"https:\/\/s2.glbimg.com\/u8W4qDy13OuwvMlEsQ0EMgJZKBs=\/0x0:650x1236\/1600x0\/smart\/filters:strip_icc()\/i.s3.glbimg.com\/v1\/AUTH_59edd422c0c84a879bd37670ae4f538a\/internal_photos\/bs\/2017\/K\/V\/qxYHFfToK09JMHz691IA\/preco-da-energia-v2-2-.jpg\" data-media-index=\"0\">\n<div class=\"placeholder-container\"><\/div>\n<picture><source srcset=\"https:\/\/s2.glbimg.com\/a_5oaOQO-9jHEY0rPhsNUZwXufo=\/0x0:650x1236\/984x0\/smart\/filters:strip_icc()\/i.s3.glbimg.com\/v1\/AUTH_59edd422c0c84a879bd37670ae4f538a\/internal_photos\/bs\/2017\/K\/V\/qxYHFfToK09JMHz691IA\/preco-da-energia-v2-2-.jpg\" data-src=\"https:\/\/s2.glbimg.com\/a_5oaOQO-9jHEY0rPhsNUZwXufo=\/0x0:650x1236\/984x0\/smart\/filters:strip_icc()\/i.s3.glbimg.com\/v1\/AUTH_59edd422c0c84a879bd37670ae4f538a\/internal_photos\/bs\/2017\/K\/V\/qxYHFfToK09JMHz691IA\/preco-da-energia-v2-2-.jpg\" \/><img decoding=\"async\" class=\"image content-media__image progressive-loaded aligncenter\" title=\"Pre\u00e7o da energia: mais da metade dos meses teve bandeira vermelha desde 2015 (Foto: Arte\/G1)\" src=\"https:\/\/s2.glbimg.com\/a_5oaOQO-9jHEY0rPhsNUZwXufo=\/0x0:650x1236\/984x0\/smart\/filters:strip_icc()\/i.s3.glbimg.com\/v1\/AUTH_59edd422c0c84a879bd37670ae4f538a\/internal_photos\/bs\/2017\/K\/V\/qxYHFfToK09JMHz691IA\/preco-da-energia-v2-2-.jpg\" alt=\"Pre\u00e7o da energia: mais da metade dos meses teve bandeira vermelha desde 2015 (Foto: Arte\/G1)\" data-src=\"https:\/\/s2.glbimg.com\/a_5oaOQO-9jHEY0rPhsNUZwXufo=\/0x0:650x1236\/984x0\/smart\/filters:strip_icc()\/i.s3.glbimg.com\/v1\/AUTH_59edd422c0c84a879bd37670ae4f538a\/internal_photos\/bs\/2017\/K\/V\/qxYHFfToK09JMHz691IA\/preco-da-energia-v2-2-.jpg\" \/><\/picture>\n<\/div>\n<\/div>\n<div class=\"content-media__description-centered \">\n<p class=\"content-media__description\"><i class=\"content-media__description__icon theme-color-primary\"><\/i><span class=\"content-media__description__caption\">Pre\u00e7o da energia: mais da metade dos meses teve bandeira vermelha desde 2015 (Foto: Arte\/G1)<\/span><\/p>\n<\/div>\n<\/div>\n<\/div>\n<div class=\"mc-column content-text active-extra-styles \" data-block-type=\"unstyled\" data-block-weight=\"30\">\n<p class=\"content-text__container \" data-track-category=\"Link no Texto\" data-track-links=\"\">Os dados evidenciam que os consumidores brasileiros t\u00eam convivido com energia mais cara com frequ\u00eancia nos \u00faltimos anos. A raz\u00e3o para isso \u00e9 a estiagem (<em>veja mais abaixo neste texto<\/em>).<\/p>\n<\/div>\n<div class=\"mc-column content-text active-extra-styles \" data-block-type=\"unstyled\" data-block-weight=\"26\">\n<p class=\"content-text__container \" data-track-category=\"Link no Texto\" data-track-links=\"\">A bandeira vermelha tem dois patamares, e o pre\u00e7o da taxa extra pode ser de R$ 3 ou R$ 3,50 por 100 KWh de energia consumidos.<\/p>\n<\/div>\n<div class=\"mc-column content-text active-extra-styles \" data-block-type=\"unstyled\" data-block-weight=\"42\">\n<p class=\"content-text__container \" data-track-category=\"Link no Texto\" data-track-links=\"\">Na semana passada a Aneel anunciou que a bandeira ficaria na cor vermelha patamar 2 em outubro, o que obrigar\u00e1 os consumidores a pagarem a taxa extra mais cara.\u00a0\u00c9 a primeira vez que a bandeira fica na cor vermelha patamar 2.<\/p>\n<\/div>\n<div class=\"mc-column content-text active-extra-styles \" data-block-type=\"unstyled\" data-block-weight=\"33\">\n<p class=\"content-text__container \" data-track-category=\"Link no Texto\" data-track-links=\"\">Desde janeiro de 2015, a bandeira verde vigorou por 11 meses. A verde indica condi\u00e7\u00f5es favor\u00e1veis para produ\u00e7\u00e3o de energia mais barata e n\u00e3o gera cobran\u00e7a de taxa extra nas contas de luz.<\/p>\n<p><strong>CARIRI EM A\u00c7\u00c3O<\/strong><\/p>\n<p><em>Com G1 \/Foto:Google\u00a0\u00a0 <\/em><\/p>\n<p><strong>Leia mais not\u00edcias em\u00a0<\/strong><a href=\"http:\/\/www.caririemacao.com\/\"><strong>caririemacao.com<\/strong><\/a><strong>, siga nossa p\u00e1gina no\u00a0<\/strong><a href=\"https:\/\/www.facebook.com\/CaririEmAcao\/?ref=aymt_homepage_panel\"><strong>Facebook<\/strong><\/a>,<strong>\u00a0<\/strong><a href=\"https:\/\/www.instagram.com\/cariri_em_acao\/?hl=pt-br\"><strong>Instagram<\/strong><\/a><strong>\u00a0e <\/strong><a href=\"https:\/\/www.youtube.com\/channel\/UCAptA0jQuYQy8vMhLt2m4qg\"><strong>Youtube<\/strong><\/a><strong>\u00a0e veja nossas mat\u00e9rias, v\u00eddeos e fotos. Voc\u00ea tamb\u00e9m pode enviar informa\u00e7\u00f5es \u00e0 Reda\u00e7\u00e3o do Portal Cariri em A\u00e7\u00e3o pelo WhatsApp (83) 9 9634.5791, (83) 9 9601-1162.<\/strong><\/p>\n<\/div>\n<\/article>\n<\/div>\n","protected":false},"excerpt":{"rendered":"<p>A bandeira tarif\u00e1ria, que aplica uma taxa extra nas contas de luz quando aumenta o custo de gera\u00e7\u00e3o de energia no pa\u00eds, ficou na cor&hellip; <\/p>\n","protected":false},"author":2,"featured_media":0,"comment_status":"closed","ping_status":"closed","sticky":false,"template":"","format":"standard","meta":{"sfsi_plus_gutenberg_text_before_share":"","sfsi_plus_gutenberg_show_text_before_share":"","sfsi_plus_gutenberg_icon_type":"","sfsi_plus_gutenberg_icon_alignemt":"","sfsi_plus_gutenburg_max_per_row":"","footnotes":""},"categories":[2],"tags":[],"class_list":["post-30256","post","type-post","status-publish","format-standard","hentry","category-geral"],"_links":{"self":[{"href":"https:\/\/www.caririemacao.com\/1\/wp-json\/wp\/v2\/posts\/30256","targetHints":{"allow":["GET"]}}],"collection":[{"href":"https:\/\/www.caririemacao.com\/1\/wp-json\/wp\/v2\/posts"}],"about":[{"href":"https:\/\/www.caririemacao.com\/1\/wp-json\/wp\/v2\/types\/post"}],"author":[{"embeddable":true,"href":"https:\/\/www.caririemacao.com\/1\/wp-json\/wp\/v2\/users\/2"}],"replies":[{"embeddable":true,"href":"https:\/\/www.caririemacao.com\/1\/wp-json\/wp\/v2\/comments?post=30256"}],"version-history":[{"count":0,"href":"https:\/\/www.caririemacao.com\/1\/wp-json\/wp\/v2\/posts\/30256\/revisions"}],"wp:attachment":[{"href":"https:\/\/www.caririemacao.com\/1\/wp-json\/wp\/v2\/media?parent=30256"}],"wp:term":[{"taxonomy":"category","embeddable":true,"href":"https:\/\/www.caririemacao.com\/1\/wp-json\/wp\/v2\/categories?post=30256"},{"taxonomy":"post_tag","embeddable":true,"href":"https:\/\/www.caririemacao.com\/1\/wp-json\/wp\/v2\/tags?post=30256"}],"curies":[{"name":"wp","href":"https:\/\/api.w.org\/{rel}","templated":true}]}}