{"id":30260,"date":"2017-10-08T11:09:37","date_gmt":"2017-10-08T14:09:37","guid":{"rendered":"http:\/\/caririemacao.com\/1\/?p=30260"},"modified":"2017-10-08T14:06:07","modified_gmt":"2017-10-08T17:06:07","slug":"exclusivo-centro-pastoral-e-inaugurado-em-sume","status":"publish","type":"post","link":"https:\/\/www.caririemacao.com\/1\/2017\/10\/08\/exclusivo-centro-pastoral-e-inaugurado-em-sume\/","title":{"rendered":"EXCLUSIVO: Centro Pastoral \u00e9 inaugurado em Sum\u00e9"},"content":{"rendered":"<p>A Par\u00f3quia de Nossa Senhora da Concei\u00e7\u00e3o em Sum\u00e9 inaugurou na manh\u00e3 deste domingo, dia 08 de outubro de 2017, o Centro Pastoral que recebeu o nome do Padre Paulo Roberto <em>(in memoriam)<\/em>, e que foi p\u00e1roco da cidade de Sum\u00e9 por v\u00e1rios anos.<\/p>\n<p><a href=\"http:\/\/caririemacao.com\/1\/wp-content\/uploads\/2017\/10\/fetivalDSC_0100-20171008-105821.jpg\"><img fetchpriority=\"high\" decoding=\"async\" class=\"alignnone wp-image-30270 size-full\" src=\"http:\/\/caririemacao.com\/1\/wp-content\/uploads\/2017\/10\/fetivalDSC_0100-20171008-105821.jpg\" alt=\"\" width=\"800\" height=\"533\" srcset=\"https:\/\/www.caririemacao.com\/1\/wp-content\/uploads\/2017\/10\/fetivalDSC_0100-20171008-105821.jpg 800w, https:\/\/www.caririemacao.com\/1\/wp-content\/uploads\/2017\/10\/fetivalDSC_0100-20171008-105821-300x200.jpg 300w, https:\/\/www.caririemacao.com\/1\/wp-content\/uploads\/2017\/10\/fetivalDSC_0100-20171008-105821-768x512.jpg 768w\" sizes=\"(max-width: 800px) 100vw, 800px\" \/><\/a><\/p>\n<p><a href=\"http:\/\/caririemacao.com\/1\/wp-content\/uploads\/2017\/10\/fetivalCARIRI-EM-A\u00c7\u00c3O-DR.-NETO-20171008-140528.jpg\"><img decoding=\"async\" class=\"wp-image-30299 size-full aligncenter lazyload\" data-src=\"http:\/\/caririemacao.com\/1\/wp-content\/uploads\/2017\/10\/fetivalCARIRI-EM-A\u00c7\u00c3O-DR.-NETO-20171008-140528.jpg\" alt=\"\" width=\"719\" height=\"543\" data-srcset=\"https:\/\/www.caririemacao.com\/1\/wp-content\/uploads\/2017\/10\/fetivalCARIRI-EM-A\u00c7\u00c3O-DR.-NETO-20171008-140528.jpg 719w, https:\/\/www.caririemacao.com\/1\/wp-content\/uploads\/2017\/10\/fetivalCARIRI-EM-A\u00c7\u00c3O-DR.-NETO-20171008-140528-300x227.jpg 300w\" data-sizes=\"(max-width: 719px) 100vw, 719px\" src=\"data:image\/svg+xml;base64,PHN2ZyB3aWR0aD0iMSIgaGVpZ2h0PSIxIiB4bWxucz0iaHR0cDovL3d3dy53My5vcmcvMjAwMC9zdmciPjwvc3ZnPg==\" style=\"--smush-placeholder-width: 719px; --smush-placeholder-aspect-ratio: 719\/543;\" \/><\/a><\/p>\n<p>Antes da inaugura\u00e7\u00e3o houve a Santa Missa presidida pelo administrador diocesano da Diocese de Campina Grande, Pe. Aparecido Camargo.<\/p>\n<p><a href=\"http:\/\/caririemacao.com\/1\/wp-content\/uploads\/2017\/10\/fetivalDSC_0151-20171008-105739.jpg\"><img decoding=\"async\" class=\"aligncenter wp-image-30273 size-full lazyload\" data-src=\"http:\/\/caririemacao.com\/1\/wp-content\/uploads\/2017\/10\/fetivalDSC_0151-20171008-105739.jpg\" alt=\"\" width=\"800\" height=\"533\" data-srcset=\"https:\/\/www.caririemacao.com\/1\/wp-content\/uploads\/2017\/10\/fetivalDSC_0151-20171008-105739.jpg 800w, https:\/\/www.caririemacao.com\/1\/wp-content\/uploads\/2017\/10\/fetivalDSC_0151-20171008-105739-300x200.jpg 300w, https:\/\/www.caririemacao.com\/1\/wp-content\/uploads\/2017\/10\/fetivalDSC_0151-20171008-105739-768x512.jpg 768w\" data-sizes=\"(max-width: 800px) 100vw, 800px\" src=\"data:image\/svg+xml;base64,PHN2ZyB3aWR0aD0iMSIgaGVpZ2h0PSIxIiB4bWxucz0iaHR0cDovL3d3dy53My5vcmcvMjAwMC9zdmciPjwvc3ZnPg==\" style=\"--smush-placeholder-width: 800px; --smush-placeholder-aspect-ratio: 800\/533;\" \/><\/a><\/p>\n<p>A inaugura\u00e7\u00e3o contou com a presen\u00e7a de centenas de fi\u00e9is cat\u00f3licos, do Pe. Claudeci Soares (p\u00e1roco), Pe. Naelson Santos Moura (vig\u00e1rio paroquial), do Pe. Aparecido Camargo (Administrador Diocesano) e do prefeito de Sum\u00e9, \u00c9den Duarte.<\/p>\n<p><a href=\"http:\/\/caririemacao.com\/1\/wp-content\/uploads\/2017\/10\/fetivalDSC_0174-20171008-105722.jpg\"><img decoding=\"async\" class=\"aligncenter wp-image-30274 size-full lazyload\" data-src=\"http:\/\/caririemacao.com\/1\/wp-content\/uploads\/2017\/10\/fetivalDSC_0174-20171008-105722.jpg\" alt=\"\" width=\"800\" height=\"533\" data-srcset=\"https:\/\/www.caririemacao.com\/1\/wp-content\/uploads\/2017\/10\/fetivalDSC_0174-20171008-105722.jpg 800w, https:\/\/www.caririemacao.com\/1\/wp-content\/uploads\/2017\/10\/fetivalDSC_0174-20171008-105722-300x200.jpg 300w, https:\/\/www.caririemacao.com\/1\/wp-content\/uploads\/2017\/10\/fetivalDSC_0174-20171008-105722-768x512.jpg 768w\" data-sizes=\"(max-width: 800px) 100vw, 800px\" src=\"data:image\/svg+xml;base64,PHN2ZyB3aWR0aD0iMSIgaGVpZ2h0PSIxIiB4bWxucz0iaHR0cDovL3d3dy53My5vcmcvMjAwMC9zdmciPjwvc3ZnPg==\" style=\"--smush-placeholder-width: 800px; --smush-placeholder-aspect-ratio: 800\/533;\" \/><\/a><\/p>\n<p>Durante a cerimonia de inaugura\u00e7\u00e3o foram lembrados os nomes dos padres Paulo Roberto\u00a0<em>(in memoriam) <\/em>e Haroldo Andrade pela dedica\u00e7\u00e3o e todo amor com a constru\u00e7\u00e3o do Centro Pastoral.<\/p>\n<p><a href=\"http:\/\/caririemacao.com\/1\/wp-content\/uploads\/2017\/10\/fetivalDSC_0177-20171008-105720.jpg\"><img decoding=\"async\" class=\"aligncenter wp-image-30275 size-full lazyload\" data-src=\"http:\/\/caririemacao.com\/1\/wp-content\/uploads\/2017\/10\/fetivalDSC_0177-20171008-105720.jpg\" alt=\"\" width=\"800\" height=\"533\" data-srcset=\"https:\/\/www.caririemacao.com\/1\/wp-content\/uploads\/2017\/10\/fetivalDSC_0177-20171008-105720.jpg 800w, https:\/\/www.caririemacao.com\/1\/wp-content\/uploads\/2017\/10\/fetivalDSC_0177-20171008-105720-300x200.jpg 300w, https:\/\/www.caririemacao.com\/1\/wp-content\/uploads\/2017\/10\/fetivalDSC_0177-20171008-105720-768x512.jpg 768w\" data-sizes=\"(max-width: 800px) 100vw, 800px\" src=\"data:image\/svg+xml;base64,PHN2ZyB3aWR0aD0iMSIgaGVpZ2h0PSIxIiB4bWxucz0iaHR0cDovL3d3dy53My5vcmcvMjAwMC9zdmciPjwvc3ZnPg==\" style=\"--smush-placeholder-width: 800px; --smush-placeholder-aspect-ratio: 800\/533;\" \/><\/a><\/p>\n<p>\u201cAl\u00e9m da inaugura\u00e7\u00e3o do Centro Pastoral Pe. Paulo Roberto de Oliveira, houve a ben\u00e7\u00e3o do espa\u00e7o que servir\u00e1 para contribuir na forma\u00e7\u00e3o espiritual e social da comunidade\u201d, destacou Pe. Claudeci.<\/p>\n<p><a href=\"https:\/\/www.facebook.com\/pg\/CaririEmAcao\/photos\/?tab=album&amp;album_id=1108742455928443\">VEJA FOTOS DA INAUGURA\u00c7\u00c3O. CLIQUE NESTE LINK<\/a><\/p>\n<p><a href=\"http:\/\/caririemacao.com\/1\/wp-content\/uploads\/2017\/10\/fetivalDSC_0103-20171008-105817.jpg\"><img decoding=\"async\" class=\"aligncenter wp-image-30272 size-full lazyload\" data-src=\"http:\/\/caririemacao.com\/1\/wp-content\/uploads\/2017\/10\/fetivalDSC_0103-20171008-105817.jpg\" alt=\"\" width=\"800\" height=\"533\" data-srcset=\"https:\/\/www.caririemacao.com\/1\/wp-content\/uploads\/2017\/10\/fetivalDSC_0103-20171008-105817.jpg 800w, https:\/\/www.caririemacao.com\/1\/wp-content\/uploads\/2017\/10\/fetivalDSC_0103-20171008-105817-300x200.jpg 300w, https:\/\/www.caririemacao.com\/1\/wp-content\/uploads\/2017\/10\/fetivalDSC_0103-20171008-105817-768x512.jpg 768w\" data-sizes=\"(max-width: 800px) 100vw, 800px\" src=\"data:image\/svg+xml;base64,PHN2ZyB3aWR0aD0iMSIgaGVpZ2h0PSIxIiB4bWxucz0iaHR0cDovL3d3dy53My5vcmcvMjAwMC9zdmciPjwvc3ZnPg==\" style=\"--smush-placeholder-width: 800px; --smush-placeholder-aspect-ratio: 800\/533;\" \/><\/a><\/p>\n<p><iframe style=\"border: none; overflow: hidden;\" data-src=\"https:\/\/www.facebook.com\/plugins\/post.php?href=https%3A%2F%2Fwww.facebook.com%2Fmedia%2Fset%2F%3Fset%3Da.1108742455928443.1073742581.302749469861083%26type%3D3&amp;width=500\" width=\"500\" height=\"671\" frameborder=\"0\" scrolling=\"no\" src=\"data:image\/svg+xml;base64,PHN2ZyB3aWR0aD0iMSIgaGVpZ2h0PSIxIiB4bWxucz0iaHR0cDovL3d3dy53My5vcmcvMjAwMC9zdmciPjwvc3ZnPg==\" class=\"lazyload\" data-load-mode=\"1\"><\/iframe><\/p>\n<p><strong>CARIRI EM A\u00c7\u00c3O<\/strong><\/p>\n<p><strong>Leia mais not\u00edcias em\u00a0<\/strong><a style=\"font-style: inherit; font-weight: inherit;\" href=\"http:\/\/www.caririemacao.com\/\"><strong style=\"font-style: inherit;\">caririemacao.com<\/strong><\/a><strong style=\"font-style: inherit;\">, siga nossa p\u00e1gina no\u00a0<\/strong><a style=\"font-style: inherit; font-weight: inherit;\" href=\"https:\/\/www.facebook.com\/CaririEmAcao\/?ref=aymt_homepage_panel\"><strong style=\"font-style: inherit;\">Facebook<\/strong><\/a>,<strong style=\"font-style: inherit;\">\u00a0<\/strong><a style=\"font-style: inherit; font-weight: inherit;\" href=\"https:\/\/www.instagram.com\/cariri_em_acao\/?hl=pt-br\"><strong style=\"font-style: inherit;\">Instagram<\/strong><\/a><strong style=\"font-style: inherit;\">\u00a0e\u00a0<\/strong><a style=\"font-style: inherit; font-weight: inherit;\" href=\"https:\/\/www.youtube.com\/channel\/UCAptA0jQuYQy8vMhLt2m4qg\"><strong style=\"font-style: inherit;\">Youtube<\/strong><\/a><strong style=\"font-style: inherit;\">\u00a0e veja nossas mat\u00e9rias, v\u00eddeos e fotos. Voc\u00ea tamb\u00e9m pode enviar informa\u00e7\u00f5es \u00e0 Reda\u00e7\u00e3o do Portal Cariri em A\u00e7\u00e3o pelo WhatsApp (83) 9 9634.5791, (83) 9 9601-1162.<\/strong><\/p>\n<p>&nbsp;<\/p>\n","protected":false},"excerpt":{"rendered":"<p>A Par\u00f3quia de Nossa Senhora da Concei\u00e7\u00e3o em Sum\u00e9 inaugurou na manh\u00e3 deste domingo, dia 08 de outubro de 2017, o Centro Pastoral que recebeu&hellip; <\/p>\n","protected":false},"author":2,"featured_media":30261,"comment_status":"closed","ping_status":"closed","sticky":false,"template":"","format":"standard","meta":{"sfsi_plus_gutenberg_text_before_share":"","sfsi_plus_gutenberg_show_text_before_share":"","sfsi_plus_gutenberg_icon_type":"","sfsi_plus_gutenberg_icon_alignemt":"","sfsi_plus_gutenburg_max_per_row":"","footnotes":""},"categories":[2],"tags":[],"class_list":["post-30260","post","type-post","status-publish","format-standard","has-post-thumbnail","hentry","category-geral"],"_links":{"self":[{"href":"https:\/\/www.caririemacao.com\/1\/wp-json\/wp\/v2\/posts\/30260","targetHints":{"allow":["GET"]}}],"collection":[{"href":"https:\/\/www.caririemacao.com\/1\/wp-json\/wp\/v2\/posts"}],"about":[{"href":"https:\/\/www.caririemacao.com\/1\/wp-json\/wp\/v2\/types\/post"}],"author":[{"embeddable":true,"href":"https:\/\/www.caririemacao.com\/1\/wp-json\/wp\/v2\/users\/2"}],"replies":[{"embeddable":true,"href":"https:\/\/www.caririemacao.com\/1\/wp-json\/wp\/v2\/comments?post=30260"}],"version-history":[{"count":0,"href":"https:\/\/www.caririemacao.com\/1\/wp-json\/wp\/v2\/posts\/30260\/revisions"}],"wp:featuredmedia":[{"embeddable":true,"href":"https:\/\/www.caririemacao.com\/1\/wp-json\/wp\/v2\/media\/30261"}],"wp:attachment":[{"href":"https:\/\/www.caririemacao.com\/1\/wp-json\/wp\/v2\/media?parent=30260"}],"wp:term":[{"taxonomy":"category","embeddable":true,"href":"https:\/\/www.caririemacao.com\/1\/wp-json\/wp\/v2\/categories?post=30260"},{"taxonomy":"post_tag","embeddable":true,"href":"https:\/\/www.caririemacao.com\/1\/wp-json\/wp\/v2\/tags?post=30260"}],"curies":[{"name":"wp","href":"https:\/\/api.w.org\/{rel}","templated":true}]}}