{"id":302637,"date":"2025-07-28T17:32:08","date_gmt":"2025-07-28T20:32:08","guid":{"rendered":"https:\/\/www.caririemacao.com\/1\/?p=302637"},"modified":"2025-07-28T17:32:08","modified_gmt":"2025-07-28T20:32:08","slug":"prefeitura-de-sao-domingos-do-cariri-conclui-2a-etapa-de-vacinacao-contra-a-micoplasmose-em-rebanhos-caprinos","status":"publish","type":"post","link":"https:\/\/www.caririemacao.com\/1\/2025\/07\/28\/prefeitura-de-sao-domingos-do-cariri-conclui-2a-etapa-de-vacinacao-contra-a-micoplasmose-em-rebanhos-caprinos\/","title":{"rendered":"Prefeitura de S\u00e3o Domingos do Cariri conclui 2\u00aa etapa de vacina\u00e7\u00e3o contra a Micoplasmose em rebanhos caprinos"},"content":{"rendered":"<p>A Prefeitura de S\u00e3o Domingos do Cariri, por meio da Secretaria Municipal de Agricultura, concluiu com sucesso a 2\u00aa etapa da campanha de vacina\u00e7\u00e3o contra a Micoplasmose, doen\u00e7a que afeta rebanhos caprinos podendo causar s\u00e9rios preju\u00edzos \u00e0 produ\u00e7\u00e3o agropecu\u00e1ria local.<\/p>\n<p>Com esta a\u00e7\u00e3o, o munic\u00edpio segue se destacando como refer\u00eancia no apoio \u00e0 agricultura familiar e na promo\u00e7\u00e3o da sanidade animal, sendo um dos primeiros do pa\u00eds a adotar a vacina\u00e7\u00e3o preventiva de forma gratuita para os produtores rurais.<\/p>\n<p>Ao todo 518 doses foram aplicadas em diversas comunidades da zona rural, alcan\u00e7ando animais e refor\u00e7ando o compromisso da gest\u00e3o municipal com o desenvolvimento do setor agropecu\u00e1rio. A campanha foi realizada com acompanhamento t\u00e9cnico da equipe veterin\u00e1ria da secretaria, garantindo a correta aplica\u00e7\u00e3o das doses e o controle sanit\u00e1rio dos rebanhos.<\/p>\n<p>\u201cFinalizamos essa segunda etapa com sentimento de dever cumprido. Estamos garantindo sa\u00fade para os rebanhos, evitando preju\u00edzos para os criadores e fortalecendo a economia do campo. A vacina\u00e7\u00e3o \u00e9 uma medida de preven\u00e7\u00e3o que gera impacto direto na produ\u00e7\u00e3o e na renda do agricultor,\u201d destacou o secret\u00e1rio de Agricultura Geandre Alves.<\/p>\n<p>\u201cNossa gest\u00e3o entende que apoiar o campo \u00e9 investir no presente e no futuro do nosso munic\u00edpio. A conclus\u00e3o dessa segunda etapa mostra que estamos no caminho certo, cuidando dos animais e cuidando das pessoas que vivem da agropecu\u00e1ria.\u201d Frisou o prefeito Onildo Lindberg<\/p>\n<p>&nbsp;<\/p>\n<p><em>Com Ascom<\/em><\/p>\n","protected":false},"excerpt":{"rendered":"<p>A Prefeitura de S\u00e3o Domingos do Cariri, por meio da Secretaria Municipal de Agricultura, concluiu com sucesso a 2\u00aa etapa da campanha de vacina\u00e7\u00e3o contra&hellip; <\/p>\n","protected":false},"author":6,"featured_media":302638,"comment_status":"closed","ping_status":"closed","sticky":false,"template":"","format":"standard","meta":{"sfsi_plus_gutenberg_text_before_share":"","sfsi_plus_gutenberg_show_text_before_share":"","sfsi_plus_gutenberg_icon_type":"","sfsi_plus_gutenberg_icon_alignemt":"","sfsi_plus_gutenburg_max_per_row":"","footnotes":""},"categories":[50,2,87],"tags":[],"class_list":["post-302637","post","type-post","status-publish","format-standard","has-post-thumbnail","hentry","category-destaque","category-geral","category-sao-domingos-do-cariri"],"_links":{"self":[{"href":"https:\/\/www.caririemacao.com\/1\/wp-json\/wp\/v2\/posts\/302637","targetHints":{"allow":["GET"]}}],"collection":[{"href":"https:\/\/www.caririemacao.com\/1\/wp-json\/wp\/v2\/posts"}],"about":[{"href":"https:\/\/www.caririemacao.com\/1\/wp-json\/wp\/v2\/types\/post"}],"author":[{"embeddable":true,"href":"https:\/\/www.caririemacao.com\/1\/wp-json\/wp\/v2\/users\/6"}],"replies":[{"embeddable":true,"href":"https:\/\/www.caririemacao.com\/1\/wp-json\/wp\/v2\/comments?post=302637"}],"version-history":[{"count":1,"href":"https:\/\/www.caririemacao.com\/1\/wp-json\/wp\/v2\/posts\/302637\/revisions"}],"predecessor-version":[{"id":302639,"href":"https:\/\/www.caririemacao.com\/1\/wp-json\/wp\/v2\/posts\/302637\/revisions\/302639"}],"wp:featuredmedia":[{"embeddable":true,"href":"https:\/\/www.caririemacao.com\/1\/wp-json\/wp\/v2\/media\/302638"}],"wp:attachment":[{"href":"https:\/\/www.caririemacao.com\/1\/wp-json\/wp\/v2\/media?parent=302637"}],"wp:term":[{"taxonomy":"category","embeddable":true,"href":"https:\/\/www.caririemacao.com\/1\/wp-json\/wp\/v2\/categories?post=302637"},{"taxonomy":"post_tag","embeddable":true,"href":"https:\/\/www.caririemacao.com\/1\/wp-json\/wp\/v2\/tags?post=302637"}],"curies":[{"name":"wp","href":"https:\/\/api.w.org\/{rel}","templated":true}]}}