{"id":302874,"date":"2025-08-02T07:42:52","date_gmt":"2025-08-02T10:42:52","guid":{"rendered":"https:\/\/www.caririemacao.com\/1\/?p=302874"},"modified":"2025-08-02T07:51:48","modified_gmt":"2025-08-02T10:51:48","slug":"prefeito-de-boqueirao-prestigia-a-15a-edicao-do-barra-bode-em-barra-de-sao-miguel-e-parabeniza-gestao-do-prefeito-joao-paulo","status":"publish","type":"post","link":"https:\/\/www.caririemacao.com\/1\/2025\/08\/02\/prefeito-de-boqueirao-prestigia-a-15a-edicao-do-barra-bode-em-barra-de-sao-miguel-e-parabeniza-gestao-do-prefeito-joao-paulo\/","title":{"rendered":"Prefeito de Boqueir\u00e3o prestigia a 15\u00aa edi\u00e7\u00e3o do Barra Bode em Barra de S\u00e3o Miguel e parabeniza gest\u00e3o do prefeito Jo\u00e3o Paulo"},"content":{"rendered":"<p data-start=\"231\" data-end=\"493\">Durante a 15\u00aa edi\u00e7\u00e3o do tradicional Barra Bode, realizada em Barra de S\u00e3o Miguel, o prefeito de Boqueir\u00e3o, Marcos Freitas, marcou presen\u00e7a no evento e destacou a import\u00e2ncia da integra\u00e7\u00e3o dos munic\u00edpios do Cariri.<\/p>\n<p data-start=\"495\" data-end=\"823\">Recebido pelo prefeito anfitri\u00e3o Jo\u00e3o Paulo Fran\u00e7a, Marcos Freitas elogiou a estrutura do evento e parabenizou toda a equipe da Prefeitura Municipal de Barra de S\u00e3o Miguel, incluindo a vice-prefeita Priscila e o ex-prefeito Jo\u00e3o Batista, pelo empenho na realiza\u00e7\u00e3o de um dos eventos mais expressivos da cultura popular regional.<\/p>\n<p data-start=\"825\" data-end=\"1332\">\u201c\u00c9 uma grande satisfa\u00e7\u00e3o estar aqui em Barra de S\u00e3o Miguel, participando de um evento que j\u00e1 se consolidou como tradi\u00e7\u00e3o na nossa regi\u00e3o. O Barra Bode \u00e9 uma festa que, al\u00e9m de movimentar a economia, valoriza a cultura e fortalece os la\u00e7os entre os munic\u00edpios vizinhos. Como gestor, sei o quanto \u00e9 desafiador realizar um evento dessa magnitude, diante das limita\u00e7\u00f5es or\u00e7ament\u00e1rias. Por isso, s\u00f3 tenho a parabenizar o prefeito Jo\u00e3o Paulo Fran\u00e7a por mais uma edi\u00e7\u00e3o de sucesso\u201d, declarou o gestor de Boqueir\u00e3o.<\/p>\n<p data-start=\"825\" data-end=\"1332\"><img fetchpriority=\"high\" decoding=\"async\" class=\" wp-image-302875 aligncenter\" src=\"https:\/\/www.caririemacao.com\/1\/wp-content\/uploads\/2025\/08\/WhatsApp-Image-2025-08-02-at-07.39.50-300x287.webp\" alt=\"\" width=\"412\" height=\"394\" srcset=\"https:\/\/www.caririemacao.com\/1\/wp-content\/uploads\/2025\/08\/WhatsApp-Image-2025-08-02-at-07.39.50-300x287.webp 300w, https:\/\/www.caririemacao.com\/1\/wp-content\/uploads\/2025\/08\/WhatsApp-Image-2025-08-02-at-07.39.50-768x734.webp 768w, https:\/\/www.caririemacao.com\/1\/wp-content\/uploads\/2025\/08\/WhatsApp-Image-2025-08-02-at-07.39.50.webp 1165w\" sizes=\"(max-width: 412px) 100vw, 412px\" \/><\/p>\n<p data-start=\"1334\" data-end=\"1741\">Durante sua fala ao Cariri em A\u00e7\u00e3o, Marcos Freitas tamb\u00e9m aproveitou a ocasi\u00e3o para convidar o p\u00fablico para o maior evento de motocross da hist\u00f3ria de Boqueir\u00e3o, que ser\u00e1 realizado nos dias 25, 26, 27 e 28 de setembro. Segundo ele, o evento contar\u00e1 com uma estrutura refor\u00e7ada e a presen\u00e7a de pilotos de n\u00edvel internacional, prometendo movimentar ainda mais o calend\u00e1rio esportivo e tur\u00edstico da regi\u00e3o.<\/p>\n<p data-start=\"1743\" data-end=\"2062\">\u201cEssa integra\u00e7\u00e3o entre os munic\u00edpios \u00e9 essencial. Eventos como o Barra Bode e o nosso motocross em setembro mostram a for\u00e7a cultural e econ\u00f4mica do nosso Cariri. Estamos todos de parab\u00e9ns por manter viva essa tradi\u00e7\u00e3o e por incentivar o desenvolvimento regional por meio da cultura, do esporte e do turismo\u201d, completou.<\/p>\n<p data-start=\"1743\" data-end=\"2062\"><strong>CARIRI EM A\u00c7\u00c3O<\/strong><\/p>\n","protected":false},"excerpt":{"rendered":"<p>Durante a 15\u00aa edi\u00e7\u00e3o do tradicional Barra Bode, realizada em Barra de S\u00e3o Miguel, o prefeito de Boqueir\u00e3o, Marcos Freitas, marcou presen\u00e7a no evento e destacou a import\u00e2ncia da integra\u00e7\u00e3o dos munic\u00edpios do Cariri. Recebido pelo prefeito anfitri\u00e3o Jo\u00e3o Paulo Fran\u00e7a, Marcos Freitas elogiou a estrutura do evento e parabenizou toda a equipe da Prefeitura Municipal de Barra de S\u00e3o Miguel, incluindo a vice-prefeita Priscila e o ex-prefeito Jo\u00e3o Batista, pelo empenho na realiza\u00e7\u00e3o de um dos eventos mais expressivos da cultura popular regional. \u201c\u00c9 uma grande satisfa\u00e7\u00e3o estar aqui em Barra de S\u00e3o Miguel, participando de um evento que j\u00e1 se consolidou como tradi\u00e7\u00e3o na nossa regi\u00e3o. O Barra Bode \u00e9 uma festa que, al\u00e9m de movimentar a economia, valoriza a cultura e fortalece os la\u00e7os entre os munic\u00edpios vizinhos. Como gestor, sei o quanto \u00e9 desafiador realizar um evento dessa magnitude, diante das limita\u00e7\u00f5es or\u00e7ament\u00e1rias. Por isso, s\u00f3 tenho a parabenizar o prefeito Jo\u00e3o Paulo Fran\u00e7a por mais uma edi\u00e7\u00e3o de sucesso\u201d, declarou o gestor de Boqueir\u00e3o. Durante sua fala ao Cariri em A\u00e7\u00e3o, Marcos Freitas tamb\u00e9m aproveitou a ocasi\u00e3o para convidar o p\u00fablico para o maior evento de motocross da hist\u00f3ria de Boqueir\u00e3o, que ser\u00e1 realizado nos dias 25, 26, 27 e 28 de setembro. Segundo ele, o evento contar\u00e1 com uma estrutura refor\u00e7ada e a presen\u00e7a de pilotos de n\u00edvel internacional, prometendo movimentar ainda mais o calend\u00e1rio esportivo e tur\u00edstico da regi\u00e3o. \u201cEssa integra\u00e7\u00e3o entre os munic\u00edpios \u00e9 essencial. Eventos como o Barra Bode e o nosso motocross em setembro mostram a for\u00e7a cultural e econ\u00f4mica do nosso Cariri. Estamos todos de parab\u00e9ns por manter viva essa tradi\u00e7\u00e3o e por incentivar o desenvolvimento regional por meio da cultura, do esporte e do turismo\u201d, completou. CARIRI EM A\u00c7\u00c3O<\/p>\n","protected":false},"author":6,"featured_media":302879,"comment_status":"closed","ping_status":"closed","sticky":false,"template":"","format":"standard","meta":{"sfsi_plus_gutenberg_text_before_share":"","sfsi_plus_gutenberg_show_text_before_share":"","sfsi_plus_gutenberg_icon_type":"","sfsi_plus_gutenberg_icon_alignemt":"","sfsi_plus_gutenburg_max_per_row":"","footnotes":""},"categories":[106,50,2],"tags":[],"class_list":["post-302874","post","type-post","status-publish","format-standard","has-post-thumbnail","hentry","category-cariri","category-destaque","category-geral"],"_links":{"self":[{"href":"https:\/\/www.caririemacao.com\/1\/wp-json\/wp\/v2\/posts\/302874","targetHints":{"allow":["GET"]}}],"collection":[{"href":"https:\/\/www.caririemacao.com\/1\/wp-json\/wp\/v2\/posts"}],"about":[{"href":"https:\/\/www.caririemacao.com\/1\/wp-json\/wp\/v2\/types\/post"}],"author":[{"embeddable":true,"href":"https:\/\/www.caririemacao.com\/1\/wp-json\/wp\/v2\/users\/6"}],"replies":[{"embeddable":true,"href":"https:\/\/www.caririemacao.com\/1\/wp-json\/wp\/v2\/comments?post=302874"}],"version-history":[{"count":2,"href":"https:\/\/www.caririemacao.com\/1\/wp-json\/wp\/v2\/posts\/302874\/revisions"}],"predecessor-version":[{"id":302880,"href":"https:\/\/www.caririemacao.com\/1\/wp-json\/wp\/v2\/posts\/302874\/revisions\/302880"}],"wp:featuredmedia":[{"embeddable":true,"href":"https:\/\/www.caririemacao.com\/1\/wp-json\/wp\/v2\/media\/302879"}],"wp:attachment":[{"href":"https:\/\/www.caririemacao.com\/1\/wp-json\/wp\/v2\/media?parent=302874"}],"wp:term":[{"taxonomy":"category","embeddable":true,"href":"https:\/\/www.caririemacao.com\/1\/wp-json\/wp\/v2\/categories?post=302874"},{"taxonomy":"post_tag","embeddable":true,"href":"https:\/\/www.caririemacao.com\/1\/wp-json\/wp\/v2\/tags?post=302874"}],"curies":[{"name":"wp","href":"https:\/\/api.w.org\/{rel}","templated":true}]}}