{"id":302910,"date":"2025-08-02T10:50:02","date_gmt":"2025-08-02T13:50:02","guid":{"rendered":"https:\/\/www.caririemacao.com\/1\/?p=302910"},"modified":"2025-08-02T10:50:02","modified_gmt":"2025-08-02T13:50:02","slug":"duelo-de-tricolores-flu-recebe-gremio-pela-18a-rodada-do-brasileirao","status":"publish","type":"post","link":"https:\/\/www.caririemacao.com\/1\/2025\/08\/02\/duelo-de-tricolores-flu-recebe-gremio-pela-18a-rodada-do-brasileirao\/","title":{"rendered":"Duelo de Tricolores: Flu recebe Gr\u00eamio pela 18\u00aa rodada do Brasileir\u00e3o"},"content":{"rendered":"<div class=\"header-noticia full-width\">\n<div class=\"linha-fina-noticia\" style=\"text-align: center;\"><em><strong>Jogo \u00e0s 21h deste s\u00e1bado ter\u00e1 transmiss\u00e3o ao vivo na R\u00e1dio Nacional<\/strong><\/em><\/div>\n<\/div>\n<div class=\"container-autoria\" style=\"text-align: center;\"><\/div>\n<div><\/div>\n<div>\n<p>Dois times tricolores estar\u00e3o frente a frente neste s\u00e1bado (2) pela 17\u00aa rodada do Campeonato Brasileiro. Fluminense e Gr\u00eamio duelam \u00e0s 21h (hor\u00e1rio de Bras\u00edlia) no Maracan\u00e3, com transmiss\u00e3o ao vivo da\u00a0<strong>R\u00e1dio Nacional\u00a0<\/strong>a partir das 20h30, com\u00a0narra\u00e7\u00e3o de Andr\u00e9 Luiz Mendes, coment\u00e1rios de Rodrigo Ricardo e reportagem de Bruno Mendes. Os clubes somam o mesmo n\u00famero de pontos (20),\u00a0mas o\u00a0carioca, por ter mais vit\u00f3rias (seis), ocupa\u00a0o\u00a012\u00ba lugar da tabela, enquanto o\u00a0ga\u00facho\u00a0est\u00e1 em 14\u00ba, com o Atl\u00e9tico Mineiro entre eles.<img decoding=\"async\" src=\"https:\/\/agenciabrasil.ebc.com.br\/ebc.png?id=1652955&amp;o=node\" \/><img decoding=\"async\" src=\"https:\/\/agenciabrasil.ebc.com.br\/ebc.gif?id=1652955&amp;o=node\" \/><\/p>\n<p>O Fluminense chega a campo ap\u00f3s vit\u00f3ria, por 2 a 1, sobre o Internacional, dentro do Beira-Rio, no jogo de ida das oitavas de final da Copa do Brasil. Apesar do triunfo fora de casa &#8211; interrompendo uma sequ\u00eancia de quatro derrotas sofridas para\u00a0Cruzeiro, Flamengo, Palmeiras e S\u00e3o Paulo\u00a0\u2013 o Tricolor Carioca ainda n\u00e3o pontuou no Brasileir\u00e3o desde que voltou do Mundial de Clubes da Fifa.<\/p>\n<div class=\"twitter-tweet twitter-tweet-rendered\"><iframe id=\"twitter-widget-0\" class=\"\" title=\"X Post\" src=\"https:\/\/platform.twitter.com\/embed\/Tweet.html?creatorScreenName=agenciabrasil&amp;dnt=false&amp;embedId=twitter-widget-0&amp;features=eyJ0ZndfdGltZWxpbmVfbGlzdCI6eyJidWNrZXQiOltdLCJ2ZXJzaW9uIjpudWxsfSwidGZ3X2ZvbGxvd2VyX2NvdW50X3N1bnNldCI6eyJidWNrZXQiOnRydWUsInZlcnNpb24iOm51bGx9LCJ0ZndfdHdlZXRfZWRpdF9iYWNrZW5kIjp7ImJ1Y2tldCI6Im9uIiwidmVyc2lvbiI6bnVsbH0sInRmd19yZWZzcmNfc2Vzc2lvbiI6eyJidWNrZXQiOiJvbiIsInZlcnNpb24iOm51bGx9LCJ0ZndfZm9zbnJfc29mdF9pbnRlcnZlbnRpb25zX2VuYWJsZWQiOnsiYnVja2V0Ijoib24iLCJ2ZXJzaW9uIjpudWxsfSwidGZ3X21peGVkX21lZGlhXzE1ODk3Ijp7ImJ1Y2tldCI6InRyZWF0bWVudCIsInZlcnNpb24iOm51bGx9LCJ0ZndfZXhwZXJpbWVudHNfY29va2llX2V4cGlyYXRpb24iOnsiYnVja2V0IjoxMjA5NjAwLCJ2ZXJzaW9uIjpudWxsfSwidGZ3X3Nob3dfYmlyZHdhdGNoX3Bpdm90c19lbmFibGVkIjp7ImJ1Y2tldCI6Im9uIiwidmVyc2lvbiI6bnVsbH0sInRmd19kdXBsaWNhdGVfc2NyaWJlc190b19zZXR0aW5ncyI6eyJidWNrZXQiOiJvbiIsInZlcnNpb24iOm51bGx9LCJ0ZndfdXNlX3Byb2ZpbGVfaW1hZ2Vfc2hhcGVfZW5hYmxlZCI6eyJidWNrZXQiOiJvbiIsInZlcnNpb24iOm51bGx9LCJ0ZndfdmlkZW9faGxzX2R5bmFtaWNfbWFuaWZlc3RzXzE1MDgyIjp7ImJ1Y2tldCI6InRydWVfYml0cmF0ZSIsInZlcnNpb24iOm51bGx9LCJ0ZndfbGVnYWN5X3RpbWVsaW5lX3N1bnNldCI6eyJidWNrZXQiOnRydWUsInZlcnNpb24iOm51bGx9LCJ0ZndfdHdlZXRfZWRpdF9mcm9udGVuZCI6eyJidWNrZXQiOiJvbiIsInZlcnNpb24iOm51bGx9fQ%3D%3D&amp;frame=false&amp;hideCard=false&amp;hideThread=false&amp;id=1951074066347253796&amp;lang=pt&amp;origin=https%3A%2F%2Fagenciabrasil.ebc.com.br%2Fesportes%2Fnoticia%2F2025-08%2Fduelo-de-tricolores-flu-recebe-gremio-pela-18a-rodada-do-brasileirao&amp;sessionId=01ca3a31293433d6f63150f04d72f00491c7a00c&amp;siteScreenName=agenciabrasil&amp;theme=light&amp;widgetsVersion=2615f7e52b7e0%3A1702314776716&amp;width=550px\" frameborder=\"0\" scrolling=\"no\" allowfullscreen=\"allowfullscreen\" data-tweet-id=\"1951074066347253796\"><\/iframe><\/div>\n<p>Renato Ga\u00facho, que at\u00e9 o fim do ano passado treinava o Gr\u00eamio, sabe da import\u00e2ncia de voltar a pontuar na competi\u00e7\u00e3o e espera a presen\u00e7a da torcida neste s\u00e1bado \u00e0 noite no est\u00e1dio.<\/p>\n<blockquote><p>&#8220;A gente precisa voltar a vencer tamb\u00e9m no Maracan\u00e3, at\u00e9 porque nos \u00faltimos quatro jogos n\u00e3o pontuamos. Espero que o torcedor compare\u00e7a ao Maracan\u00e3 para incentivar nosso time. A\u00a0gente precisa do apoio do nosso torcedor para tentar uma vit\u00f3ria diante do Gr\u00eamio, porque a gente sabe que \u00e9 mais um jogo dif\u00edcil\u201d, projetou o treinador.<\/p><\/blockquote>\n<p>Por conta de les\u00f5es, Renato ainda n\u00e3o sabe se vai contar com os dois laterais esquerdos: Ren\u00ea e Fuentes. \u00c9 poss\u00edvel que Guga volte a jogar improvisado. H\u00e1 ainda os desfalques do volante uruguaio Facundo Bernal e do zagueiro argentino Freytes, que cumprir\u00e3o suspens\u00e3o por terem levado o terceiro cart\u00e3o amarelo no confronto contra o S\u00e3o Paulo, no .<\/p>\n<p>O Gr\u00eamio tamb\u00e9m ter\u00e1 dois desfalques por conta de cart\u00f5es amarelos: o lateral-esquerdo Marlon e o atacante uruguaio Cristian Olivera.<\/p>\n<p>O Tricolor Ga\u00facho derrotou o Fortaleza, por 2 a 1,\u00a0jogando dentro da arena em Porto Alegre, em duas cobran\u00e7as de p\u00eanalti convertidas pelo dinamarqu\u00eas Braithwaite, que j\u00e1 marcou 15 gols nesta temporada.<\/p>\n<div class=\"dnd-widget-wrapper context-cheio_8colunas type-image\">\n<div class=\"dnd-atom-rendered\"><img decoding=\"async\" title=\"Lucas Uebel\/Gr\u00eamio FBPA\/Direitos reservados\" src=\"https:\/\/imagens.ebc.com.br\/dbCykgO3sAc_G16TVv38JipGOHU=\/754x0\/smart\/https:\/\/agenciabrasil.ebc.com.br\/sites\/default\/files\/thumbnails\/image\/2025\/08\/01\/mano_menezes_tecnico_do_gremio_2025.jpg?itok=y2ImGiA2\" alt=\"Mano Menezes - t\u00e9cnico do Gr\u00eamio - em 01\/08\/2025\" \/><\/div>\n<div class=\"dnd-caption-wrapper\">\n<div class=\"meta\">Mano Menezes que at\u00e9 mar\u00e7o treinava\u00a0o Tricolor carioca, volta ao Maracan\u00e3 neste s\u00e1bado (2), comandando a equipe do Gr\u00eamio &#8211;\u00a0<strong>Lucas Uebel\/Gr\u00eamio FBPA\/Direitos reservados<\/strong><\/div>\n<div><\/div>\n<\/div>\n<\/div>\n<p>O resultado para o t\u00e9cnico Mano Menezes, que foi demitido do Flu na primeira rodada do Brasileir\u00e3o, traz mais seguran\u00e7a a um Gr\u00eamio com atua\u00e7\u00f5es oscilantes.<\/p>\n<blockquote><p>\u201cPoucas equipes n\u00e3o oscilam no campeonato durante as partidas. Estamos dentro da normalidade. Mas a gente precisa continuar ganhando para a nossa confian\u00e7a seguir aumentando\u201d, pontuou Menezes.<\/p><\/blockquote>\n<div class=\"dnd-widget-wrapper context-cheio_8colunas type-audio\">\n<div class=\"dnd-atom-rendered\">\n<div class=\"col-lg-12 shadow-sm sticky-element px-0 m-0 z-9\">\n<div class=\"rounded-lg\">\n<div class=\"player-wrapper bg-secondary\"><span class=\"mejs__offscreen\">FONTE: Ag\u00eancia Brasil<\/span><\/p>\n<div id=\"mep_0\" class=\"mejs__container mejs__container-keyboard-inactive rounded-lg shadow-sm mejs__audio\" tabindex=\"0\" role=\"application\" aria-label=\"Audio Player\">\n<div class=\"mejs__inner\">\n<div class=\"mejs__layers\"><\/div>\n<div class=\"mejs__button mejs__playpause-button mejs__play\"><\/div>\n<\/div>\n<\/div>\n<\/div>\n<\/div>\n<\/div>\n<\/div>\n<\/div>\n<\/div>\n","protected":false},"excerpt":{"rendered":"<p>Jogo \u00e0s 21h deste s\u00e1bado ter\u00e1 transmiss\u00e3o ao vivo na R\u00e1dio Nacional Dois times tricolores estar\u00e3o frente a frente neste s\u00e1bado (2) pela 17\u00aa rodada do Campeonato Brasileiro. Fluminense e Gr\u00eamio duelam \u00e0s 21h (hor\u00e1rio de Bras\u00edlia) no Maracan\u00e3, com transmiss\u00e3o ao vivo da\u00a0R\u00e1dio Nacional\u00a0a partir das 20h30, com\u00a0narra\u00e7\u00e3o de Andr\u00e9 Luiz Mendes, coment\u00e1rios de Rodrigo Ricardo e reportagem de Bruno Mendes. Os clubes somam o mesmo n\u00famero de pontos (20),\u00a0mas o\u00a0carioca, por ter mais vit\u00f3rias (seis), ocupa\u00a0o\u00a012\u00ba lugar da tabela, enquanto o\u00a0ga\u00facho\u00a0est\u00e1 em 14\u00ba, com o Atl\u00e9tico Mineiro entre eles. O Fluminense chega a campo ap\u00f3s vit\u00f3ria, por 2 a 1, sobre o Internacional, dentro do Beira-Rio, no jogo de ida das oitavas de final da Copa do Brasil. Apesar do triunfo fora de casa &#8211; interrompendo uma sequ\u00eancia de quatro derrotas sofridas para\u00a0Cruzeiro, Flamengo, Palmeiras e S\u00e3o Paulo\u00a0\u2013 o Tricolor Carioca ainda n\u00e3o pontuou no Brasileir\u00e3o desde que voltou do Mundial de Clubes da Fifa. Renato Ga\u00facho, que at\u00e9 o fim do ano passado treinava o Gr\u00eamio, sabe da import\u00e2ncia de voltar a pontuar na competi\u00e7\u00e3o e espera a presen\u00e7a da torcida neste s\u00e1bado \u00e0 noite no est\u00e1dio. &#8220;A gente precisa voltar a vencer tamb\u00e9m no Maracan\u00e3, at\u00e9 porque nos \u00faltimos quatro jogos n\u00e3o pontuamos. Espero que o torcedor compare\u00e7a ao Maracan\u00e3 para incentivar nosso time. A\u00a0gente precisa do apoio do nosso torcedor para tentar uma vit\u00f3ria diante do Gr\u00eamio, porque a gente sabe que \u00e9 mais um jogo dif\u00edcil\u201d, projetou o treinador. Por conta de les\u00f5es, Renato ainda n\u00e3o sabe se vai contar com os dois laterais esquerdos: Ren\u00ea e Fuentes. \u00c9 poss\u00edvel que Guga volte a jogar improvisado. H\u00e1 ainda os desfalques do volante uruguaio Facundo Bernal e do zagueiro argentino Freytes, que cumprir\u00e3o suspens\u00e3o por terem levado o terceiro cart\u00e3o amarelo no confronto contra o S\u00e3o Paulo, no . O Gr\u00eamio tamb\u00e9m ter\u00e1 dois desfalques por conta de cart\u00f5es amarelos: o lateral-esquerdo Marlon e o atacante uruguaio Cristian Olivera. O Tricolor Ga\u00facho derrotou o Fortaleza, por 2 a 1,\u00a0jogando dentro da arena em Porto Alegre, em duas cobran\u00e7as de p\u00eanalti convertidas pelo dinamarqu\u00eas Braithwaite, que j\u00e1 marcou 15 gols nesta temporada. Mano Menezes que at\u00e9 mar\u00e7o treinava\u00a0o Tricolor carioca, volta ao Maracan\u00e3 neste s\u00e1bado (2), comandando a equipe do Gr\u00eamio &#8211;\u00a0Lucas Uebel\/Gr\u00eamio FBPA\/Direitos reservados O resultado para o t\u00e9cnico Mano Menezes, que foi demitido do Flu na primeira rodada do Brasileir\u00e3o, traz mais seguran\u00e7a a um Gr\u00eamio com atua\u00e7\u00f5es oscilantes. \u201cPoucas equipes n\u00e3o oscilam no campeonato durante as partidas. Estamos dentro da normalidade. Mas a gente precisa continuar ganhando para a nossa confian\u00e7a seguir aumentando\u201d, pontuou Menezes. FONTE: Ag\u00eancia Brasil<\/p>\n","protected":false},"author":6,"featured_media":302911,"comment_status":"closed","ping_status":"closed","sticky":false,"template":"","format":"standard","meta":{"sfsi_plus_gutenberg_text_before_share":"","sfsi_plus_gutenberg_show_text_before_share":"","sfsi_plus_gutenberg_icon_type":"","sfsi_plus_gutenberg_icon_alignemt":"","sfsi_plus_gutenburg_max_per_row":"","footnotes":""},"categories":[50,13],"tags":[],"class_list":["post-302910","post","type-post","status-publish","format-standard","has-post-thumbnail","hentry","category-destaque","category-esportes"],"_links":{"self":[{"href":"https:\/\/www.caririemacao.com\/1\/wp-json\/wp\/v2\/posts\/302910","targetHints":{"allow":["GET"]}}],"collection":[{"href":"https:\/\/www.caririemacao.com\/1\/wp-json\/wp\/v2\/posts"}],"about":[{"href":"https:\/\/www.caririemacao.com\/1\/wp-json\/wp\/v2\/types\/post"}],"author":[{"embeddable":true,"href":"https:\/\/www.caririemacao.com\/1\/wp-json\/wp\/v2\/users\/6"}],"replies":[{"embeddable":true,"href":"https:\/\/www.caririemacao.com\/1\/wp-json\/wp\/v2\/comments?post=302910"}],"version-history":[{"count":1,"href":"https:\/\/www.caririemacao.com\/1\/wp-json\/wp\/v2\/posts\/302910\/revisions"}],"predecessor-version":[{"id":302912,"href":"https:\/\/www.caririemacao.com\/1\/wp-json\/wp\/v2\/posts\/302910\/revisions\/302912"}],"wp:featuredmedia":[{"embeddable":true,"href":"https:\/\/www.caririemacao.com\/1\/wp-json\/wp\/v2\/media\/302911"}],"wp:attachment":[{"href":"https:\/\/www.caririemacao.com\/1\/wp-json\/wp\/v2\/media?parent=302910"}],"wp:term":[{"taxonomy":"category","embeddable":true,"href":"https:\/\/www.caririemacao.com\/1\/wp-json\/wp\/v2\/categories?post=302910"},{"taxonomy":"post_tag","embeddable":true,"href":"https:\/\/www.caririemacao.com\/1\/wp-json\/wp\/v2\/tags?post=302910"}],"curies":[{"name":"wp","href":"https:\/\/api.w.org\/{rel}","templated":true}]}}