{"id":302913,"date":"2025-08-02T10:59:42","date_gmt":"2025-08-02T13:59:42","guid":{"rendered":"https:\/\/www.caririemacao.com\/1\/?p=302913"},"modified":"2025-08-02T10:59:42","modified_gmt":"2025-08-02T13:59:42","slug":"mini-fa-do-rei-crianca-de-3-anos-emociona-familia-com-amor-por-roberto-carlos","status":"publish","type":"post","link":"https:\/\/www.caririemacao.com\/1\/2025\/08\/02\/mini-fa-do-rei-crianca-de-3-anos-emociona-familia-com-amor-por-roberto-carlos\/","title":{"rendered":"Mini f\u00e3 do Rei: crian\u00e7a de 3 anos emociona fam\u00edlia com amor por Roberto Carlos"},"content":{"rendered":"<div class=\"subtitulo mb-3\"><em><strong>Garotinho de tr\u00eas anos e oito meses que tem o artista como \u00eddolo absoluto, algo incomum para uma crian\u00e7a. Ouvir as m\u00fasicas do Rei j\u00e1 virou parte do cotidiano dele e da fam\u00edlia.<\/strong><\/em><\/div>\n<div><\/div>\n<div>\n<p>A paix\u00e3o pela m\u00fasica \u00e9 algo comum j\u00e1 nos primeiros anos de vida, at\u00e9 porque as crian\u00e7as s\u00e3o estimuladas sensorialmente com sons, imagens e outros elementos. Mas, e quando um garotinho de apenas tr\u00eas anos de idade apresenta um afeto espec\u00edfico pelo\u00a0<strong>cantor Roberto Carlos<\/strong>, que embala trilhas sonoras, em sua maioria, de adultos e idosos?<\/p>\n<p>Na ter\u00e7a-feira (5),\u00a0<strong>Jo\u00e3o Pessoa\u00a0<\/strong>celebra\u00a0<strong>440 anos de hist\u00f3ria<\/strong>\u00a0e dentre as comemora\u00e7\u00f5es, um dos momentos mais esperados \u00e9 o show do\u00a0<strong>cantor Roberto Carlos<\/strong>, no Busto de Tamandar\u00e9.<\/p>\n<p>E quem vive a expectativa para este momento, com olhos brilhando, \u00e9\u00a0<strong>Malcolm Santos<\/strong>, que tem o artista como \u00eddolo absoluto, algo incomum para uma crian\u00e7a. Ouvir as m\u00fasicas do Rei j\u00e1 virou parte do cotidiano dele e da fam\u00edlia.<\/p>\n<figure class=\"wp-block-embed is-type-video is-provider-youtube wp-block-embed-youtube wp-embed-aspect-16-9 wp-has-aspect-ratio\">\n<div class=\"ratio ratio-16x9\"><iframe title=\"Malcolm Santos, o garotinho paraibano de 3 anos e que \u00e9 f\u00e3 de Roberto Carlos\" src=\"https:\/\/www.youtube.com\/embed\/cviwzC64r20?feature=oembed\" frameborder=\"0\" allowfullscreen=\"allowfullscreen\"><\/iframe><\/div>\n<\/figure>\n<h2 class=\"wp-block-heading\"><strong>Roberto Carlos na rela\u00e7\u00e3o av\u00f4 e neto<\/strong><\/h2>\n<p>Quem contou um pouco dessa hist\u00f3ria ao\u00a0Portal Correio\u00a0foi o pai,\u00a0\u00cdcaro Santos. Segundo ele, a rela\u00e7\u00e3o de\u00a0Malcolm\u00a0com\u00a0Roberto Carlos\u00a0come\u00e7ou por volta de 2023, quando ele foi morar com os av\u00f3s maternos. Foi ali, ao lado do av\u00f4\u00a0Alexon Luis dos Santos, que tudo come\u00e7ou a mudar.<\/p>\n<p>O av\u00f4 \u00e9 daqueles f\u00e3s de longa data, que conhece a discografia, datas, curiosidades, discos e CDs do\u00a0<strong>Rei Roberto Carlos\u00a0<\/strong>como verdadeiras rel\u00edquias. A conviv\u00eancia di\u00e1ria, aliada a essa paix\u00e3o, foi moldando o universo musical de\u00a0<strong>Malcolm<\/strong>.<\/p>\n<p>\u201cO mais surpreendente \u00e9 que n\u00e3o era uma obriga\u00e7\u00e3o. Ele ia sozinho at\u00e9 o quarto do av\u00f4 e pedia para ouvir\u00a0<strong>Roberto Carlos<\/strong>. N\u00e3o era for\u00e7ado, ele realmente queria ouvir. Imagina a alegria do av\u00f4 ao ver isso?!\u201d, contou \u00cdcaro.<\/p>\n<p>De tanto ouvir as can\u00e7\u00f5es,\u00a0<strong>Malcolm\u00a0<\/strong>aprendeu n\u00e3o s\u00f3 a identificar as m\u00fasicas, mas tamb\u00e9m a cantar trechos com muita seguran\u00e7a e at\u00e9 corrigir o av\u00f4 quando errava a letra. \u201cEra lindo ver isso. O av\u00f4 se emocionava sempre que via o neto cantar\u201d, lembrou.<\/p>\n<figure class=\"wp-block-image size-full pointer\"><img decoding=\"async\" class=\"img-fluid\" src=\"https:\/\/portalcorreio.com.br\/portalcorreio\/storage\/2025\/08\/ddfc236a87982bf22b4d09c3138a8c2a-scaled-e1754062917878.jpeg\" alt=\"\" \/><figcaption class=\"wp-element-caption\">Malcolm nos bra\u00e7os do av\u00f4, em seu anivers\u00e1rio (Foto: Acervo da fam\u00edlia)<\/figcaption><\/figure>\n<h2 class=\"wp-block-heading\"><strong>\u201cTive que aprender v\u00e1rias m\u00fasicas\u201d<\/strong><\/h2>\n<p>A conex\u00e3o musical se tornou t\u00e3o forte que hoje,\u00a0<strong>Malcolm\u00a0<\/strong>s\u00f3 dorme ouvindo\u00a0<strong>Roberto Carlos<\/strong>. Como dizem os integrantes da Gera\u00e7\u00e3o Z: \u201co pai que lute\u201d, pois \u00cdcaro precisou montar uma playlist especial para os momentos de sono do pequeno.<\/p>\n<p>\u201cEu tive que aprender v\u00e1rias m\u00fasicas tamb\u00e9m, porque ele queria que eu cantasse junto. Ele escolhia uma, falava o nome, e l\u00e1 ia eu procurar a letra para aprender\u201d, revelou\u00a0<strong>\u00cdcaro<\/strong>.<\/p>\n<h2 class=\"wp-block-heading\"><strong>Mistura de Rei e avia\u00e7\u00e3o no anivers\u00e1rio<\/strong><\/h2>\n<p>Mas, n\u00e3o para por a\u00ed. O amor pelo Rei virou at\u00e9 tema de festa. No anivers\u00e1rio de tr\u00eas anos,\u00a0<strong>Malcolm\u00a0<\/strong>escolheu um tema no m\u00ednimo inusitado:\u00a0<strong>Roberto Carlos\u00a0<\/strong>e avi\u00e3o. Isso porque, al\u00e9m do \u00eddolo musical do av\u00f4 materno, ele tamb\u00e9m herdou do pai a paix\u00e3o pela avia\u00e7\u00e3o. Segundo o pai \u201cfoi uma loucura organizar tudo, mas conseguimos e ele ficou radiante\u201d.<\/p>\n<p>De uma coisa\u00a0<strong>\u00cdcaro\u00a0<\/strong>tem certeza: o la\u00e7o entre o av\u00f4 e\u00a0<strong>Malcolm<\/strong>, costurado pelas can\u00e7\u00f5es do Rei, transformou-se numa mem\u00f3ria afetiva poderosa. \u201c<strong>Malcolm\u00a0<\/strong>\u00e9 expressivo demais quando canta. A gente brinca que ele \u00e9 um idoso em miniatura. Ele sente as m\u00fasicas, interpreta, se emociona. \u00c9 algo muito al\u00e9m do comum\u201d, garantiu.<\/p>\n<p>Agora, com o show se aproximando, a fam\u00edlia vive a ansiedade de um momento que promete ser inesquec\u00edvel: ver\u00a0<strong>Malcolm<\/strong>, da plateia, cantar junto com\u00a0<strong>Roberto Carlos<\/strong>, s\u00f3 que dessa vez ao vivo.<\/p>\n<p>\u201cEssa hist\u00f3ria \u00e9 feita de afeto, de gera\u00e7\u00f5es unidas por m\u00fasica, e vai ser lembrada por toda a vida\u201d, finalizou \u00cdcaro.<\/p>\n<p>FONTE: Portal Correio<\/p>\n<\/div>\n","protected":false},"excerpt":{"rendered":"<p>Garotinho de tr\u00eas anos e oito meses que tem o artista como \u00eddolo absoluto, algo incomum para uma crian\u00e7a. Ouvir as m\u00fasicas do Rei j\u00e1 virou parte do cotidiano dele e da fam\u00edlia. A paix\u00e3o pela m\u00fasica \u00e9 algo comum j\u00e1 nos primeiros anos de vida, at\u00e9 porque as crian\u00e7as s\u00e3o estimuladas sensorialmente com sons, imagens e outros elementos. Mas, e quando um garotinho de apenas tr\u00eas anos de idade apresenta um afeto espec\u00edfico pelo\u00a0cantor Roberto Carlos, que embala trilhas sonoras, em sua maioria, de adultos e idosos? Na ter\u00e7a-feira (5),\u00a0Jo\u00e3o Pessoa\u00a0celebra\u00a0440 anos de hist\u00f3ria\u00a0e dentre as comemora\u00e7\u00f5es, um dos momentos mais esperados \u00e9 o show do\u00a0cantor Roberto Carlos, no Busto de Tamandar\u00e9. E quem vive a expectativa para este momento, com olhos brilhando, \u00e9\u00a0Malcolm Santos, que tem o artista como \u00eddolo absoluto, algo incomum para uma crian\u00e7a. Ouvir as m\u00fasicas do Rei j\u00e1 virou parte do cotidiano dele e da fam\u00edlia. Roberto Carlos na rela\u00e7\u00e3o av\u00f4 e neto Quem contou um pouco dessa hist\u00f3ria ao\u00a0Portal Correio\u00a0foi o pai,\u00a0\u00cdcaro Santos. Segundo ele, a rela\u00e7\u00e3o de\u00a0Malcolm\u00a0com\u00a0Roberto Carlos\u00a0come\u00e7ou por volta de 2023, quando ele foi morar com os av\u00f3s maternos. Foi ali, ao lado do av\u00f4\u00a0Alexon Luis dos Santos, que tudo come\u00e7ou a mudar. O av\u00f4 \u00e9 daqueles f\u00e3s de longa data, que conhece a discografia, datas, curiosidades, discos e CDs do\u00a0Rei Roberto Carlos\u00a0como verdadeiras rel\u00edquias. A conviv\u00eancia di\u00e1ria, aliada a essa paix\u00e3o, foi moldando o universo musical de\u00a0Malcolm. \u201cO mais surpreendente \u00e9 que n\u00e3o era uma obriga\u00e7\u00e3o. Ele ia sozinho at\u00e9 o quarto do av\u00f4 e pedia para ouvir\u00a0Roberto Carlos. N\u00e3o era for\u00e7ado, ele realmente queria ouvir. Imagina a alegria do av\u00f4 ao ver isso?!\u201d, contou \u00cdcaro. De tanto ouvir as can\u00e7\u00f5es,\u00a0Malcolm\u00a0aprendeu n\u00e3o s\u00f3 a identificar as m\u00fasicas, mas tamb\u00e9m a cantar trechos com muita seguran\u00e7a e at\u00e9 corrigir o av\u00f4 quando errava a letra. \u201cEra lindo ver isso. O av\u00f4 se emocionava sempre que via o neto cantar\u201d, lembrou. Malcolm nos bra\u00e7os do av\u00f4, em seu anivers\u00e1rio (Foto: Acervo da fam\u00edlia) \u201cTive que aprender v\u00e1rias m\u00fasicas\u201d A conex\u00e3o musical se tornou t\u00e3o forte que hoje,\u00a0Malcolm\u00a0s\u00f3 dorme ouvindo\u00a0Roberto Carlos. Como dizem os integrantes da Gera\u00e7\u00e3o Z: \u201co pai que lute\u201d, pois \u00cdcaro precisou montar uma playlist especial para os momentos de sono do pequeno. \u201cEu tive que aprender v\u00e1rias m\u00fasicas tamb\u00e9m, porque ele queria que eu cantasse junto. Ele escolhia uma, falava o nome, e l\u00e1 ia eu procurar a letra para aprender\u201d, revelou\u00a0\u00cdcaro. Mistura de Rei e avia\u00e7\u00e3o no anivers\u00e1rio Mas, n\u00e3o para por a\u00ed. O amor pelo Rei virou at\u00e9 tema de festa. No anivers\u00e1rio de tr\u00eas anos,\u00a0Malcolm\u00a0escolheu um tema no m\u00ednimo inusitado:\u00a0Roberto Carlos\u00a0e avi\u00e3o. Isso porque, al\u00e9m do \u00eddolo musical do av\u00f4 materno, ele tamb\u00e9m herdou do pai a paix\u00e3o pela avia\u00e7\u00e3o. Segundo o pai \u201cfoi uma loucura organizar tudo, mas conseguimos e ele ficou radiante\u201d. De uma coisa\u00a0\u00cdcaro\u00a0tem certeza: o la\u00e7o entre o av\u00f4 e\u00a0Malcolm, costurado pelas can\u00e7\u00f5es do Rei, transformou-se numa mem\u00f3ria afetiva poderosa. \u201cMalcolm\u00a0\u00e9 expressivo demais quando canta. A gente brinca que ele \u00e9 um idoso em miniatura. Ele sente as m\u00fasicas, interpreta, se emociona. \u00c9 algo muito al\u00e9m do comum\u201d, garantiu. Agora, com o show se aproximando, a fam\u00edlia vive a ansiedade de um momento que promete ser inesquec\u00edvel: ver\u00a0Malcolm, da plateia, cantar junto com\u00a0Roberto Carlos, s\u00f3 que dessa vez ao vivo. \u201cEssa hist\u00f3ria \u00e9 feita de afeto, de gera\u00e7\u00f5es unidas por m\u00fasica, e vai ser lembrada por toda a vida\u201d, finalizou \u00cdcaro. FONTE: Portal Correio<\/p>\n","protected":false},"author":6,"featured_media":302914,"comment_status":"closed","ping_status":"closed","sticky":false,"template":"","format":"standard","meta":{"sfsi_plus_gutenberg_text_before_share":"","sfsi_plus_gutenberg_show_text_before_share":"","sfsi_plus_gutenberg_icon_type":"","sfsi_plus_gutenberg_icon_alignemt":"","sfsi_plus_gutenburg_max_per_row":"","footnotes":""},"categories":[50,2],"tags":[],"class_list":["post-302913","post","type-post","status-publish","format-standard","has-post-thumbnail","hentry","category-destaque","category-geral"],"_links":{"self":[{"href":"https:\/\/www.caririemacao.com\/1\/wp-json\/wp\/v2\/posts\/302913","targetHints":{"allow":["GET"]}}],"collection":[{"href":"https:\/\/www.caririemacao.com\/1\/wp-json\/wp\/v2\/posts"}],"about":[{"href":"https:\/\/www.caririemacao.com\/1\/wp-json\/wp\/v2\/types\/post"}],"author":[{"embeddable":true,"href":"https:\/\/www.caririemacao.com\/1\/wp-json\/wp\/v2\/users\/6"}],"replies":[{"embeddable":true,"href":"https:\/\/www.caririemacao.com\/1\/wp-json\/wp\/v2\/comments?post=302913"}],"version-history":[{"count":1,"href":"https:\/\/www.caririemacao.com\/1\/wp-json\/wp\/v2\/posts\/302913\/revisions"}],"predecessor-version":[{"id":302915,"href":"https:\/\/www.caririemacao.com\/1\/wp-json\/wp\/v2\/posts\/302913\/revisions\/302915"}],"wp:featuredmedia":[{"embeddable":true,"href":"https:\/\/www.caririemacao.com\/1\/wp-json\/wp\/v2\/media\/302914"}],"wp:attachment":[{"href":"https:\/\/www.caririemacao.com\/1\/wp-json\/wp\/v2\/media?parent=302913"}],"wp:term":[{"taxonomy":"category","embeddable":true,"href":"https:\/\/www.caririemacao.com\/1\/wp-json\/wp\/v2\/categories?post=302913"},{"taxonomy":"post_tag","embeddable":true,"href":"https:\/\/www.caririemacao.com\/1\/wp-json\/wp\/v2\/tags?post=302913"}],"curies":[{"name":"wp","href":"https:\/\/api.w.org\/{rel}","templated":true}]}}