{"id":303014,"date":"2025-08-05T08:20:03","date_gmt":"2025-08-05T11:20:03","guid":{"rendered":"https:\/\/www.caririemacao.com\/1\/?p=303014"},"modified":"2025-08-05T08:20:03","modified_gmt":"2025-08-05T11:20:03","slug":"roberto-carlos-em-joao-pessoa-saiba-tudo-sobre-show-do-rei-na-noite-desta-terca-feira-5","status":"publish","type":"post","link":"https:\/\/www.caririemacao.com\/1\/2025\/08\/05\/roberto-carlos-em-joao-pessoa-saiba-tudo-sobre-show-do-rei-na-noite-desta-terca-feira-5\/","title":{"rendered":"Roberto Carlos em Jo\u00e3o Pessoa: saiba tudo sobre show do Rei, na noite desta ter\u00e7a-feira (5)"},"content":{"rendered":"<div class=\"subtitulo mb-3\"><em><strong>Veja as d\u00favidas mais frequentes e confira orienta\u00e7\u00f5es para que voc\u00ea possa aproveitar o show da melhor maneira, em alus\u00e3o ao anivers\u00e1rio de 440 anos de Jo\u00e3o Pessoa<\/strong><\/em><\/div>\n<div><\/div>\n<div>\n<p>O\u00a0<strong>anivers\u00e1rio de 440 anos de Jo\u00e3o Pessoa<\/strong>\u00a0nesta ter\u00e7a-feira (5) ter\u00e1 um encontro especial entre o p\u00fablico da cidade e o Rei\u00a0<strong>Roberto Carlos<\/strong>. A expectativa \u00e9 que o\u00a0<strong>Busto de Tamandar\u00e9\u00a0<\/strong>receba aproximadamente 400 mil pessoas e a show est\u00e1 previso para \u00e0s 20h.<\/p>\n<h2><strong>Ingressos<\/strong><\/h2>\n<p>Quem quiser aproveitar o show em um espa\u00e7o privilegiado, est\u00e3o sendo vendidos ingressos para a \u00e1rea VIP. Os valores v\u00e3o de\u00a0<strong>R$ 300 at\u00e9 R$ 2.200\u00a0<\/strong>e podem ser adquiridos atrav\u00e9s do\u00a0<a href=\"https:\/\/zig.tickets\/pt-BR\/eventos\/roberto-carlos-no-aniversario-de-joao-pessoa\"><strong>site da empresa Zig Tickets<\/strong><\/a>.<\/p>\n<h2 class=\"wp-block-heading\"><strong>Tr\u00e2nsito<\/strong><\/h2>\n<p>A opera\u00e7\u00e3o come\u00e7a a partir das 5h e se estende durante todo o dia, at\u00e9 ap\u00f3s a finaliza\u00e7\u00e3o da apresenta\u00e7\u00e3o. O ordenamento do tr\u00e2nsito ser\u00e1 feito por 100 agentes de mobilidade, distribu\u00eddos em tr\u00eas turnos, al\u00e9m de servidores de apoio administrativo, 10 viaturas, 25 motocicletas, 6 bicicletas, 250 cones de sinaliza\u00e7\u00e3o e 30 barreiras f\u00edsicas.<\/p>\n<ul class=\"wp-block-list\">\n<li><strong>A partir das 5h:\u00a0<\/strong>Isolamento das \u00e1reas reservadas e proibi\u00e7\u00e3o de estacionamento nos pontos cr\u00edticos.<\/li>\n<li><strong>A partir das 13h<\/strong>\u00a0\u2013 Organiza\u00e7\u00e3o das \u00e1reas para ambulantes e \u00f4nibus; refor\u00e7o das equipes nos principais pontos de circula\u00e7\u00e3o, carga e descarga, al\u00e9m de suporte \u00e0s caravanas e orienta\u00e7\u00e3o aos pedestres.<\/li>\n<li><strong>A partir das 17h<\/strong>\u00a0\u2013 Bloqueios totais nas vias pr\u00f3ximas ao palco, para garantir seguran\u00e7a vi\u00e1ria e espa\u00e7o para viaturas das for\u00e7as de seguran\u00e7a, sa\u00fade e emerg\u00eancia.<\/li>\n<\/ul>\n<h2 class=\"wp-block-heading\"><strong>Linhas de \u00f4nibus<\/strong><\/h2>\n<p>As linhas\u00a0<strong>507 (Cabo Branco)<\/strong>;\u00a0<strong>510 (Tamba\u00fa)<\/strong>;\u00a0<strong>521 (Tamba\u00fa)<\/strong>;\u00a0<strong>1500<\/strong>\u00a0e\u00a0<strong>5100<\/strong>\u00a0<strong>(Circulares)<\/strong>:\u00a0<strong>5600<\/strong>,\u00a0<strong>5603\u00a0<\/strong>e\u00a0<strong>5605\u00a0<\/strong>v\u00e3o atender ao p\u00fablico que desejar ir ao show.<\/p>\n<p>Segundo a\u00a0<strong>Semob-JP<\/strong>, ve\u00edculos extras ser\u00e3o colocados para refor\u00e7ar a demanda e estar\u00e3o circulando mediante a necessidade observada pelos agentes de mobilidade.<\/p>\n<p><strong>Ruas ser\u00e3o bloqueadas<\/strong><\/p>\n<p>As vias do entorno do Largo de Tamba\u00fa, como trechos da\u00a0<strong>Avenida Cabo Branco<\/strong>,\u00a0<strong>Rua Helena Meira Lima<\/strong>,\u00a0<strong>Rua Almirante Tamandar\u00e9<\/strong>\u00a0e adjac\u00eancias, ter\u00e3o circula\u00e7\u00e3o totalmente interrompida a partir das 17h. (<em><strong>veja o mapa explicando as altera\u00e7\u00f5es abaixo<\/strong><\/em>).<\/p>\n<figure class=\"wp-block-image size-full pointer\"><img decoding=\"async\" class=\"img-fluid\" src=\"https:\/\/portalcorreio.com.br\/portalcorreio\/storage\/2025\/07\/e54069b5d8a0be0aaafece790afdf3bc.webp\" alt=\"\" \/><\/figure>\n<h2 class=\"wp-block-heading\"><strong>Crian\u00e7as<\/strong><\/h2>\n<p>Uma das principais recomenda\u00e7\u00f5es \u00e9 voltada para os pais que ir\u00e3o levar crian\u00e7as. \u00c9 importante que os respons\u00e1veis coloquem pulseiras de identifica\u00e7\u00e3o nas crian\u00e7as, com nome e contato dos respons\u00e1veis, para facilitar o reencontro em caso de desencontro.<\/p>\n<h2 class=\"wp-block-heading\"><strong>Alimenta\u00e7\u00e3o<\/strong><\/h2>\n<p>Quem optar por levar comida ou bebida deve evitar recipientes de vidro, que s\u00e3o perfurocortantes, e est\u00e3o proibidos. \u00c9 importante dar prefer\u00eancia a garrafas pl\u00e1sticas e talheres descart\u00e1veis, tanto pela seguran\u00e7a quanto pela praticidade. Isso evita acidentes e colabora com a limpeza do espa\u00e7o.<\/p>\n<h2 class=\"wp-block-heading\"><strong>Seguran\u00e7a<\/strong><\/h2>\n<p>O esquema de seguran\u00e7a contar\u00e1 com o trabalho integrado da\u00a0<strong>Guarda Civil Metropolitana<\/strong>,\u00a0<strong>Pol\u00edcia Militar<\/strong>,\u00a0<strong>Pol\u00edcia Civil<\/strong>,\u00a0<strong>Corpo de Bombeiros<\/strong>,\u00a0<strong>Pol\u00edcia Penal<\/strong>\u00a0e\u00a0<strong>Pol\u00edcia Cient\u00edfica<\/strong>. Est\u00e3o mobilizados cerca de 400 policiais, al\u00e9m de 100 agentes da\u00a0<strong>Guarda Civil<\/strong>, drones de videomonitoramento, viaturas, motos e um \u00f4nibus. C\u00e2meras de reconhecimento facial ser\u00e3o utilizadas em pontos estrat\u00e9gicos. Tamb\u00e9m haver\u00e1 delegacia m\u00f3vel, equipes de flagrante e patrulhamento especializado.<\/p>\n<h2 class=\"wp-block-heading\"><strong>Assist\u00eancia em Sa\u00fade<\/strong><\/h2>\n<p>Para garantir o atendimento em casos de emerg\u00eancia, 29 profissionais do Samu-JP estar\u00e3o atuando no local, com suporte de 2 ambul\u00e2ncias de Suporte Avan\u00e7ado (USA), 2 de Suporte B\u00e1sico (USB), 4 motol\u00e2ncias, 1 Ve\u00edculo de Interven\u00e7\u00e3o R\u00e1pida (VIR) e pontos estrat\u00e9gicos de atendimento na Avenida Cabo Branco e no Busto de Tamandar\u00e9.<\/p>\n<p>FONTE: Portal Correio<\/p>\n<\/div>\n","protected":false},"excerpt":{"rendered":"<p>Veja as d\u00favidas mais frequentes e confira orienta\u00e7\u00f5es para que voc\u00ea possa aproveitar o show da melhor maneira, em alus\u00e3o ao anivers\u00e1rio de 440 anos de Jo\u00e3o Pessoa O\u00a0anivers\u00e1rio de 440 anos de Jo\u00e3o Pessoa\u00a0nesta ter\u00e7a-feira (5) ter\u00e1 um encontro especial entre o p\u00fablico da cidade e o Rei\u00a0Roberto Carlos. A expectativa \u00e9 que o\u00a0Busto de Tamandar\u00e9\u00a0receba aproximadamente 400 mil pessoas e a show est\u00e1 previso para \u00e0s 20h. Ingressos Quem quiser aproveitar o show em um espa\u00e7o privilegiado, est\u00e3o sendo vendidos ingressos para a \u00e1rea VIP. Os valores v\u00e3o de\u00a0R$ 300 at\u00e9 R$ 2.200\u00a0e podem ser adquiridos atrav\u00e9s do\u00a0site da empresa Zig Tickets. Tr\u00e2nsito A opera\u00e7\u00e3o come\u00e7a a partir das 5h e se estende durante todo o dia, at\u00e9 ap\u00f3s a finaliza\u00e7\u00e3o da apresenta\u00e7\u00e3o. O ordenamento do tr\u00e2nsito ser\u00e1 feito por 100 agentes de mobilidade, distribu\u00eddos em tr\u00eas turnos, al\u00e9m de servidores de apoio administrativo, 10 viaturas, 25 motocicletas, 6 bicicletas, 250 cones de sinaliza\u00e7\u00e3o e 30 barreiras f\u00edsicas. A partir das 5h:\u00a0Isolamento das \u00e1reas reservadas e proibi\u00e7\u00e3o de estacionamento nos pontos cr\u00edticos. A partir das 13h\u00a0\u2013 Organiza\u00e7\u00e3o das \u00e1reas para ambulantes e \u00f4nibus; refor\u00e7o das equipes nos principais pontos de circula\u00e7\u00e3o, carga e descarga, al\u00e9m de suporte \u00e0s caravanas e orienta\u00e7\u00e3o aos pedestres. A partir das 17h\u00a0\u2013 Bloqueios totais nas vias pr\u00f3ximas ao palco, para garantir seguran\u00e7a vi\u00e1ria e espa\u00e7o para viaturas das for\u00e7as de seguran\u00e7a, sa\u00fade e emerg\u00eancia. Linhas de \u00f4nibus As linhas\u00a0507 (Cabo Branco);\u00a0510 (Tamba\u00fa);\u00a0521 (Tamba\u00fa);\u00a01500\u00a0e\u00a05100\u00a0(Circulares):\u00a05600,\u00a05603\u00a0e\u00a05605\u00a0v\u00e3o atender ao p\u00fablico que desejar ir ao show. Segundo a\u00a0Semob-JP, ve\u00edculos extras ser\u00e3o colocados para refor\u00e7ar a demanda e estar\u00e3o circulando mediante a necessidade observada pelos agentes de mobilidade. Ruas ser\u00e3o bloqueadas As vias do entorno do Largo de Tamba\u00fa, como trechos da\u00a0Avenida Cabo Branco,\u00a0Rua Helena Meira Lima,\u00a0Rua Almirante Tamandar\u00e9\u00a0e adjac\u00eancias, ter\u00e3o circula\u00e7\u00e3o totalmente interrompida a partir das 17h. (veja o mapa explicando as altera\u00e7\u00f5es abaixo). Crian\u00e7as Uma das principais recomenda\u00e7\u00f5es \u00e9 voltada para os pais que ir\u00e3o levar crian\u00e7as. \u00c9 importante que os respons\u00e1veis coloquem pulseiras de identifica\u00e7\u00e3o nas crian\u00e7as, com nome e contato dos respons\u00e1veis, para facilitar o reencontro em caso de desencontro. Alimenta\u00e7\u00e3o Quem optar por levar comida ou bebida deve evitar recipientes de vidro, que s\u00e3o perfurocortantes, e est\u00e3o proibidos. \u00c9 importante dar prefer\u00eancia a garrafas pl\u00e1sticas e talheres descart\u00e1veis, tanto pela seguran\u00e7a quanto pela praticidade. Isso evita acidentes e colabora com a limpeza do espa\u00e7o. Seguran\u00e7a O esquema de seguran\u00e7a contar\u00e1 com o trabalho integrado da\u00a0Guarda Civil Metropolitana,\u00a0Pol\u00edcia Militar,\u00a0Pol\u00edcia Civil,\u00a0Corpo de Bombeiros,\u00a0Pol\u00edcia Penal\u00a0e\u00a0Pol\u00edcia Cient\u00edfica. Est\u00e3o mobilizados cerca de 400 policiais, al\u00e9m de 100 agentes da\u00a0Guarda Civil, drones de videomonitoramento, viaturas, motos e um \u00f4nibus. C\u00e2meras de reconhecimento facial ser\u00e3o utilizadas em pontos estrat\u00e9gicos. Tamb\u00e9m haver\u00e1 delegacia m\u00f3vel, equipes de flagrante e patrulhamento especializado. Assist\u00eancia em Sa\u00fade Para garantir o atendimento em casos de emerg\u00eancia, 29 profissionais do Samu-JP estar\u00e3o atuando no local, com suporte de 2 ambul\u00e2ncias de Suporte Avan\u00e7ado (USA), 2 de Suporte B\u00e1sico (USB), 4 motol\u00e2ncias, 1 Ve\u00edculo de Interven\u00e7\u00e3o R\u00e1pida (VIR) e pontos estrat\u00e9gicos de atendimento na Avenida Cabo Branco e no Busto de Tamandar\u00e9. FONTE: Portal Correio<\/p>\n","protected":false},"author":6,"featured_media":303015,"comment_status":"closed","ping_status":"closed","sticky":false,"template":"","format":"standard","meta":{"sfsi_plus_gutenberg_text_before_share":"","sfsi_plus_gutenberg_show_text_before_share":"","sfsi_plus_gutenberg_icon_type":"","sfsi_plus_gutenberg_icon_alignemt":"","sfsi_plus_gutenburg_max_per_row":"","footnotes":""},"categories":[50,115],"tags":[],"class_list":["post-303014","post","type-post","status-publish","format-standard","has-post-thumbnail","hentry","category-destaque","category-joao-pessoa"],"_links":{"self":[{"href":"https:\/\/www.caririemacao.com\/1\/wp-json\/wp\/v2\/posts\/303014","targetHints":{"allow":["GET"]}}],"collection":[{"href":"https:\/\/www.caririemacao.com\/1\/wp-json\/wp\/v2\/posts"}],"about":[{"href":"https:\/\/www.caririemacao.com\/1\/wp-json\/wp\/v2\/types\/post"}],"author":[{"embeddable":true,"href":"https:\/\/www.caririemacao.com\/1\/wp-json\/wp\/v2\/users\/6"}],"replies":[{"embeddable":true,"href":"https:\/\/www.caririemacao.com\/1\/wp-json\/wp\/v2\/comments?post=303014"}],"version-history":[{"count":1,"href":"https:\/\/www.caririemacao.com\/1\/wp-json\/wp\/v2\/posts\/303014\/revisions"}],"predecessor-version":[{"id":303016,"href":"https:\/\/www.caririemacao.com\/1\/wp-json\/wp\/v2\/posts\/303014\/revisions\/303016"}],"wp:featuredmedia":[{"embeddable":true,"href":"https:\/\/www.caririemacao.com\/1\/wp-json\/wp\/v2\/media\/303015"}],"wp:attachment":[{"href":"https:\/\/www.caririemacao.com\/1\/wp-json\/wp\/v2\/media?parent=303014"}],"wp:term":[{"taxonomy":"category","embeddable":true,"href":"https:\/\/www.caririemacao.com\/1\/wp-json\/wp\/v2\/categories?post=303014"},{"taxonomy":"post_tag","embeddable":true,"href":"https:\/\/www.caririemacao.com\/1\/wp-json\/wp\/v2\/tags?post=303014"}],"curies":[{"name":"wp","href":"https:\/\/api.w.org\/{rel}","templated":true}]}}