{"id":303044,"date":"2025-08-06T11:16:00","date_gmt":"2025-08-06T14:16:00","guid":{"rendered":"https:\/\/www.caririemacao.com\/1\/?p=303044"},"modified":"2025-08-06T11:16:00","modified_gmt":"2025-08-06T14:16:00","slug":"gurjao-garante-linha-de-credito-a-associacao-de-comerciantes-local","status":"publish","type":"post","link":"https:\/\/www.caririemacao.com\/1\/2025\/08\/06\/gurjao-garante-linha-de-credito-a-associacao-de-comerciantes-local\/","title":{"rendered":"Gurj\u00e3o garante linha de cr\u00e9dito a Associa\u00e7\u00e3o de Comerciantes local"},"content":{"rendered":"<p>A Prefeitura de Gurj\u00e3o, por meio da Sala do Empreendedor, deu mais um passo no fortalecimento do com\u00e9rcio local durante a 23\u00aa edi\u00e7\u00e3o do Bode na Rua, realizada no final de julho. Em parceria com o Empreender PB, foi articulada uma importante a\u00e7\u00e3o para beneficiar a Associa\u00e7\u00e3o dos Comerciantes do munic\u00edpio.<\/p>\n<p>Gra\u00e7as \u00e0 articula\u00e7\u00e3o do prefeito Z\u00e9 Elias e do coordenador da Sala do Empreendedor, Lindo Johnson Nascimento, uma equipe t\u00e9cnica do Empreender PB esteve presente durante o evento realizando inscri\u00e7\u00f5es para concess\u00e3o de cr\u00e9dito. Ao todo, 30 associados da entidade ter\u00e3o acesso a uma linha de financiamento de at\u00e9 R$ 15 mil, com car\u00eancia de 6 a 10 meses para o in\u00edcio do pagamento.<\/p>\n<p><img fetchpriority=\"high\" decoding=\"async\" class=\" wp-image-303046 aligncenter\" src=\"https:\/\/www.caririemacao.com\/1\/wp-content\/uploads\/2025\/08\/WhatsApp-Image-2025-08-06-at-10.04.41-300x200.jpeg\" alt=\"\" width=\"446\" height=\"297\" srcset=\"https:\/\/www.caririemacao.com\/1\/wp-content\/uploads\/2025\/08\/WhatsApp-Image-2025-08-06-at-10.04.41-300x200.jpeg 300w, https:\/\/www.caririemacao.com\/1\/wp-content\/uploads\/2025\/08\/WhatsApp-Image-2025-08-06-at-10.04.41-1280x853.jpeg 1280w, https:\/\/www.caririemacao.com\/1\/wp-content\/uploads\/2025\/08\/WhatsApp-Image-2025-08-06-at-10.04.41-768x512.jpeg 768w, https:\/\/www.caririemacao.com\/1\/wp-content\/uploads\/2025\/08\/WhatsApp-Image-2025-08-06-at-10.04.41-1536x1023.jpeg 1536w, https:\/\/www.caririemacao.com\/1\/wp-content\/uploads\/2025\/08\/WhatsApp-Image-2025-08-06-at-10.04.41.jpeg 1600w\" sizes=\"(max-width: 446px) 100vw, 446px\" \/><\/p>\n<p>O presidente da Associa\u00e7\u00e3o dos Comerciantes, Valdemar Cavalcante, destacou a relev\u00e2ncia da medida: \u201cIsso \u00e9 muito importante para fortalecer o com\u00e9rcio local. Com essas condi\u00e7\u00f5es, n\u00f3s que somos pequenos empreendedores podemos melhorar os neg\u00f3cios com mais oportunidades\u201d.<\/p>\n<p>Com servi\u00e7os como formaliza\u00e7\u00e3o de neg\u00f3cios, emiss\u00e3o de documentos, orienta\u00e7\u00e3o sobre compras governamentais, acesso a cr\u00e9dito e capacita\u00e7\u00e3o, a Sala do Empreendedor de Gurj\u00e3o se consolida como parceira essencial no desenvolvimento econ\u00f4mico e na valoriza\u00e7\u00e3o dos empreendedores do munic\u00edpio, al\u00e9m de se destacar como uma das mais atuantes em todo o estado da Para\u00edba.<\/p>\n","protected":false},"excerpt":{"rendered":"<p>A Prefeitura de Gurj\u00e3o, por meio da Sala do Empreendedor, deu mais um passo no fortalecimento do com\u00e9rcio local durante a 23\u00aa edi\u00e7\u00e3o do Bode na Rua, realizada no final de julho. Em parceria com o Empreender PB, foi articulada uma importante a\u00e7\u00e3o para beneficiar a Associa\u00e7\u00e3o dos Comerciantes do munic\u00edpio. Gra\u00e7as \u00e0 articula\u00e7\u00e3o do prefeito Z\u00e9 Elias e do coordenador da Sala do Empreendedor, Lindo Johnson Nascimento, uma equipe t\u00e9cnica do Empreender PB esteve presente durante o evento realizando inscri\u00e7\u00f5es para concess\u00e3o de cr\u00e9dito. Ao todo, 30 associados da entidade ter\u00e3o acesso a uma linha de financiamento de at\u00e9 R$ 15 mil, com car\u00eancia de 6 a 10 meses para o in\u00edcio do pagamento. O presidente da Associa\u00e7\u00e3o dos Comerciantes, Valdemar Cavalcante, destacou a relev\u00e2ncia da medida: \u201cIsso \u00e9 muito importante para fortalecer o com\u00e9rcio local. Com essas condi\u00e7\u00f5es, n\u00f3s que somos pequenos empreendedores podemos melhorar os neg\u00f3cios com mais oportunidades\u201d. Com servi\u00e7os como formaliza\u00e7\u00e3o de neg\u00f3cios, emiss\u00e3o de documentos, orienta\u00e7\u00e3o sobre compras governamentais, acesso a cr\u00e9dito e capacita\u00e7\u00e3o, a Sala do Empreendedor de Gurj\u00e3o se consolida como parceira essencial no desenvolvimento econ\u00f4mico e na valoriza\u00e7\u00e3o dos empreendedores do munic\u00edpio, al\u00e9m de se destacar como uma das mais atuantes em todo o estado da Para\u00edba.<\/p>\n","protected":false},"author":6,"featured_media":303045,"comment_status":"closed","ping_status":"closed","sticky":false,"template":"","format":"standard","meta":{"sfsi_plus_gutenberg_text_before_share":"","sfsi_plus_gutenberg_show_text_before_share":"","sfsi_plus_gutenberg_icon_type":"","sfsi_plus_gutenberg_icon_alignemt":"","sfsi_plus_gutenburg_max_per_row":"","footnotes":""},"categories":[50,2,77],"tags":[],"class_list":["post-303044","post","type-post","status-publish","format-standard","has-post-thumbnail","hentry","category-destaque","category-geral","category-gurjao"],"_links":{"self":[{"href":"https:\/\/www.caririemacao.com\/1\/wp-json\/wp\/v2\/posts\/303044","targetHints":{"allow":["GET"]}}],"collection":[{"href":"https:\/\/www.caririemacao.com\/1\/wp-json\/wp\/v2\/posts"}],"about":[{"href":"https:\/\/www.caririemacao.com\/1\/wp-json\/wp\/v2\/types\/post"}],"author":[{"embeddable":true,"href":"https:\/\/www.caririemacao.com\/1\/wp-json\/wp\/v2\/users\/6"}],"replies":[{"embeddable":true,"href":"https:\/\/www.caririemacao.com\/1\/wp-json\/wp\/v2\/comments?post=303044"}],"version-history":[{"count":1,"href":"https:\/\/www.caririemacao.com\/1\/wp-json\/wp\/v2\/posts\/303044\/revisions"}],"predecessor-version":[{"id":303047,"href":"https:\/\/www.caririemacao.com\/1\/wp-json\/wp\/v2\/posts\/303044\/revisions\/303047"}],"wp:featuredmedia":[{"embeddable":true,"href":"https:\/\/www.caririemacao.com\/1\/wp-json\/wp\/v2\/media\/303045"}],"wp:attachment":[{"href":"https:\/\/www.caririemacao.com\/1\/wp-json\/wp\/v2\/media?parent=303044"}],"wp:term":[{"taxonomy":"category","embeddable":true,"href":"https:\/\/www.caririemacao.com\/1\/wp-json\/wp\/v2\/categories?post=303044"},{"taxonomy":"post_tag","embeddable":true,"href":"https:\/\/www.caririemacao.com\/1\/wp-json\/wp\/v2\/tags?post=303044"}],"curies":[{"name":"wp","href":"https:\/\/api.w.org\/{rel}","templated":true}]}}