{"id":303102,"date":"2025-08-08T09:31:59","date_gmt":"2025-08-08T12:31:59","guid":{"rendered":"https:\/\/www.caririemacao.com\/1\/?p=303102"},"modified":"2025-08-08T09:31:59","modified_gmt":"2025-08-08T12:31:59","slug":"presidente-da-camara-de-sume-jeffeson-menezes-apresenta-demandas-de-comunidades-rurais-no-incra-pb","status":"publish","type":"post","link":"https:\/\/www.caririemacao.com\/1\/2025\/08\/08\/presidente-da-camara-de-sume-jeffeson-menezes-apresenta-demandas-de-comunidades-rurais-no-incra-pb\/","title":{"rendered":"Presidente da C\u00e2mara de Sum\u00e9, Jeffeson Menezes, apresenta demandas de comunidades rurais no INCRA-PB"},"content":{"rendered":"<p>O presidente da C\u00e2mara Municipal de Sum\u00e9, vereador Jeffeson Menezes, esteve nesta quinta-feira (7) em Jo\u00e3o Pessoa, onde cumpriu agenda oficial no Instituto Nacional de Coloniza\u00e7\u00e3o e Reforma Agr\u00e1ria da Para\u00edba (INCRA-PB). A reuni\u00e3o foi conduzida pelo superintendente Ant\u00f4nio Barbosa e pelo assistente t\u00e9cnico da autarquia, engenheiro agr\u00f4nomo Edvaldo Pereira.<\/p>\n<p>A comitiva contou com a presen\u00e7a de Jonildo Torres, extensionista da Empresa Paraibana de Pesquisa, Extens\u00e3o Rural e Regulariza\u00e7\u00e3o Fundi\u00e1ria (EMPAER-PB); Nena do Lote, presidente do Conselho Municipal de Desenvolvimento Rural Sustent\u00e1vel; Neide, presidente da Associa\u00e7\u00e3o do Assentamento Mandacaru; e Nazar\u00e9, representante da Associa\u00e7\u00e3o Carimbu.<\/p>\n<p>Durante o encontro, foram discutidas e protocoladas demandas como a regulariza\u00e7\u00e3o fundi\u00e1ria de lotes rurais, a constru\u00e7\u00e3o e reforma de moradias em assentamentos, a amplia\u00e7\u00e3o da infraestrutura rural, o incentivo \u00e0 agricultura familiar e o fortalecimento das associa\u00e7\u00f5es comunit\u00e1rias como instrumento de organiza\u00e7\u00e3o social e econ\u00f4mica.<\/p>\n<p>Segundo Jeffeson Menezes, as solicita\u00e7\u00f5es foram constru\u00eddas em conjunto com as comunidades e visam garantir avan\u00e7os concretos para o homem do campo. Ele destacou que manter o di\u00e1logo com \u00f3rg\u00e3os federais \u00e9 essencial para que as propostas se tornem realidade e ressaltou o apoio do prefeito Manezinho Louren\u00e7o no atendimento dessas pautas.<\/p>\n<p>Ascom\/C\u00e2mara<\/p>\n","protected":false},"excerpt":{"rendered":"<p>O presidente da C\u00e2mara Municipal de Sum\u00e9, vereador Jeffeson Menezes, esteve nesta quinta-feira (7) em Jo\u00e3o Pessoa, onde cumpriu agenda oficial no Instituto Nacional de&hellip; <\/p>\n","protected":false},"author":6,"featured_media":303103,"comment_status":"closed","ping_status":"closed","sticky":false,"template":"","format":"standard","meta":{"sfsi_plus_gutenberg_text_before_share":"","sfsi_plus_gutenberg_show_text_before_share":"","sfsi_plus_gutenberg_icon_type":"","sfsi_plus_gutenberg_icon_alignemt":"","sfsi_plus_gutenburg_max_per_row":"","footnotes":""},"categories":[50,2,95],"tags":[],"class_list":["post-303102","post","type-post","status-publish","format-standard","has-post-thumbnail","hentry","category-destaque","category-geral","category-sume"],"_links":{"self":[{"href":"https:\/\/www.caririemacao.com\/1\/wp-json\/wp\/v2\/posts\/303102","targetHints":{"allow":["GET"]}}],"collection":[{"href":"https:\/\/www.caririemacao.com\/1\/wp-json\/wp\/v2\/posts"}],"about":[{"href":"https:\/\/www.caririemacao.com\/1\/wp-json\/wp\/v2\/types\/post"}],"author":[{"embeddable":true,"href":"https:\/\/www.caririemacao.com\/1\/wp-json\/wp\/v2\/users\/6"}],"replies":[{"embeddable":true,"href":"https:\/\/www.caririemacao.com\/1\/wp-json\/wp\/v2\/comments?post=303102"}],"version-history":[{"count":1,"href":"https:\/\/www.caririemacao.com\/1\/wp-json\/wp\/v2\/posts\/303102\/revisions"}],"predecessor-version":[{"id":303105,"href":"https:\/\/www.caririemacao.com\/1\/wp-json\/wp\/v2\/posts\/303102\/revisions\/303105"}],"wp:featuredmedia":[{"embeddable":true,"href":"https:\/\/www.caririemacao.com\/1\/wp-json\/wp\/v2\/media\/303103"}],"wp:attachment":[{"href":"https:\/\/www.caririemacao.com\/1\/wp-json\/wp\/v2\/media?parent=303102"}],"wp:term":[{"taxonomy":"category","embeddable":true,"href":"https:\/\/www.caririemacao.com\/1\/wp-json\/wp\/v2\/categories?post=303102"},{"taxonomy":"post_tag","embeddable":true,"href":"https:\/\/www.caririemacao.com\/1\/wp-json\/wp\/v2\/tags?post=303102"}],"curies":[{"name":"wp","href":"https:\/\/api.w.org\/{rel}","templated":true}]}}