{"id":303181,"date":"2025-08-10T22:13:42","date_gmt":"2025-08-11T01:13:42","guid":{"rendered":"https:\/\/www.caririemacao.com\/1\/?p=303181"},"modified":"2025-08-10T22:13:42","modified_gmt":"2025-08-11T01:13:42","slug":"prefeito-nelsinho-honorato-celebra-sucesso-do-festival-leite-de-cabra-em-coxixola-evento-impecavel","status":"publish","type":"post","link":"https:\/\/www.caririemacao.com\/1\/2025\/08\/10\/prefeito-nelsinho-honorato-celebra-sucesso-do-festival-leite-de-cabra-em-coxixola-evento-impecavel\/","title":{"rendered":"Prefeito Nelsinho Honorato celebra sucesso do Festival Leite de Cabra em Coxixola: &#8220;Evento impec\u00e1vel&#8221;"},"content":{"rendered":"<p data-start=\"143\" data-end=\"434\">O prefeito de Coxixola, Nelsinho Honorato, comemorou o sucesso de mais uma edi\u00e7\u00e3o do Festival Leite de Cabra, que movimentou o munic\u00edpio durante tr\u00eas dias de festa, de 8 a 10 de agosto. O evento contou com uma programa\u00e7\u00e3o diversificada e encerrou neste domingo (10) com recorde de p\u00fablico.<\/p>\n<p data-start=\"436\" data-end=\"860\">Nelsinho destacou a import\u00e2ncia da organiza\u00e7\u00e3o e fez quest\u00e3o de parabenizar toda a equipe da gest\u00e3o municipal.<\/p>\n<p data-start=\"436\" data-end=\"860\">\u201cFoi um evento impec\u00e1vel, fruto do esfor\u00e7o e dedica\u00e7\u00e3o de cada servidor e colaborador. Nosso objetivo foi oferecer ao povo de Coxixola e aos visitantes uma festa segura, bonita e organizada, e conseguimos. Ver o festival bater recorde de p\u00fablico \u00e9 a prova de que estamos no caminho certo\u201d, afirmou o prefeito.<\/p>\n<p data-start=\"436\" data-end=\"860\">\n<p data-start=\"436\" data-end=\"860\"><strong>CARIRI EM A\u00c7\u00c3O<\/strong><\/p>\n<p data-start=\"436\" data-end=\"860\"><em>Fotos: Cariri em A\u00e7\u00e3o<\/em><\/p>\n","protected":false},"excerpt":{"rendered":"<p>O prefeito de Coxixola, Nelsinho Honorato, comemorou o sucesso de mais uma edi\u00e7\u00e3o do Festival Leite de Cabra, que movimentou o munic\u00edpio durante tr\u00eas dias&hellip; <\/p>\n","protected":false},"author":6,"featured_media":303182,"comment_status":"closed","ping_status":"closed","sticky":false,"template":"","format":"standard","meta":{"sfsi_plus_gutenberg_text_before_share":"","sfsi_plus_gutenberg_show_text_before_share":"","sfsi_plus_gutenberg_icon_type":"","sfsi_plus_gutenberg_icon_alignemt":"","sfsi_plus_gutenburg_max_per_row":"","footnotes":""},"categories":[75,50,64,2],"tags":[],"class_list":["post-303181","post","type-post","status-publish","format-standard","has-post-thumbnail","hentry","category-coxixola","category-destaque","category-eventos","category-geral"],"_links":{"self":[{"href":"https:\/\/www.caririemacao.com\/1\/wp-json\/wp\/v2\/posts\/303181","targetHints":{"allow":["GET"]}}],"collection":[{"href":"https:\/\/www.caririemacao.com\/1\/wp-json\/wp\/v2\/posts"}],"about":[{"href":"https:\/\/www.caririemacao.com\/1\/wp-json\/wp\/v2\/types\/post"}],"author":[{"embeddable":true,"href":"https:\/\/www.caririemacao.com\/1\/wp-json\/wp\/v2\/users\/6"}],"replies":[{"embeddable":true,"href":"https:\/\/www.caririemacao.com\/1\/wp-json\/wp\/v2\/comments?post=303181"}],"version-history":[{"count":1,"href":"https:\/\/www.caririemacao.com\/1\/wp-json\/wp\/v2\/posts\/303181\/revisions"}],"predecessor-version":[{"id":303183,"href":"https:\/\/www.caririemacao.com\/1\/wp-json\/wp\/v2\/posts\/303181\/revisions\/303183"}],"wp:featuredmedia":[{"embeddable":true,"href":"https:\/\/www.caririemacao.com\/1\/wp-json\/wp\/v2\/media\/303182"}],"wp:attachment":[{"href":"https:\/\/www.caririemacao.com\/1\/wp-json\/wp\/v2\/media?parent=303181"}],"wp:term":[{"taxonomy":"category","embeddable":true,"href":"https:\/\/www.caririemacao.com\/1\/wp-json\/wp\/v2\/categories?post=303181"},{"taxonomy":"post_tag","embeddable":true,"href":"https:\/\/www.caririemacao.com\/1\/wp-json\/wp\/v2\/tags?post=303181"}],"curies":[{"name":"wp","href":"https:\/\/api.w.org\/{rel}","templated":true}]}}