{"id":303195,"date":"2025-08-11T08:00:46","date_gmt":"2025-08-11T11:00:46","guid":{"rendered":"https:\/\/www.caririemacao.com\/1\/?p=303195"},"modified":"2025-08-11T08:00:46","modified_gmt":"2025-08-11T11:00:46","slug":"tarifaco-governo-lanca-nesta-semana-plano-de-contingencia-para-ajudar-empresarios","status":"publish","type":"post","link":"https:\/\/www.caririemacao.com\/1\/2025\/08\/11\/tarifaco-governo-lanca-nesta-semana-plano-de-contingencia-para-ajudar-empresarios\/","title":{"rendered":"Tarifa\u00e7o: governo lan\u00e7a nesta semana plano de conting\u00eancia para ajudar empres\u00e1rios"},"content":{"rendered":"<div class=\"subtitulo mb-3\"><em><strong>Expectativa \u00e9 de que medidas sejam anunciadas nesta ter\u00e7a-feira (12), segundo previs\u00e3o do vice-presidente, Geraldo Alckmin<\/strong><\/em><\/div>\n<div><\/div>\n<div>\n<p>O governo federal deve divulgar nesta semana o\u00a0plano de conting\u00eancia\u00a0para proteger os setores afetados pelo tarifa\u00e7o de 50% imposto pelos\u00a0Estados Unidos\u00a0a produtos brasileiros. As propostas do Minist\u00e9rio da Fazenda e do Minist\u00e9rio do Desenvolvimento, Ind\u00fastria, Com\u00e9rcio e Servi\u00e7os, em parceria com outras pastas da Esplanada, foram finalizadas na \u00faltima quarta (6) e apresentadas ao presidente\u00a0Luiz In\u00e1cio Lula da Silva.<\/p>\n<p>Segundo o vice-presidente e ministro do Desenvolvimento, Geraldo Alckmin, a expectativa \u00e9 de que o plano seja apresentado j\u00e1 nesta ter\u00e7a-feira (12). Alckmin \u00e9 quem lidera as negocia\u00e7\u00f5es com os\u00a0Estados Unidos\u00a0e quem ouve as principais demandas dos setores brasileiros que ser\u00e3o afetados.<\/p>\n<p>O vice-presidente, em declara\u00e7\u00f5es p\u00fablicas ao longo dos \u00faltimos dias, refor\u00e7ou que o principal objetivo do plano \u00e9 manter os empregos dos trabalhadores.<\/p>\n<p>At\u00e9 o momento, algumas hip\u00f3teses s\u00e3o avaliadas pelo governo: a compra de alimentos perec\u00edveis que seriam exportados para escolas da rede p\u00fablica, al\u00e9m de algum tipo de aux\u00edlio como o que foi aplicado durante a pandemia do Sars-CoV-2, em 2020.<\/p>\n<p>Na semana passada, Alcm explicou que ser\u00e1 estabelecida uma an\u00e1lise setorial, considerando a depend\u00eancia do mercado externo por parte de alguns segmentos. Ele citou o caso do Cear\u00e1, que possui um alto n\u00edvel de exporta\u00e7\u00e3o para o pa\u00eds norte-americano, principalmente no mercado de pescados.<\/p>\n<p>Ainda de acordo com Alckmin, o principal objetivo agora \u00e9 reduzir as al\u00edquotas e excluir o m\u00e1ximo poss\u00edvel do tarifa\u00e7o. Paralelamente, ser\u00e1 implementado um plano de conting\u00eancia para apoiar os setores mais afetados pelas exporta\u00e7\u00f5es para os Estados Unidos.<\/p>\n<p>\u201cMais da metade das exporta\u00e7\u00f5es brasileiras foram exclu\u00eddas, sendo que 45% est\u00e3o fora da ordem executiva, em torno de 18% est\u00e3o na se\u00e7\u00e3o 2-3-2, igual a nossa al\u00edquota e ao mundo. Isso n\u00e3o perde a competitividade. Mas em torno do 37% a 38% \u2014 a\u00ed fica 10% mais 40%\u2014, \u00e9 um n\u00edvel de al\u00edquota alt\u00edssima\u201d, analisou.<\/p>\n<h3 class=\"wp-block-heading\">Negocia\u00e7\u00e3o<\/h3>\n<p>Apesar do in\u00edcio do tarifa\u00e7o, o Brasil segue tentando di\u00e1logo com os EUA. De acordo com Alckmin, a inten\u00e7\u00e3o \u00e9 mostrar que a medida do presidente Donald Trump \u00e9 um \u201cperde-perde\u201d.<\/p>\n<p>\u201c\u00c9 uma coisa ruim tamb\u00e9m para os Estados Unidos, que v\u00e3o encarecer os produtos americanos, romper cadeias produtivas. Se voc\u00ea pegar o caso do a\u00e7o, n\u00f3s somos o terceiro importador do carv\u00e3o sider\u00fargico. Fazemos o a\u00e7o semiplano e vendemos para os Estados Unidos, que fazem o autom\u00f3vel, a m\u00e1quina, o equipamento, o avi\u00e3o. Ent\u00e3o, voc\u00ea tem uma cadeia que acaba sendo encarecida\u201d, constata.<\/p>\n<p>Na \u00faltima quinta-feira, o vice-presidente se reuniu com o encarregado de neg\u00f3cios da Embaixada dos Estados Unidos no Brasil, Gabriel Escobar. No encontro, segundo Alckmin, foi exposta a possibilidade de negociar temas como data center, big techs e minerais estrat\u00e9gicos.<\/p>\n<h4 class=\"wp-block-heading\">Tarifa\u00e7o em vigor<\/h4>\n<p>A tarifa de 50% sobre produtos brasileiros come\u00e7ou a valer na \u00faltima quarta-feira (6), conforme determinado por ordem executiva assinada pelo ex-presidente Donald Trump. A Casa Branca justificou a medida afirmando que o Brasil representa uma \u201camea\u00e7a incomum e extraordin\u00e1ria\u201d \u00e0 seguran\u00e7a nacional e \u00e0 economia americana \u2014 alega\u00e7\u00e3o contestada por autoridades brasileiras.<\/p>\n<p>De acordo com o vice-presidente, cerca de 35,9% das exporta\u00e7\u00f5es brasileiras aos EUA ser\u00e3o atingidas pela nova taxa. Ainda assim, uma s\u00e9rie de produtos foi exclu\u00edda do tarifa\u00e7o, como suco de laranja, aeronaves civis, petr\u00f3leo, ve\u00edculos e pe\u00e7as, fertilizantes e produtos energ\u00e9ticos.<\/p>\n<p>FONTE: Portal Correio<\/p>\n<\/div>\n","protected":false},"excerpt":{"rendered":"<p>Expectativa \u00e9 de que medidas sejam anunciadas nesta ter\u00e7a-feira (12), segundo previs\u00e3o do vice-presidente, Geraldo Alckmin O governo federal deve divulgar nesta semana o\u00a0plano de conting\u00eancia\u00a0para proteger os setores afetados pelo tarifa\u00e7o de 50% imposto pelos\u00a0Estados Unidos\u00a0a produtos brasileiros. As propostas do Minist\u00e9rio da Fazenda e do Minist\u00e9rio do Desenvolvimento, Ind\u00fastria, Com\u00e9rcio e Servi\u00e7os, em parceria com outras pastas da Esplanada, foram finalizadas na \u00faltima quarta (6) e apresentadas ao presidente\u00a0Luiz In\u00e1cio Lula da Silva. Segundo o vice-presidente e ministro do Desenvolvimento, Geraldo Alckmin, a expectativa \u00e9 de que o plano seja apresentado j\u00e1 nesta ter\u00e7a-feira (12). Alckmin \u00e9 quem lidera as negocia\u00e7\u00f5es com os\u00a0Estados Unidos\u00a0e quem ouve as principais demandas dos setores brasileiros que ser\u00e3o afetados. O vice-presidente, em declara\u00e7\u00f5es p\u00fablicas ao longo dos \u00faltimos dias, refor\u00e7ou que o principal objetivo do plano \u00e9 manter os empregos dos trabalhadores. At\u00e9 o momento, algumas hip\u00f3teses s\u00e3o avaliadas pelo governo: a compra de alimentos perec\u00edveis que seriam exportados para escolas da rede p\u00fablica, al\u00e9m de algum tipo de aux\u00edlio como o que foi aplicado durante a pandemia do Sars-CoV-2, em 2020. Na semana passada, Alcm explicou que ser\u00e1 estabelecida uma an\u00e1lise setorial, considerando a depend\u00eancia do mercado externo por parte de alguns segmentos. Ele citou o caso do Cear\u00e1, que possui um alto n\u00edvel de exporta\u00e7\u00e3o para o pa\u00eds norte-americano, principalmente no mercado de pescados. Ainda de acordo com Alckmin, o principal objetivo agora \u00e9 reduzir as al\u00edquotas e excluir o m\u00e1ximo poss\u00edvel do tarifa\u00e7o. Paralelamente, ser\u00e1 implementado um plano de conting\u00eancia para apoiar os setores mais afetados pelas exporta\u00e7\u00f5es para os Estados Unidos. \u201cMais da metade das exporta\u00e7\u00f5es brasileiras foram exclu\u00eddas, sendo que 45% est\u00e3o fora da ordem executiva, em torno de 18% est\u00e3o na se\u00e7\u00e3o 2-3-2, igual a nossa al\u00edquota e ao mundo. Isso n\u00e3o perde a competitividade. Mas em torno do 37% a 38% \u2014 a\u00ed fica 10% mais 40%\u2014, \u00e9 um n\u00edvel de al\u00edquota alt\u00edssima\u201d, analisou. Negocia\u00e7\u00e3o Apesar do in\u00edcio do tarifa\u00e7o, o Brasil segue tentando di\u00e1logo com os EUA. De acordo com Alckmin, a inten\u00e7\u00e3o \u00e9 mostrar que a medida do presidente Donald Trump \u00e9 um \u201cperde-perde\u201d. \u201c\u00c9 uma coisa ruim tamb\u00e9m para os Estados Unidos, que v\u00e3o encarecer os produtos americanos, romper cadeias produtivas. Se voc\u00ea pegar o caso do a\u00e7o, n\u00f3s somos o terceiro importador do carv\u00e3o sider\u00fargico. Fazemos o a\u00e7o semiplano e vendemos para os Estados Unidos, que fazem o autom\u00f3vel, a m\u00e1quina, o equipamento, o avi\u00e3o. Ent\u00e3o, voc\u00ea tem uma cadeia que acaba sendo encarecida\u201d, constata. Na \u00faltima quinta-feira, o vice-presidente se reuniu com o encarregado de neg\u00f3cios da Embaixada dos Estados Unidos no Brasil, Gabriel Escobar. No encontro, segundo Alckmin, foi exposta a possibilidade de negociar temas como data center, big techs e minerais estrat\u00e9gicos. Tarifa\u00e7o em vigor A tarifa de 50% sobre produtos brasileiros come\u00e7ou a valer na \u00faltima quarta-feira (6), conforme determinado por ordem executiva assinada pelo ex-presidente Donald Trump. A Casa Branca justificou a medida afirmando que o Brasil representa uma \u201camea\u00e7a incomum e extraordin\u00e1ria\u201d \u00e0 seguran\u00e7a nacional e \u00e0 economia americana \u2014 alega\u00e7\u00e3o contestada por autoridades brasileiras. De acordo com o vice-presidente, cerca de 35,9% das exporta\u00e7\u00f5es brasileiras aos EUA ser\u00e3o atingidas pela nova taxa. Ainda assim, uma s\u00e9rie de produtos foi exclu\u00edda do tarifa\u00e7o, como suco de laranja, aeronaves civis, petr\u00f3leo, ve\u00edculos e pe\u00e7as, fertilizantes e produtos energ\u00e9ticos. FONTE: Portal Correio<\/p>\n","protected":false},"author":6,"featured_media":303196,"comment_status":"closed","ping_status":"closed","sticky":false,"template":"","format":"standard","meta":{"sfsi_plus_gutenberg_text_before_share":"","sfsi_plus_gutenberg_show_text_before_share":"","sfsi_plus_gutenberg_icon_type":"","sfsi_plus_gutenberg_icon_alignemt":"","sfsi_plus_gutenburg_max_per_row":"","footnotes":""},"categories":[50,2,11],"tags":[],"class_list":["post-303195","post","type-post","status-publish","format-standard","has-post-thumbnail","hentry","category-destaque","category-geral","category-politica"],"_links":{"self":[{"href":"https:\/\/www.caririemacao.com\/1\/wp-json\/wp\/v2\/posts\/303195","targetHints":{"allow":["GET"]}}],"collection":[{"href":"https:\/\/www.caririemacao.com\/1\/wp-json\/wp\/v2\/posts"}],"about":[{"href":"https:\/\/www.caririemacao.com\/1\/wp-json\/wp\/v2\/types\/post"}],"author":[{"embeddable":true,"href":"https:\/\/www.caririemacao.com\/1\/wp-json\/wp\/v2\/users\/6"}],"replies":[{"embeddable":true,"href":"https:\/\/www.caririemacao.com\/1\/wp-json\/wp\/v2\/comments?post=303195"}],"version-history":[{"count":1,"href":"https:\/\/www.caririemacao.com\/1\/wp-json\/wp\/v2\/posts\/303195\/revisions"}],"predecessor-version":[{"id":303197,"href":"https:\/\/www.caririemacao.com\/1\/wp-json\/wp\/v2\/posts\/303195\/revisions\/303197"}],"wp:featuredmedia":[{"embeddable":true,"href":"https:\/\/www.caririemacao.com\/1\/wp-json\/wp\/v2\/media\/303196"}],"wp:attachment":[{"href":"https:\/\/www.caririemacao.com\/1\/wp-json\/wp\/v2\/media?parent=303195"}],"wp:term":[{"taxonomy":"category","embeddable":true,"href":"https:\/\/www.caririemacao.com\/1\/wp-json\/wp\/v2\/categories?post=303195"},{"taxonomy":"post_tag","embeddable":true,"href":"https:\/\/www.caririemacao.com\/1\/wp-json\/wp\/v2\/tags?post=303195"}],"curies":[{"name":"wp","href":"https:\/\/api.w.org\/{rel}","templated":true}]}}