{"id":30333,"date":"2017-10-09T00:28:58","date_gmt":"2017-10-09T03:28:58","guid":{"rendered":"http:\/\/caririemacao.com\/1\/?p=30333"},"modified":"2017-10-09T00:36:10","modified_gmt":"2017-10-09T03:36:10","slug":"pm-detem-quatro-suspeitos-de-trafico-em-santa-cruz-do-capibaribe-um-e-de-sume","status":"publish","type":"post","link":"https:\/\/www.caririemacao.com\/1\/2017\/10\/09\/pm-detem-quatro-suspeitos-de-trafico-em-santa-cruz-do-capibaribe-um-e-de-sume\/","title":{"rendered":"PM det\u00e9m quatro suspeitos de tr\u00e1fico em Santa Cruz do Capibaribe; Um \u00e9 de Sum\u00e9"},"content":{"rendered":"<p>A Pol\u00edcia Militar estava realizando rondas em alguns bairros de Santa Cruz do Capibaribe, na noite deste domingo (08), quando em dado momento foi informada por populares que na Rua dos Pacas, no bairro S\u00e3o Jorge haviam alguns indiv\u00edduos em posse de uma motocicleta roubada.<\/p>\n<p><a href=\"http:\/\/caririemacao.com\/1\/wp-content\/uploads\/2017\/10\/da1ec14a-7649-4f2e-bea2-484c84ef1241.jpg\"><img fetchpriority=\"high\" decoding=\"async\" class=\"aligncenter wp-image-30334 size-full\" src=\"http:\/\/caririemacao.com\/1\/wp-content\/uploads\/2017\/10\/da1ec14a-7649-4f2e-bea2-484c84ef1241.jpg\" alt=\"\" width=\"640\" height=\"383\" srcset=\"https:\/\/www.caririemacao.com\/1\/wp-content\/uploads\/2017\/10\/da1ec14a-7649-4f2e-bea2-484c84ef1241.jpg 640w, https:\/\/www.caririemacao.com\/1\/wp-content\/uploads\/2017\/10\/da1ec14a-7649-4f2e-bea2-484c84ef1241-300x180.jpg 300w\" sizes=\"(max-width: 640px) 100vw, 640px\" \/><\/a><\/p>\n<p>De posse das informa\u00e7\u00f5es o efetivo se deslocou at\u00e9 o local e encontrou a referida motocicleta com restri\u00e7\u00f5es de roubo. Em uma resid\u00eancias nas imedia\u00e7\u00f5es onde o ve\u00edculo foi encontrado os policiais encontraram uma determinada quantia de maconhe dentro deu m vazo sanit\u00e1rio.<\/p>\n<p><a href=\"http:\/\/caririemacao.com\/1\/wp-content\/uploads\/2017\/10\/a0dcab26-8454-4527-87c0-0c734e395ae9.jpg\"><img decoding=\"async\" class=\"wp-image-30335 size-full aligncenter lazyload\" data-src=\"http:\/\/caririemacao.com\/1\/wp-content\/uploads\/2017\/10\/a0dcab26-8454-4527-87c0-0c734e395ae9.jpg\" alt=\"\" width=\"640\" height=\"372\" data-srcset=\"https:\/\/www.caririemacao.com\/1\/wp-content\/uploads\/2017\/10\/a0dcab26-8454-4527-87c0-0c734e395ae9.jpg 640w, https:\/\/www.caririemacao.com\/1\/wp-content\/uploads\/2017\/10\/a0dcab26-8454-4527-87c0-0c734e395ae9-300x174.jpg 300w\" data-sizes=\"(max-width: 640px) 100vw, 640px\" src=\"data:image\/svg+xml;base64,PHN2ZyB3aWR0aD0iMSIgaGVpZ2h0PSIxIiB4bWxucz0iaHR0cDovL3d3dy53My5vcmcvMjAwMC9zdmciPjwvc3ZnPg==\" style=\"--smush-placeholder-width: 640px; --smush-placeholder-aspect-ratio: 640\/372;\" \/><\/a><\/p>\n<p>Ainda sob suspeitas, o efetivo resolveu seguir com as buscas e localizou mais duas por\u00e7\u00f5es de maconha, al\u00e9m de uma outra quantidade dividida em pequenas &#8216;trouxinhas&#8217;. No local foram detidas quatro pessoas suspeitas, dentre elas uma menor de 17.<\/p>\n<p>Alexandre Cavalcante dos Santos, de 38 anos, Eduardo da Silva Cavalcante, de 18 anos,<strong> Wesley de Oliveira Nogueira, de 22 anos, mais conhecido como Panda na cidade de Sum\u00e9, <\/strong>no Cariri paraibano, al\u00e9m de uma adolescente de 17 anos foram levados juntamente com o material apreendido para a Delegacia de Pol\u00edcia do munic\u00edpio.<\/p>\n<p><strong>CARIRI EM A\u00c7\u00c3O<\/strong><\/p>\n<p>Com Blog Bruni Muniz<\/p>\n<p>Fotos:\u00a0Ademilton Silva (Agreg Imagem)<\/p>\n<p>Leia mais not\u00edcias em\u00a0<a href=\"http:\/\/www.caririemacao.com\/\">caririemacao.com<\/a>, siga nossa p\u00e1gina no\u00a0<a href=\"https:\/\/www.facebook.com\/CaririEmAcao\/?ref=aymt_homepage_panel\">Facebook<\/a>,\u00a0<a href=\"https:\/\/www.instagram.com\/cariri_em_acao\/?hl=pt-br\">Instagram<\/a>\u00a0e\u00a0<a href=\"https:\/\/www.youtube.com\/channel\/UCAptA0jQuYQy8vMhLt2m4qg\">Youtube<\/a>\u00a0e veja nossas mat\u00e9rias, v\u00eddeos e fotos. Voc\u00ea tamb\u00e9m pode enviar informa\u00e7\u00f5es \u00e0 Reda\u00e7\u00e3o do Portal Cariri em A\u00e7\u00e3o pelo WhatsApp (83) 9 9634.5791, (83) 9 9601-1162.<\/p>\n","protected":false},"excerpt":{"rendered":"<p>A Pol\u00edcia Militar estava realizando rondas em alguns bairros de Santa Cruz do Capibaribe, na noite deste domingo (08), quando em dado momento foi informada&hellip; <\/p>\n","protected":false},"author":2,"featured_media":30336,"comment_status":"closed","ping_status":"closed","sticky":false,"template":"","format":"standard","meta":{"sfsi_plus_gutenberg_text_before_share":"","sfsi_plus_gutenberg_show_text_before_share":"","sfsi_plus_gutenberg_icon_type":"","sfsi_plus_gutenberg_icon_alignemt":"","sfsi_plus_gutenburg_max_per_row":"","footnotes":""},"categories":[12],"tags":[],"class_list":["post-30333","post","type-post","status-publish","format-standard","has-post-thumbnail","hentry","category-policia"],"_links":{"self":[{"href":"https:\/\/www.caririemacao.com\/1\/wp-json\/wp\/v2\/posts\/30333","targetHints":{"allow":["GET"]}}],"collection":[{"href":"https:\/\/www.caririemacao.com\/1\/wp-json\/wp\/v2\/posts"}],"about":[{"href":"https:\/\/www.caririemacao.com\/1\/wp-json\/wp\/v2\/types\/post"}],"author":[{"embeddable":true,"href":"https:\/\/www.caririemacao.com\/1\/wp-json\/wp\/v2\/users\/2"}],"replies":[{"embeddable":true,"href":"https:\/\/www.caririemacao.com\/1\/wp-json\/wp\/v2\/comments?post=30333"}],"version-history":[{"count":0,"href":"https:\/\/www.caririemacao.com\/1\/wp-json\/wp\/v2\/posts\/30333\/revisions"}],"wp:featuredmedia":[{"embeddable":true,"href":"https:\/\/www.caririemacao.com\/1\/wp-json\/wp\/v2\/media\/30336"}],"wp:attachment":[{"href":"https:\/\/www.caririemacao.com\/1\/wp-json\/wp\/v2\/media?parent=30333"}],"wp:term":[{"taxonomy":"category","embeddable":true,"href":"https:\/\/www.caririemacao.com\/1\/wp-json\/wp\/v2\/categories?post=30333"},{"taxonomy":"post_tag","embeddable":true,"href":"https:\/\/www.caririemacao.com\/1\/wp-json\/wp\/v2\/tags?post=30333"}],"curies":[{"name":"wp","href":"https:\/\/api.w.org\/{rel}","templated":true}]}}