{"id":30344,"date":"2017-10-09T10:10:03","date_gmt":"2017-10-09T13:10:03","guid":{"rendered":"http:\/\/caririemacao.com\/1\/?p=30344"},"modified":"2017-10-09T10:10:03","modified_gmt":"2017-10-09T13:10:03","slug":"ladroes-assaltam-comerciante-em-santo-andre-e-roubam-r-23-mil","status":"publish","type":"post","link":"https:\/\/www.caririemacao.com\/1\/2017\/10\/09\/ladroes-assaltam-comerciante-em-santo-andre-e-roubam-r-23-mil\/","title":{"rendered":"Ladr\u00f5es assaltam comerciante em Santo Andr\u00e9 e roubam R$ 23 mil"},"content":{"rendered":"<p>O comerciante, F\u00e1bio Rom\u00e3o, foi v\u00edtima de assalto na \u00faltima sexta-feira (6) por volta das 20 horas em frente ao cart\u00f3rio e teve uma quantia de aproximadamente R$ 23 mil levados pelos bandidos.<\/p>\n<p>De acordo com informa\u00e7\u00f5es apuradas, F\u00e1bio, \u00e9\u00a0 dono de um mercadinho na cidade de Santo Andr\u00e9, estava de sa\u00edda para Gurj\u00e3o, onde reside e tamb\u00e9m tem com\u00e9rcio, quando tr\u00eas meliantes armados em um Golf de cor prata anunciaram o assalto e levaram o dinheiro.<\/p>\n<p>Em seguida, os marginais fugiram com destino a cidade de Juazeirinho e o comerciantes, em um ato desesperado, ainda os perseguiu, deixando todos preocupados.<\/p>\n<p>Populares tentaram acionar a Pol\u00edcia Militar atrav\u00e9s do n\u00famero 190, mas n\u00e3o obtiveram \u00eaxito e reclamaram bastante nas redes sociais porque se sentem abandonado pelo Governo do Estado na quest\u00e3o da seguran\u00e7a p\u00fablica.<\/p>\n<p>At\u00e9 o momento, os respons\u00e1veis pelo assalto ao comerciante ainda n\u00e3o foram identificados.<\/p>\n<p><strong>CARIRI EM A\u00c7\u00c3O<\/strong><\/p>\n<p><em>Com <strong>heleno lima<\/strong><\/em><\/p>\n<p><strong>Leia mais not\u00edcias em\u00a0<\/strong><a href=\"http:\/\/www.caririemacao.com\/\"><strong>caririemacao.com<\/strong><\/a><strong>, siga nossa p\u00e1gina no\u00a0<\/strong><a href=\"https:\/\/www.facebook.com\/CaririEmAcao\/?ref=aymt_homepage_panel\"><strong>Facebook<\/strong><\/a>,<strong>\u00a0<\/strong><a href=\"https:\/\/www.instagram.com\/cariri_em_acao\/?hl=pt-br\"><strong>Instagram<\/strong><\/a><strong>\u00a0e <\/strong><a href=\"https:\/\/www.youtube.com\/channel\/UCAptA0jQuYQy8vMhLt2m4qg\"><strong>Youtube<\/strong><\/a><strong>\u00a0e veja nossas mat\u00e9rias, v\u00eddeos e fotos. Voc\u00ea tamb\u00e9m pode enviar informa\u00e7\u00f5es \u00e0 Reda\u00e7\u00e3o do Portal Cariri em A\u00e7\u00e3o pelo WhatsApp (83) 9 9634.5791, (83) 9 9601-1162.<\/strong><\/p>\n","protected":false},"excerpt":{"rendered":"<p>O comerciante, F\u00e1bio Rom\u00e3o, foi v\u00edtima de assalto na \u00faltima sexta-feira (6) por volta das 20 horas em frente ao cart\u00f3rio e teve uma quantia&hellip; <\/p>\n","protected":false},"author":2,"featured_media":25619,"comment_status":"closed","ping_status":"closed","sticky":false,"template":"","format":"standard","meta":{"sfsi_plus_gutenberg_text_before_share":"","sfsi_plus_gutenberg_show_text_before_share":"","sfsi_plus_gutenberg_icon_type":"","sfsi_plus_gutenberg_icon_alignemt":"","sfsi_plus_gutenburg_max_per_row":"","footnotes":""},"categories":[12],"tags":[],"class_list":["post-30344","post","type-post","status-publish","format-standard","has-post-thumbnail","hentry","category-policia"],"_links":{"self":[{"href":"https:\/\/www.caririemacao.com\/1\/wp-json\/wp\/v2\/posts\/30344","targetHints":{"allow":["GET"]}}],"collection":[{"href":"https:\/\/www.caririemacao.com\/1\/wp-json\/wp\/v2\/posts"}],"about":[{"href":"https:\/\/www.caririemacao.com\/1\/wp-json\/wp\/v2\/types\/post"}],"author":[{"embeddable":true,"href":"https:\/\/www.caririemacao.com\/1\/wp-json\/wp\/v2\/users\/2"}],"replies":[{"embeddable":true,"href":"https:\/\/www.caririemacao.com\/1\/wp-json\/wp\/v2\/comments?post=30344"}],"version-history":[{"count":0,"href":"https:\/\/www.caririemacao.com\/1\/wp-json\/wp\/v2\/posts\/30344\/revisions"}],"wp:featuredmedia":[{"embeddable":true,"href":"https:\/\/www.caririemacao.com\/1\/wp-json\/wp\/v2\/media\/25619"}],"wp:attachment":[{"href":"https:\/\/www.caririemacao.com\/1\/wp-json\/wp\/v2\/media?parent=30344"}],"wp:term":[{"taxonomy":"category","embeddable":true,"href":"https:\/\/www.caririemacao.com\/1\/wp-json\/wp\/v2\/categories?post=30344"},{"taxonomy":"post_tag","embeddable":true,"href":"https:\/\/www.caririemacao.com\/1\/wp-json\/wp\/v2\/tags?post=30344"}],"curies":[{"name":"wp","href":"https:\/\/api.w.org\/{rel}","templated":true}]}}