{"id":303440,"date":"2025-08-15T20:00:43","date_gmt":"2025-08-15T23:00:43","guid":{"rendered":"https:\/\/www.caririemacao.com\/1\/?p=303440"},"modified":"2025-08-15T20:01:10","modified_gmt":"2025-08-15T23:01:10","slug":"em-barra-de-sao-miguel-procurador-geral-destaca-importancia-de-ricardo-coutinho-para-o-parlamento-brasileiro","status":"publish","type":"post","link":"https:\/\/www.caririemacao.com\/1\/2025\/08\/15\/em-barra-de-sao-miguel-procurador-geral-destaca-importancia-de-ricardo-coutinho-para-o-parlamento-brasileiro\/","title":{"rendered":"Em Barra de S\u00e3o Miguel, Procurador-Geral destaca import\u00e2ncia de Ricardo Coutinho para o parlamento brasileiro"},"content":{"rendered":"<p>Com a aproxima\u00e7\u00e3o das elei\u00e7\u00f5es de 2026, os movimentos pol\u00edticos come\u00e7am a ganhar for\u00e7a em toda a Para\u00edba. Em Barra de S\u00e3o Miguel, o Procurador-Geral do Munic\u00edpio, Marcondes Pinto, avaliou que o ex-governador Ricardo Coutinho dever\u00e1 exercer um papel de grande relev\u00e2ncia no Congresso Nacional.<\/p>\n<p>Segundo ele, a experi\u00eancia pol\u00edtica e a trajet\u00f3ria do ex-governador credenciam Ricardo a ser uma das vozes mais importantes do parlamento brasileiro. <em>\u201cAcredito plenamente que o maior governador da hist\u00f3ria da Para\u00edba, Ricardo Coutinho, ser\u00e1 uma voz extremamente importante para o parlamento brasileiro\u201d<\/em>, afirmou.<\/p>\n<p>Marcondes destacou ainda a proximidade de Coutinho com o presidente Luiz In\u00e1cio Lula da Silva, lembrando que essa alian\u00e7a ter\u00e1 peso no atual cen\u00e1rio pol\u00edtico. <em>\u201cEm tempos de combate estrat\u00e9gico \u00e0 extrema direita, ser\u00e1 de suma import\u00e2ncia ter Coutinho na Casa Legislativa Federal, em defesa do povo e dos direitos sociais\u201d<\/em>, ressaltou.<\/p>\n<p>O procurador tamb\u00e9m enfatizou o legado de Ricardo Coutinho \u00e0 frente do Governo da Para\u00edba. <em>\u201cO homem que levou muito progresso para o nosso estado e realizou a interioriza\u00e7\u00e3o do desenvolvimento em nossas cidades, certamente executar\u00e1 um ex\u00edmio mandato em prol dos que mais precisam\u201d<\/em>, declarou.<\/p>\n<p>Por fim, reafirmou sua convic\u00e7\u00e3o de que Coutinho, caso eleito, ter\u00e1 atua\u00e7\u00e3o voltada ao fortalecimento das pol\u00edticas p\u00fablicas. <em>\u201cN\u00e3o tenho d\u00favidas de que Ricardo Coutinho lutar\u00e1 por pol\u00edticas p\u00fablicas ben\u00e9ficas ao povo da Para\u00edba e do Brasil\u201d<\/em>, concluiu.<\/p>\n<p><strong>Marcondes Pinto<\/strong><\/p>\n<p>Advogado e Procurador-Geral do Munic\u00edpio de Barra de S\u00e3o Miguel\/PB e ex-presidente da Comiss\u00e3o de Direito Penal da OAB Caruaru.<\/p>\n<p><strong><em>Cariri em A\u00e7\u00e3o<\/em><\/strong><\/p>\n","protected":false},"excerpt":{"rendered":"<p>Com a aproxima\u00e7\u00e3o das elei\u00e7\u00f5es de 2026, os movimentos pol\u00edticos come\u00e7am a ganhar for\u00e7a em toda a Para\u00edba. Em Barra de S\u00e3o Miguel, o Procurador-Geral do Munic\u00edpio, Marcondes Pinto, avaliou que o ex-governador Ricardo Coutinho dever\u00e1 exercer um papel de grande relev\u00e2ncia no Congresso Nacional. Segundo ele, a experi\u00eancia pol\u00edtica e a trajet\u00f3ria do ex-governador credenciam Ricardo a ser uma das vozes mais importantes do parlamento brasileiro. \u201cAcredito plenamente que o maior governador da hist\u00f3ria da Para\u00edba, Ricardo Coutinho, ser\u00e1 uma voz extremamente importante para o parlamento brasileiro\u201d, afirmou. Marcondes destacou ainda a proximidade de Coutinho com o presidente Luiz In\u00e1cio Lula da Silva, lembrando que essa alian\u00e7a ter\u00e1 peso no atual cen\u00e1rio pol\u00edtico. \u201cEm tempos de combate estrat\u00e9gico \u00e0 extrema direita, ser\u00e1 de suma import\u00e2ncia ter Coutinho na Casa Legislativa Federal, em defesa do povo e dos direitos sociais\u201d, ressaltou. O procurador tamb\u00e9m enfatizou o legado de Ricardo Coutinho \u00e0 frente do Governo da Para\u00edba. \u201cO homem que levou muito progresso para o nosso estado e realizou a interioriza\u00e7\u00e3o do desenvolvimento em nossas cidades, certamente executar\u00e1 um ex\u00edmio mandato em prol dos que mais precisam\u201d, declarou. Por fim, reafirmou sua convic\u00e7\u00e3o de que Coutinho, caso eleito, ter\u00e1 atua\u00e7\u00e3o voltada ao fortalecimento das pol\u00edticas p\u00fablicas. \u201cN\u00e3o tenho d\u00favidas de que Ricardo Coutinho lutar\u00e1 por pol\u00edticas p\u00fablicas ben\u00e9ficas ao povo da Para\u00edba e do Brasil\u201d, concluiu. Marcondes Pinto Advogado e Procurador-Geral do Munic\u00edpio de Barra de S\u00e3o Miguel\/PB e ex-presidente da Comiss\u00e3o de Direito Penal da OAB Caruaru. Cariri em A\u00e7\u00e3o<\/p>\n","protected":false},"author":6,"featured_media":303445,"comment_status":"closed","ping_status":"closed","sticky":false,"template":"","format":"standard","meta":{"sfsi_plus_gutenberg_text_before_share":"","sfsi_plus_gutenberg_show_text_before_share":"","sfsi_plus_gutenberg_icon_type":"","sfsi_plus_gutenberg_icon_alignemt":"","sfsi_plus_gutenburg_max_per_row":"","footnotes":""},"categories":[144,50,161],"tags":[],"class_list":["post-303440","post","type-post","status-publish","format-standard","has-post-thumbnail","hentry","category-barra-de-sao-miguel","category-destaque","category-eleicoes-2026"],"_links":{"self":[{"href":"https:\/\/www.caririemacao.com\/1\/wp-json\/wp\/v2\/posts\/303440","targetHints":{"allow":["GET"]}}],"collection":[{"href":"https:\/\/www.caririemacao.com\/1\/wp-json\/wp\/v2\/posts"}],"about":[{"href":"https:\/\/www.caririemacao.com\/1\/wp-json\/wp\/v2\/types\/post"}],"author":[{"embeddable":true,"href":"https:\/\/www.caririemacao.com\/1\/wp-json\/wp\/v2\/users\/6"}],"replies":[{"embeddable":true,"href":"https:\/\/www.caririemacao.com\/1\/wp-json\/wp\/v2\/comments?post=303440"}],"version-history":[{"count":2,"href":"https:\/\/www.caririemacao.com\/1\/wp-json\/wp\/v2\/posts\/303440\/revisions"}],"predecessor-version":[{"id":303446,"href":"https:\/\/www.caririemacao.com\/1\/wp-json\/wp\/v2\/posts\/303440\/revisions\/303446"}],"wp:featuredmedia":[{"embeddable":true,"href":"https:\/\/www.caririemacao.com\/1\/wp-json\/wp\/v2\/media\/303445"}],"wp:attachment":[{"href":"https:\/\/www.caririemacao.com\/1\/wp-json\/wp\/v2\/media?parent=303440"}],"wp:term":[{"taxonomy":"category","embeddable":true,"href":"https:\/\/www.caririemacao.com\/1\/wp-json\/wp\/v2\/categories?post=303440"},{"taxonomy":"post_tag","embeddable":true,"href":"https:\/\/www.caririemacao.com\/1\/wp-json\/wp\/v2\/tags?post=303440"}],"curies":[{"name":"wp","href":"https:\/\/api.w.org\/{rel}","templated":true}]}}