{"id":30346,"date":"2017-10-09T10:18:57","date_gmt":"2017-10-09T13:18:57","guid":{"rendered":"http:\/\/caririemacao.com\/1\/?p=30346"},"modified":"2017-10-09T10:18:57","modified_gmt":"2017-10-09T13:18:57","slug":"missa-solene-marca-abertura-da-festa-da-padroeira-de-zabele","status":"publish","type":"post","link":"https:\/\/www.caririemacao.com\/1\/2017\/10\/09\/missa-solene-marca-abertura-da-festa-da-padroeira-de-zabele\/","title":{"rendered":"Missa solene marca abertura da festa da padroeira de Zabel\u00ea"},"content":{"rendered":"<p>Na noite deste domingo (08), com o tema \u201cMaria Modelo de Disc\u00edpula Mission\u00e1ria, Ensina-nos a ser Disc\u00edpulos Mission\u00e1rios de Jesus\u201d teve in\u00edcio a Festa da Padroeira de Zabel\u00ea, Nossa Senhora das Dores, Par\u00f3quia de S\u00e3o Sebasti\u00e3o, a Imagem de Nossa Senhora das Dores, chegou de carreata vinda da Igreja Matriz de S\u00e3o Sebasti\u00e3o, por volta das 19:00hs e seguiu em Prociss\u00e3o at\u00e9 a Igreja.<\/p>\n<p>A Missa Solene de Abertura foi Presidida pelo Padre Tiago de Mac\u00eado Felix, Vig\u00e1rio Paroquial, Par\u00f3q<span class=\"text_exposed_show\">uia Nossa Senhora de F\u00e1tima Campina Grande e Concelebrada pelo Padre Adauto. A anima\u00e7\u00e3o ficou por conta do Coral Contate D\u00f4mine da Par\u00f3quia de Sum\u00e9.<\/span><\/p>\n<div class=\"text_exposed_show\">\n<p>Estamos no m\u00eas de outubro, tempo em que a Igreja nos convida a refletir sobre a necessidade de difundir o evangelho.O mundo est\u00e1 cheio de conflitos, necessitando urgentemente de mais di\u00e1logo, de pessoas corajosas, que n\u00e3o se curvam diante os desafios, que n\u00e3o se calam diante as injusti\u00e7as, porque acreditam na for\u00e7a da palavra de Deus e do testemunho!<\/p>\n<p><strong>CARIRI EM A\u00c7\u00c3O<\/strong><\/p>\n<p><em>Com Blog do Didi\/Foto: Reprodu\u00e7\u00e3o<\/em><\/p>\n<p><strong>Leia mais not\u00edcias em\u00a0<\/strong><a href=\"http:\/\/www.caririemacao.com\/\"><strong>caririemacao.com<\/strong><\/a><strong>, siga nossa p\u00e1gina no\u00a0<\/strong><a href=\"https:\/\/www.facebook.com\/CaririEmAcao\/?ref=aymt_homepage_panel\"><strong>Facebook<\/strong><\/a>,<strong>\u00a0<\/strong><a href=\"https:\/\/www.instagram.com\/cariri_em_acao\/?hl=pt-br\"><strong>Instagram<\/strong><\/a><strong>\u00a0e <\/strong><a href=\"https:\/\/www.youtube.com\/channel\/UCAptA0jQuYQy8vMhLt2m4qg\"><strong>Youtube<\/strong><\/a><strong>\u00a0e veja nossas mat\u00e9rias, v\u00eddeos e fotos. Voc\u00ea tamb\u00e9m pode enviar informa\u00e7\u00f5es \u00e0 Reda\u00e7\u00e3o do Portal Cariri em A\u00e7\u00e3o pelo WhatsApp (83) 9 9634.5791, (83) 9 9601-1162.<\/strong><\/p>\n<\/div>\n","protected":false},"excerpt":{"rendered":"<p>Na noite deste domingo (08), com o tema \u201cMaria Modelo de Disc\u00edpula Mission\u00e1ria, Ensina-nos a ser Disc\u00edpulos Mission\u00e1rios de Jesus\u201d teve in\u00edcio a Festa da&hellip; <\/p>\n","protected":false},"author":2,"featured_media":30347,"comment_status":"closed","ping_status":"closed","sticky":false,"template":"","format":"standard","meta":{"sfsi_plus_gutenberg_text_before_share":"","sfsi_plus_gutenberg_show_text_before_share":"","sfsi_plus_gutenberg_icon_type":"","sfsi_plus_gutenberg_icon_alignemt":"","sfsi_plus_gutenburg_max_per_row":"","footnotes":""},"categories":[6],"tags":[],"class_list":["post-30346","post","type-post","status-publish","format-standard","has-post-thumbnail","hentry","category-cidades"],"_links":{"self":[{"href":"https:\/\/www.caririemacao.com\/1\/wp-json\/wp\/v2\/posts\/30346","targetHints":{"allow":["GET"]}}],"collection":[{"href":"https:\/\/www.caririemacao.com\/1\/wp-json\/wp\/v2\/posts"}],"about":[{"href":"https:\/\/www.caririemacao.com\/1\/wp-json\/wp\/v2\/types\/post"}],"author":[{"embeddable":true,"href":"https:\/\/www.caririemacao.com\/1\/wp-json\/wp\/v2\/users\/2"}],"replies":[{"embeddable":true,"href":"https:\/\/www.caririemacao.com\/1\/wp-json\/wp\/v2\/comments?post=30346"}],"version-history":[{"count":0,"href":"https:\/\/www.caririemacao.com\/1\/wp-json\/wp\/v2\/posts\/30346\/revisions"}],"wp:featuredmedia":[{"embeddable":true,"href":"https:\/\/www.caririemacao.com\/1\/wp-json\/wp\/v2\/media\/30347"}],"wp:attachment":[{"href":"https:\/\/www.caririemacao.com\/1\/wp-json\/wp\/v2\/media?parent=30346"}],"wp:term":[{"taxonomy":"category","embeddable":true,"href":"https:\/\/www.caririemacao.com\/1\/wp-json\/wp\/v2\/categories?post=30346"},{"taxonomy":"post_tag","embeddable":true,"href":"https:\/\/www.caririemacao.com\/1\/wp-json\/wp\/v2\/tags?post=30346"}],"curies":[{"name":"wp","href":"https:\/\/api.w.org\/{rel}","templated":true}]}}