{"id":30369,"date":"2017-10-09T07:38:19","date_gmt":"2017-10-09T10:38:19","guid":{"rendered":"http:\/\/caririemacao.com\/1\/?p=30369"},"modified":"2017-10-09T11:42:35","modified_gmt":"2017-10-09T14:42:35","slug":"agu-da-parecer-favoravel-a-aecio-neves-em-acao-no-stf","status":"publish","type":"post","link":"https:\/\/www.caririemacao.com\/1\/2017\/10\/09\/agu-da-parecer-favoravel-a-aecio-neves-em-acao-no-stf\/","title":{"rendered":"AGU d\u00e1 parecer favor\u00e1vel a A\u00e9cio Neves em a\u00e7\u00e3o no STF"},"content":{"rendered":"<p>A advogada-geral da Uni\u00e3o, Grace Mendon\u00e7a, encaminhou na \u00faltima sexta-feira (6) parecer ao Supremo Tribunal Federal (STF), segundo o qual n\u00e3o pode determinar a aplica\u00e7\u00e3o contra parlamentares de medidas cautelares diversas da pris\u00e3o preventiva.<\/p>\n<p>O parecer, elaborado por tr\u00eas advogados da Uni\u00e3o e chancelado por Grace, foi entregue dentro da A\u00e7\u00e3o Direta de Inconstitucionalidade em que o STF deve dar um entendimento final sobre o assunto. O julgamento est\u00e1 marcado para quarta-feira (11).<\/p>\n<p>Na pe\u00e7a, a AGU argumenta que se o artigo 53 da Constitui\u00e7\u00e3o veta expressamente a pris\u00e3o preventiva de parlamentares \u2013 salvo os casos de flagrante de crime inafian\u00e7\u00e1vel \u2013, n\u00e3o se poderia aplicar as medidas cautelares, previstas no C\u00f3digo de Processo Penal, como alternativas \u00e0 pris\u00e3o, uma vez que esta n\u00e3o \u00e9 cab\u00edvel desde o princ\u00edpio.<\/p>\n<p>\u201cOra, se em desfavor do parlamentar n\u00e3o pode ser decretada pris\u00e3o preventiva, por certo tamb\u00e9m que n\u00e3o cabe a fixa\u00e7\u00e3o de medida cautelar diversa que somente \u00e9 cab\u00edvel quando presente situa\u00e7\u00e3o que justifique aquela modalidade de pris\u00e3o cautelar\u201d, diz o texto.<\/p>\n<p>A ADI sobre o assunto foi pautada para ser julgada esta semana pela presidente do STF, ministra C\u00e1rmen L\u00facia, ap\u00f3s o Senado ter amea\u00e7ado rever o afastamento de A\u00e9cio Neves de seu mandato parlamentar, medida determinada no \u00faltimo dia 26 de setembro pela Primeira Turma da Corte.<\/p>\n<p>Na a\u00e7\u00e3o, os partidos Progressista (PP) e Social Crist\u00e3o (PSC) e Solidariedade (SD) pedem que seja submetida em 24 horas ao Congresso Nacional qualquer medida cautelar prevista C\u00f3digo de Processo Penal (CPP) que o STF queira impor contra qualquer parlamentar.<\/p>\n<p><strong>CARIRI EM A\u00c7\u00c3O<\/strong><\/p>\n<p><em>Com Ag\u00eancia Brasil\/Foto:Jos\u00e9 Cruz\/Ag\u00eancia Brasil<\/em><\/p>\n<p><strong>Leia mais not\u00edcias em\u00a0<\/strong><a href=\"http:\/\/www.caririemacao.com\/\"><strong>caririemacao.com<\/strong><\/a><strong>, siga nossa p\u00e1gina no\u00a0<\/strong><a href=\"https:\/\/www.facebook.com\/CaririEmAcao\/?ref=aymt_homepage_panel\"><strong>Facebook<\/strong><\/a>,<strong>\u00a0<\/strong><a href=\"https:\/\/www.instagram.com\/cariri_em_acao\/?hl=pt-br\"><strong>Instagram<\/strong><\/a><strong>\u00a0e <\/strong><a href=\"https:\/\/www.youtube.com\/channel\/UCAptA0jQuYQy8vMhLt2m4qg\"><strong>Youtube<\/strong><\/a><strong>\u00a0e veja nossas mat\u00e9rias, v\u00eddeos e fotos. Voc\u00ea tamb\u00e9m pode enviar informa\u00e7\u00f5es \u00e0 Reda\u00e7\u00e3o do Portal Cariri em A\u00e7\u00e3o pelo WhatsApp (83) 9 9634.5791, (83) 9 9601-1162.<\/strong><\/p>\n","protected":false},"excerpt":{"rendered":"<p>A advogada-geral da Uni\u00e3o, Grace Mendon\u00e7a, encaminhou na \u00faltima sexta-feira (6) parecer ao Supremo Tribunal Federal (STF), segundo o qual n\u00e3o pode determinar a aplica\u00e7\u00e3o&hellip; <\/p>\n","protected":false},"author":2,"featured_media":30370,"comment_status":"closed","ping_status":"closed","sticky":false,"template":"","format":"standard","meta":{"sfsi_plus_gutenberg_text_before_share":"","sfsi_plus_gutenberg_show_text_before_share":"","sfsi_plus_gutenberg_icon_type":"","sfsi_plus_gutenberg_icon_alignemt":"","sfsi_plus_gutenburg_max_per_row":"","footnotes":""},"categories":[2],"tags":[],"class_list":["post-30369","post","type-post","status-publish","format-standard","has-post-thumbnail","hentry","category-geral"],"_links":{"self":[{"href":"https:\/\/www.caririemacao.com\/1\/wp-json\/wp\/v2\/posts\/30369","targetHints":{"allow":["GET"]}}],"collection":[{"href":"https:\/\/www.caririemacao.com\/1\/wp-json\/wp\/v2\/posts"}],"about":[{"href":"https:\/\/www.caririemacao.com\/1\/wp-json\/wp\/v2\/types\/post"}],"author":[{"embeddable":true,"href":"https:\/\/www.caririemacao.com\/1\/wp-json\/wp\/v2\/users\/2"}],"replies":[{"embeddable":true,"href":"https:\/\/www.caririemacao.com\/1\/wp-json\/wp\/v2\/comments?post=30369"}],"version-history":[{"count":0,"href":"https:\/\/www.caririemacao.com\/1\/wp-json\/wp\/v2\/posts\/30369\/revisions"}],"wp:featuredmedia":[{"embeddable":true,"href":"https:\/\/www.caririemacao.com\/1\/wp-json\/wp\/v2\/media\/30370"}],"wp:attachment":[{"href":"https:\/\/www.caririemacao.com\/1\/wp-json\/wp\/v2\/media?parent=30369"}],"wp:term":[{"taxonomy":"category","embeddable":true,"href":"https:\/\/www.caririemacao.com\/1\/wp-json\/wp\/v2\/categories?post=30369"},{"taxonomy":"post_tag","embeddable":true,"href":"https:\/\/www.caririemacao.com\/1\/wp-json\/wp\/v2\/tags?post=30369"}],"curies":[{"name":"wp","href":"https:\/\/api.w.org\/{rel}","templated":true}]}}