{"id":303935,"date":"2025-08-27T11:01:37","date_gmt":"2025-08-27T14:01:37","guid":{"rendered":"https:\/\/www.caririemacao.com\/1\/?p=303935"},"modified":"2025-08-27T11:01:37","modified_gmt":"2025-08-27T14:01:37","slug":"gastronomia-genetica-e-negocios-exposicao-transforma-prata-no-epicentro-da-caprinocultura-nacional","status":"publish","type":"post","link":"https:\/\/www.caririemacao.com\/1\/2025\/08\/27\/gastronomia-genetica-e-negocios-exposicao-transforma-prata-no-epicentro-da-caprinocultura-nacional\/","title":{"rendered":"Gastronomia, gen\u00e9tica e neg\u00f3cios: Exposi\u00e7\u00e3o transforma Prata no epicentro da caprinocultura nacional"},"content":{"rendered":"<p style=\"text-align: center;\"><em>Com recorde de inscri\u00e7\u00f5es, 1\u00ba Festival Gastron\u00f4mico e R$ 100 mil em pr\u00eamios, 11\u00aa Expoprata fortalece o empreendedorismo<\/em><\/p>\n<p>A cidade de Prata, no cariri da Para\u00edba, j\u00e1 est\u00e1 no radar nacional do agroneg\u00f3cio e da cultura nordestina. Come\u00e7a nesta quarta-feira (27) e vai at\u00e9 domingo (31) a 11\u00aa Exposi\u00e7\u00e3o de Caprinos e Ovinos (Expoprata), que este ano chega com novidades que unem tradi\u00e7\u00e3o, inova\u00e7\u00e3o e oportunidades de neg\u00f3cios. O evento \u00e9 realizado pela Prefeitura de Prata, Minist\u00e9rio da Agricultura (Mapa) e Sebrae\/PB, al\u00e9m de outros parceiros.<\/p>\n<p>Entre os grandes destaques est\u00e3o o in\u00e9dito 1\u00ba Festival Gastron\u00f4mico Cores &amp; Sabores do Cariri, a tradicional Exposi\u00e7\u00e3o Nacional da Cabra Leiteira da ABCC e a 16\u00aa etapa do Circuito Apacco 2025, com foco em gen\u00e9tica e produtividade animal. A programa\u00e7\u00e3o inclui ainda rodadas de neg\u00f3cios, oficinas, cursos, eventos culturais e shows musicais todas as noites.<\/p>\n<p><img fetchpriority=\"high\" decoding=\"async\" class=\" wp-image-303938 aligncenter\" src=\"https:\/\/www.caririemacao.com\/1\/wp-content\/uploads\/2025\/08\/WhatsApp-Image-2025-08-27-at-10.52.01-300x200.jpeg\" alt=\"\" width=\"371\" height=\"247\" srcset=\"https:\/\/www.caririemacao.com\/1\/wp-content\/uploads\/2025\/08\/WhatsApp-Image-2025-08-27-at-10.52.01-300x200.jpeg 300w, https:\/\/www.caririemacao.com\/1\/wp-content\/uploads\/2025\/08\/WhatsApp-Image-2025-08-27-at-10.52.01-768x512.jpeg 768w, https:\/\/www.caririemacao.com\/1\/wp-content\/uploads\/2025\/08\/WhatsApp-Image-2025-08-27-at-10.52.01.jpeg 1280w\" sizes=\"(max-width: 371px) 100vw, 371px\" \/><\/p>\n<p>\u201cEssa procura pelo evento n\u00e3o est\u00e1vamos esperando, mas acolhemos a todos que chegaram, no intuito de fazer um grandioso evento, agradando a todos os criadores da regi\u00e3o\u201d, destacou o prefeito Genivaldo Temb\u00f3rio, ap\u00f3s o an\u00fancio das 280 baias vendidas \u2014 um recorde hist\u00f3rico.<\/p>\n<p>O Festival Gastron\u00f4mico j\u00e1 come\u00e7ou na \u00faltima semana com o curso \u201cSabores e Poesia\u201d, ministrado pelo chef Aur\u00e9lio, que uniu a culin\u00e1ria caprina com a identidade cultural da regi\u00e3o. Os alunos do curso tiveram prioridade para disputar o 5\u00ba Concurso Gastron\u00f4mico, marcado para a sexta-feira (29), com pratos \u00e0 base de carne e leite de cabra ou ovelha.<\/p>\n<p>A iniciativa fortalece o empreendedorismo rural e a agrega\u00e7\u00e3o de valor \u00e0 produ\u00e7\u00e3o caprina, um dos eixos estrat\u00e9gicos apoiados pelo Sebrae\/PB e pelo programa Empreender PB.<\/p>\n<p><strong>Gen\u00e9tica de ponta e neg\u00f3cios milion\u00e1rios<\/strong><\/p>\n<p>A 13\u00aa Exposi\u00e7\u00e3o Nacional das Cabras Leiteiras, organizada pela Associa\u00e7\u00e3o Brasileira de Criadores de Cabras (ABCC), trar\u00e1 criadores de destaque do Nordeste e promete acirrar a disputa no torneio leiteiro, com R$ 100 mil em pr\u00eamios. A etapa do Circuito Apacco, por sua vez, garante o controle t\u00e9cnico da qualidade gen\u00e9tica dos animais.<\/p>\n<p>Esses eventos n\u00e3o apenas atraem visitantes e investidores, mas tamb\u00e9m impulsionam novos neg\u00f3cios e parcerias comerciais, movimentando a cadeia produtiva da caprinocultura que j\u00e1 transforma a realidade de centenas de fam\u00edlias no cariri.<\/p>\n<p><strong>Cultura e tradi\u00e7\u00e3o como diferencial<\/strong><\/p>\n<p>A abertura oficial da Expoprata ter\u00e1 o 5\u00ba Festival de Violeiros, reunindo seis duplas de repentistas que prometem emocionar o p\u00fablico com poesia e improviso. A noite ser\u00e1 encerrada com show do cantor local Jackson Monteiro, representando a musicalidade caririzeira.<\/p>\n<p><img decoding=\"async\" class=\"wp-image-303939 aligncenter lazyload\" data-src=\"https:\/\/www.caririemacao.com\/1\/wp-content\/uploads\/2025\/08\/WhatsApp-Image-2025-08-27-at-10.51.24-1-300x200.jpeg\" alt=\"\" width=\"446\" height=\"297\" data-srcset=\"https:\/\/www.caririemacao.com\/1\/wp-content\/uploads\/2025\/08\/WhatsApp-Image-2025-08-27-at-10.51.24-1-300x200.jpeg 300w, https:\/\/www.caririemacao.com\/1\/wp-content\/uploads\/2025\/08\/WhatsApp-Image-2025-08-27-at-10.51.24-1-768x512.jpeg 768w, https:\/\/www.caririemacao.com\/1\/wp-content\/uploads\/2025\/08\/WhatsApp-Image-2025-08-27-at-10.51.24-1.jpeg 1280w\" data-sizes=\"(max-width: 446px) 100vw, 446px\" src=\"data:image\/svg+xml;base64,PHN2ZyB3aWR0aD0iMSIgaGVpZ2h0PSIxIiB4bWxucz0iaHR0cDovL3d3dy53My5vcmcvMjAwMC9zdmciPjwvc3ZnPg==\" style=\"--smush-placeholder-width: 446px; --smush-placeholder-aspect-ratio: 446\/297;\" \/><\/p>\n<p>Al\u00e9m disso, todas as noites haver\u00e1 shows ao vivo, o que garante o envolvimento da comunidade e o fortalecimento do turismo regional.<\/p>\n<p><strong>Evento multicanal e digital<\/strong><\/p>\n<p>Montada na avenida principal da cidade, a Expoprata tamb\u00e9m aposta na transmiss\u00e3o ao vivo via TV do Bode, no YouTube, Facebook e Instagram, facilitando o acesso de criadores, investidores e curiosos de todo o Brasil. Acompanhe tudo pelo Instagram oficial: https:\/\/www.instagram.com\/expoprataa?igsh=MXA2dmpyZTc2cjl6bw==.<\/p>\n<p>A 11\u00aa Expoprata \u00e9 realizada tamb\u00e9m em parceria com a Empaer, Secretaria de Estado da Agricultura, Banco do Nordeste, Banco do Brasil, Sicoob, Sicredi e o programa Empreender PB. Apoiam tamb\u00e9m a iniciativa Senar, Faepa, PBTur, Apacco, ABCC, Arco e Acoop, com patroc\u00ednio de empresas como Via Leste, Maravilha Motos, Da Fonte Tratores e Valtra.<\/p>\n<p>\u201cA Expoprata n\u00e3o \u00e9 apenas uma exposi\u00e7\u00e3o, mas uma transforma\u00e7\u00e3o da cidade de Prata numa plataforma de refer\u00eancia \u00e0 inova\u00e7\u00e3o rural e uma vitrine viva do empreendedor nordestino\u201d, concluiu Madalena Arruda, gerente da ag\u00eancia regional do Sebrae\/PB em Monteiro.<\/p>\n<p><strong>Expoprata em n\u00fameros<\/strong><\/p>\n<p>\u2022 280 baias vendidas (recorde);<br \/>\n\u2022 R$ 100 mil em premia\u00e7\u00f5es;<br \/>\n\u2022 1\u00ba Festival Gastron\u00f4mico Cores &amp; Sabores;<br \/>\n\u2022 5\u00ba Festival de Violeiros;<br \/>\n\u2022 Etapa nacional de gen\u00e9tica (Circuito Apacco);<br \/>\n\u2022 Mais de 20 institui\u00e7\u00f5es parceiras.<\/p>\n<p>&nbsp;<\/p>\n<p>Fotos: Leandro Vasconcelos\/ Ascom Sebrae\/PB<\/p>\n","protected":false},"excerpt":{"rendered":"<p>Com recorde de inscri\u00e7\u00f5es, 1\u00ba Festival Gastron\u00f4mico e R$ 100 mil em pr\u00eamios, 11\u00aa Expoprata fortalece o empreendedorismo A cidade de Prata, no cariri da&hellip; <\/p>\n","protected":false},"author":6,"featured_media":303937,"comment_status":"closed","ping_status":"closed","sticky":false,"template":"","format":"standard","meta":{"sfsi_plus_gutenberg_text_before_share":"","sfsi_plus_gutenberg_show_text_before_share":"","sfsi_plus_gutenberg_icon_type":"","sfsi_plus_gutenberg_icon_alignemt":"","sfsi_plus_gutenburg_max_per_row":"","footnotes":""},"categories":[50,2,85],"tags":[],"class_list":["post-303935","post","type-post","status-publish","format-standard","has-post-thumbnail","hentry","category-destaque","category-geral","category-prata"],"_links":{"self":[{"href":"https:\/\/www.caririemacao.com\/1\/wp-json\/wp\/v2\/posts\/303935","targetHints":{"allow":["GET"]}}],"collection":[{"href":"https:\/\/www.caririemacao.com\/1\/wp-json\/wp\/v2\/posts"}],"about":[{"href":"https:\/\/www.caririemacao.com\/1\/wp-json\/wp\/v2\/types\/post"}],"author":[{"embeddable":true,"href":"https:\/\/www.caririemacao.com\/1\/wp-json\/wp\/v2\/users\/6"}],"replies":[{"embeddable":true,"href":"https:\/\/www.caririemacao.com\/1\/wp-json\/wp\/v2\/comments?post=303935"}],"version-history":[{"count":1,"href":"https:\/\/www.caririemacao.com\/1\/wp-json\/wp\/v2\/posts\/303935\/revisions"}],"predecessor-version":[{"id":303940,"href":"https:\/\/www.caririemacao.com\/1\/wp-json\/wp\/v2\/posts\/303935\/revisions\/303940"}],"wp:featuredmedia":[{"embeddable":true,"href":"https:\/\/www.caririemacao.com\/1\/wp-json\/wp\/v2\/media\/303937"}],"wp:attachment":[{"href":"https:\/\/www.caririemacao.com\/1\/wp-json\/wp\/v2\/media?parent=303935"}],"wp:term":[{"taxonomy":"category","embeddable":true,"href":"https:\/\/www.caririemacao.com\/1\/wp-json\/wp\/v2\/categories?post=303935"},{"taxonomy":"post_tag","embeddable":true,"href":"https:\/\/www.caririemacao.com\/1\/wp-json\/wp\/v2\/tags?post=303935"}],"curies":[{"name":"wp","href":"https:\/\/api.w.org\/{rel}","templated":true}]}}